{"id":82740,"date":"2026-04-29T08:26:44","date_gmt":"2026-04-29T07:26:44","guid":{"rendered":"https:\/\/herzogtum-direkt.de\/?p=82740"},"modified":"2026-04-29T08:26:44","modified_gmt":"2026-04-29T07:26:44","slug":"nichts-ueber-uns-ohne-uns-moelln-wird-zum-vorbild-fuer-gelebte-inklusion","status":"publish","type":"post","link":"https:\/\/herzogtum-direkt.de\/index.php\/2026\/04\/29\/nichts-ueber-uns-ohne-uns-moelln-wird-zum-vorbild-fuer-gelebte-inklusion\/","title":{"rendered":"\u201aNichts \u00fcber uns ohne uns\u2018 \u2013 M\u00f6lln wird zum Vorbild f\u00fcr gelebte Inklusion"},"content":{"rendered":"<p><strong>M\u00f6lln (pm).<\/strong> Ein Blick hinter die Kulissen mit Signalwirkung: Beim sogenannten \u201eSchulterblick\u201c am 21. April zeigte das Projekt \u201eM\u00f6lln Inklusiv\u201c, wie moderne Inklusionsarbeit heute aussehen kann \u2013 praxisnah, selbstbestimmt und mit echtem Modellcharakter. Vertreterinnen und Vertreter von Aktion Mensch sowie der Staatskanzlei Schleswig-Holstein informierten sich vor Ort \u00fcber die beeindruckenden Fortschritte in der Eulenspiegelstadt.<\/p>\n<figure id=\"attachment_1092\" aria-describedby=\"caption-attachment-1092\" style=\"width: 627px\" class=\"wp-caption alignnone\"><img fetchpriority=\"high\" decoding=\"async\" class=\" wp-image-1092\" src=\"https:\/\/herzogtum-direkt.de\/wp-content\/uploads\/2018\/02\/IMG_7688-300x200.jpg\" alt=\"\" width=\"627\" height=\"418\" srcset=\"https:\/\/herzogtum-direkt.de\/wp-content\/uploads\/2018\/02\/IMG_7688-300x200.jpg 300w, https:\/\/herzogtum-direkt.de\/wp-content\/uploads\/2018\/02\/IMG_7688-768x512.jpg 768w, https:\/\/herzogtum-direkt.de\/wp-content\/uploads\/2018\/02\/IMG_7688-1024x683.jpg 1024w, https:\/\/herzogtum-direkt.de\/wp-content\/uploads\/2018\/02\/IMG_7688-696x464.jpg 696w, https:\/\/herzogtum-direkt.de\/wp-content\/uploads\/2018\/02\/IMG_7688-1068x712.jpg 1068w, https:\/\/herzogtum-direkt.de\/wp-content\/uploads\/2018\/02\/IMG_7688-630x420.jpg 630w\" sizes=\"(max-width: 627px) 100vw, 627px\" \/><figcaption id=\"caption-attachment-1092\" class=\"wp-caption-text\">M\u00f6lln aus der Luft. Foto: Anders<\/figcaption><\/figure>\n<p>Im Mittelpunkt standen dabei nicht Konzepte auf dem Papier, sondern Menschen, die Inklusion aktiv gestalten. Zielgruppenvertreterin Sonja Schacht sowie Ulli R\u00fchmling und Thorsten Blasey f\u00fchrten durch die Pr\u00e4sentation und machten deutlich: In M\u00f6lln wird Teilhabe nicht verwaltet, sondern gelebt.<\/p>\n<p><strong>Selbstvertretung als Motor des Wandels<\/strong><\/p>\n<p>Besonders eindrucksvoll pr\u00e4sentierte sich der \u201eGespr\u00e4chskreis Selbstvertretung\u201c. Unter dem Leitsatz \u201eNichts \u00fcber uns ohne uns\u201c hat sich hier ein starkes Gremium entwickelt, das weit \u00fcber ein klassisches Freizeitangebot hinausgeht. Es ist ein Ort der Mitbestimmung, der politischen Teilhabe und der demokratischen Einflussnahme.<\/p>\n<p>\u201eEs reicht nicht, nur geh\u00f6rt zu werden \u2013 wir brauchen feste Mitbestimmung\u201c, betonte Sonja Schacht. Dass dies mehr ist als ein Anspruch, zeigen konkrete Erfolge: So wurde unter anderem der Ansto\u00df f\u00fcr einen Inklusionsbeirat in M\u00f6lln aus diesem Kreis heraus gegeben \u2013 ein Meilenstein auf dem Weg zu struktureller Beteiligung.<\/p>\n<p><strong>Politische Teilhabe auf Augenh\u00f6he<\/strong><\/p>\n<p>Auch bei politischen Prozessen verschafft sich die Selbstvertretung zunehmend Geh\u00f6r. Thorsten Blasey erl\u00e4uterte das Verfahren zur Wahl des Beauftragten f\u00fcr Menschen mit Behinderungen, w\u00e4hrend die Beteiligten klar machten, dass sie k\u00fcnftig ein echtes, transparentes Wahlverfahren einfordern. Ein entsprechender Antrag wurde bereits mit gro\u00dfer Mehrheit in der Einwohnerversammlung unterst\u00fctzt \u2013 ein starkes Zeichen f\u00fcr den Wandel in der Stadtgesellschaft.<\/p>\n<p><strong>Breite Aktivit\u00e4ten f\u00fcr eine barrierefreie Zukunft<\/strong><\/p>\n<p>Neben der politischen Dimension wurde auch die Vielfalt der Projekte sichtbar: Zahlreiche Arbeitskreise und Initiativen arbeiten daran, M\u00f6lln Schritt f\u00fcr Schritt barrierefreier und inklusiver zu gestalten \u2013 stets unter aktiver Mitwirkung der betroffenen Menschen selbst. Die Ergebnisse des vergangenen Jahres zeigen eindrucksvoll, wie viel durch konsequente Beteiligung erreicht werden kann.<\/p>\n<p><strong>Ein Vorbild mit Modellcharakter<\/strong><\/p>\n<p>Das Fazit der G\u00e4ste fiel entsprechend deutlich aus: Die Entwicklung in M\u00f6lln beeindruckt \u2013 nicht nur durch ihre Ergebnisse, sondern vor allem durch ihren Ansatz. Der Wandel von reiner Mitwirkung hin zu echter Mitgestaltung ist hier gelungen.<\/p>\n<p>Ein entscheidender Erfolgsfaktor ist dabei die intensive pers\u00f6nliche Assistenz, die Teilhabe erst m\u00f6glich macht und absichert.<\/p>\n<p>Der Besuch machte deutlich: M\u00f6lln ist auf dem besten Weg, sich als Vorreiter moderner Inklusionsarbeit zu etablieren. Hier wird nicht \u00fcber Inklusion gesprochen \u2013 hier wird sie von den \u201eExpertinnen und Experten in eigener Sache\u201c tagt\u00e4glich verwirklicht.<\/p>\n","protected":false},"excerpt":{"rendered":"<p>M\u00f6lln (pm). Ein Blick hinter die Kulissen mit Signalwirkung: Beim sogenannten \u201eSchulterblick\u201c am 21. April zeigte das Projekt \u201eM\u00f6lln Inklusiv\u201c, wie moderne Inklusionsarbeit heute aussehen kann \u2013 praxisnah, selbstbestimmt und mit echtem Modellcharakter. Vertreterinnen und Vertreter von Aktion Mensch sowie der Staatskanzlei Schleswig-Holstein informierten sich vor Ort \u00fcber die beeindruckenden Fortschritte in der Eulenspiegelstadt. Im [&hellip;]<\/p>\n","protected":false},"author":2,"featured_media":82741,"comment_status":"closed","ping_status":"closed","sticky":false,"template":"","format":"standard","meta":{"jnews-multi-image_gallery":[],"jnews_single_post":{"subtitle":"","format":"standard","override":[{"template":"1","parallax":"1","fullscreen":"1","layout":"right-sidebar","sidebar":"default-sidebar","second_sidebar":"default-sidebar","sticky_sidebar":"1","share_position":"top","share_float_style":"share-monocrhome","show_view_counter":"1","show_featured":"1","show_post_meta":"1","show_post_author":"1","show_post_author_image":"1","show_post_date":"1","post_date_format":"default","post_date_format_custom":"Y\/m\/d","post_reading_time_wpm":"300","post_calculate_word_method":"str_word_count","show_zoom_button":"0","zoom_button_out_step":"2","zoom_button_in_step":"3","show_post_tag":"1","show_popup_post":"1","number_popup_post":"1","show_author_box":"1","show_post_related":"1","show_inline_post_related":"0"}],"image_override":[{"single_post_thumbnail_size":"crop-500","single_post_gallery_size":"crop-500"}],"trending_post_position":"meta","trending_post_label":"Trending","sponsored_post_label":"Sponsored by","disable_ad":"0"},"jnews_primary_category":[],"jnews_social_meta":[],"jnews_override_counter":{"view_counter_number":"0","share_counter_number":"0","like_counter_number":"0","dislike_counter_number":"0"},"jnews_post_split":{"post_split":[{"template":"1","tag":"h2","numbering":"asc","mode":"normal","first":"0","enable_toc":"0","toc_type":"normal"}]},"footnotes":""},"categories":[1,63,73,66],"tags":[1366,2101],"class_list":["post-82740","post","type-post","status-publish","format-standard","has-post-thumbnail","hentry","category-feature","category-herzogtum-lauenburg","category-landleute","category-moelln","tag-inklusion","tag-inklusionsfoerderung"],"_links":{"self":[{"href":"https:\/\/herzogtum-direkt.de\/index.php\/wp-json\/wp\/v2\/posts\/82740","targetHints":{"allow":["GET"]}}],"collection":[{"href":"https:\/\/herzogtum-direkt.de\/index.php\/wp-json\/wp\/v2\/posts"}],"about":[{"href":"https:\/\/herzogtum-direkt.de\/index.php\/wp-json\/wp\/v2\/types\/post"}],"author":[{"embeddable":true,"href":"https:\/\/herzogtum-direkt.de\/index.php\/wp-json\/wp\/v2\/users\/2"}],"replies":[{"embeddable":true,"href":"https:\/\/herzogtum-direkt.de\/index.php\/wp-json\/wp\/v2\/comments?post=82740"}],"version-history":[{"count":1,"href":"https:\/\/herzogtum-direkt.de\/index.php\/wp-json\/wp\/v2\/posts\/82740\/revisions"}],"predecessor-version":[{"id":82742,"href":"https:\/\/herzogtum-direkt.de\/index.php\/wp-json\/wp\/v2\/posts\/82740\/revisions\/82742"}],"wp:featuredmedia":[{"embeddable":true,"href":"https:\/\/herzogtum-direkt.de\/index.php\/wp-json\/wp\/v2\/media\/82741"}],"wp:attachment":[{"href":"https:\/\/herzogtum-direkt.de\/index.php\/wp-json\/wp\/v2\/media?parent=82740"}],"wp:term":[{"taxonomy":"category","embeddable":true,"href":"https:\/\/herzogtum-direkt.de\/index.php\/wp-json\/wp\/v2\/categories?post=82740"},{"taxonomy":"post_tag","embeddable":true,"href":"https:\/\/herzogtum-direkt.de\/index.php\/wp-json\/wp\/v2\/tags?post=82740"}],"curies":[{"name":"wp","href":"https:\/\/api.w.org\/{rel}","templated":true}]}}