{"id":82729,"date":"2026-04-29T07:46:42","date_gmt":"2026-04-29T06:46:42","guid":{"rendered":"https:\/\/herzogtum-direkt.de\/?p=82729"},"modified":"2026-04-29T07:51:09","modified_gmt":"2026-04-29T06:51:09","slug":"saisoneroeffnung-im-waldschwimmbad-buechen-2","status":"publish","type":"post","link":"https:\/\/herzogtum-direkt.de\/index.php\/2026\/04\/29\/saisoneroeffnung-im-waldschwimmbad-buechen-2\/","title":{"rendered":"Saisoner\u00f6ffnung im Waldschwimmbad B\u00fcchen"},"content":{"rendered":"<p style=\"font-weight: 400;\"><strong>B\u00fcchen (pm).\u00a0<\/strong>Das Waldschwimmbad B\u00fcchen \u00f6ffnet am Freitag, den 8. Mai 2026, um 14 Uhr offiziell seine Tore f\u00fcr Besucherinnen und Besucher. Traditionell ist am Er\u00f6ffnungstag der Eintritt f\u00fcr alle G\u00e4ste frei.<\/p>\n<figure id=\"attachment_64157\" aria-describedby=\"caption-attachment-64157\" style=\"width: 569px\" class=\"wp-caption alignnone\"><img fetchpriority=\"high\" decoding=\"async\" class=\" wp-image-64157\" src=\"https:\/\/herzogtum-direkt.de\/wp-content\/uploads\/2024\/08\/Waldschwimmbad-Voller-Tag-2019-Foto-Gemeinde-Buechen--300x225.jpg\" alt=\"\" width=\"569\" height=\"427\" srcset=\"https:\/\/herzogtum-direkt.de\/wp-content\/uploads\/2024\/08\/Waldschwimmbad-Voller-Tag-2019-Foto-Gemeinde-Buechen--300x225.jpg 300w, https:\/\/herzogtum-direkt.de\/wp-content\/uploads\/2024\/08\/Waldschwimmbad-Voller-Tag-2019-Foto-Gemeinde-Buechen--768x576.jpg 768w, https:\/\/herzogtum-direkt.de\/wp-content\/uploads\/2024\/08\/Waldschwimmbad-Voller-Tag-2019-Foto-Gemeinde-Buechen--750x563.jpg 750w, https:\/\/herzogtum-direkt.de\/wp-content\/uploads\/2024\/08\/Waldschwimmbad-Voller-Tag-2019-Foto-Gemeinde-Buechen-.jpg 1000w\" sizes=\"(max-width: 569px) 100vw, 569px\" \/><figcaption id=\"caption-attachment-64157\" class=\"wp-caption-text\">Das Waldschwimmbad in B\u00fcchen. Foto: Gemeinde B\u00fcchen, hfr<\/figcaption><\/figure>\n<p style=\"font-weight: 400;\">Das Schwimmbad ist ab dem Er\u00f6ffnungstag t\u00e4glich von 9 Uhr bis 19 Uhr ge\u00f6ffnet. Mittwoch hat das Schwimmbad von 9 hr bis 16 Uhr ge\u00f6ffnet. Zus\u00e4tzlich gibt es f\u00fcr Fr\u00fchaufsteher ein besonderes Angebot: Dienstags und donnerstags kann das Bad bereits von 5.30 bis 7.30 Uhr genutzt werden. &#8222;Wir freuen uns auf eine tolle Saison und viele Besucherinnen und Besucher&#8220;, sage die Verantwortlichen.<\/p>\n","protected":false},"excerpt":{"rendered":"<p>B\u00fcchen (pm).\u00a0Das Waldschwimmbad B\u00fcchen \u00f6ffnet am Freitag, den 8. Mai 2026, um 14 Uhr offiziell seine Tore f\u00fcr Besucherinnen und Besucher. Traditionell ist am Er\u00f6ffnungstag der Eintritt f\u00fcr alle G\u00e4ste frei. Das Schwimmbad ist ab dem Er\u00f6ffnungstag t\u00e4glich von 9 Uhr bis 19 Uhr ge\u00f6ffnet. Mittwoch hat das Schwimmbad von 9 hr bis 16 Uhr [&hellip;]<\/p>\n","protected":false},"author":2,"featured_media":53848,"comment_status":"closed","ping_status":"closed","sticky":false,"template":"","format":"standard","meta":{"jnews-multi-image_gallery":[],"jnews_single_post":{"subtitle":"","format":"standard","override":[{"template":"1","parallax":"1","fullscreen":"1","layout":"right-sidebar","sidebar":"default-sidebar","second_sidebar":"default-sidebar","sticky_sidebar":"1","share_position":"top","share_float_style":"share-monocrhome","show_view_counter":"1","show_featured":"1","show_post_meta":"1","show_post_author":"1","show_post_author_image":"1","show_post_date":"1","post_date_format":"default","post_date_format_custom":"Y\/m\/d","post_reading_time_wpm":"300","post_calculate_word_method":"str_word_count","show_zoom_button":"0","zoom_button_out_step":"2","zoom_button_in_step":"3","show_post_tag":"1","show_popup_post":"1","number_popup_post":"1","show_author_box":"1","show_post_related":"1","show_inline_post_related":"0"}],"image_override":[{"single_post_thumbnail_size":"crop-500","single_post_gallery_size":"crop-500"}],"trending_post_position":"meta","trending_post_label":"Trending","sponsored_post_label":"Sponsored by","disable_ad":"0"},"jnews_primary_category":[],"jnews_social_meta":[],"jnews_override_counter":{"view_counter_number":"0","share_counter_number":"0","like_counter_number":"0","dislike_counter_number":"0"},"jnews_post_split":{"post_split":[{"template":"1","tag":"h2","numbering":"asc","mode":"normal","first":"0","enable_toc":"0","toc_type":"normal"}]},"footnotes":""},"categories":[2650,74,2],"tags":[3310,196,769],"class_list":["post-82729","post","type-post","status-publish","format-standard","has-post-thumbnail","hentry","category-buechen","category-jugend-direkt","category-startseite","tag-saisonstart","tag-schwimmen","tag-waldschwimmbad-buechen"],"_links":{"self":[{"href":"https:\/\/herzogtum-direkt.de\/index.php\/wp-json\/wp\/v2\/posts\/82729","targetHints":{"allow":["GET"]}}],"collection":[{"href":"https:\/\/herzogtum-direkt.de\/index.php\/wp-json\/wp\/v2\/posts"}],"about":[{"href":"https:\/\/herzogtum-direkt.de\/index.php\/wp-json\/wp\/v2\/types\/post"}],"author":[{"embeddable":true,"href":"https:\/\/herzogtum-direkt.de\/index.php\/wp-json\/wp\/v2\/users\/2"}],"replies":[{"embeddable":true,"href":"https:\/\/herzogtum-direkt.de\/index.php\/wp-json\/wp\/v2\/comments?post=82729"}],"version-history":[{"count":1,"href":"https:\/\/herzogtum-direkt.de\/index.php\/wp-json\/wp\/v2\/posts\/82729\/revisions"}],"predecessor-version":[{"id":82730,"href":"https:\/\/herzogtum-direkt.de\/index.php\/wp-json\/wp\/v2\/posts\/82729\/revisions\/82730"}],"wp:featuredmedia":[{"embeddable":true,"href":"https:\/\/herzogtum-direkt.de\/index.php\/wp-json\/wp\/v2\/media\/53848"}],"wp:attachment":[{"href":"https:\/\/herzogtum-direkt.de\/index.php\/wp-json\/wp\/v2\/media?parent=82729"}],"wp:term":[{"taxonomy":"category","embeddable":true,"href":"https:\/\/herzogtum-direkt.de\/index.php\/wp-json\/wp\/v2\/categories?post=82729"},{"taxonomy":"post_tag","embeddable":true,"href":"https:\/\/herzogtum-direkt.de\/index.php\/wp-json\/wp\/v2\/tags?post=82729"}],"curies":[{"name":"wp","href":"https:\/\/api.w.org\/{rel}","templated":true}]}}