{"id":82723,"date":"2026-04-29T09:03:55","date_gmt":"2026-04-29T08:03:55","guid":{"rendered":"https:\/\/herzogtum-direkt.de\/?p=82723"},"modified":"2026-04-29T09:10:33","modified_gmt":"2026-04-29T08:10:33","slug":"nachwuchskraefte-von-morgen-entdecken-pflege","status":"publish","type":"post","link":"https:\/\/herzogtum-direkt.de\/index.php\/2026\/04\/29\/nachwuchskraefte-von-morgen-entdecken-pflege\/","title":{"rendered":"Nachwuchskr\u00e4fte von morgen entdecken Pflege"},"content":{"rendered":"<p style=\"font-weight: 400;\"><strong>Ratzeburg (pm).<\/strong> Wie f\u00fchlt es sich an, pl\u00f6tzlich langsamer zu gehen, schlechter zu sehen oder sich im Alltag unsicher zu bewegen? Und was bedeutet es eigentlich, Verantwortung f\u00fcr die Gesundheit anderer Menschen zu \u00fcbernehmen? Fragen wie diese standen im Mittelpunkt des Girls&#8216; &amp; Boys&#8216; Day in den AMEOS Einrichtungen Ratzeburg und wurden f\u00fcr 13 Kinder auf eindrucksvolle Weise erlebbar.<\/p>\n<figure id=\"attachment_71665\" aria-describedby=\"caption-attachment-71665\" style=\"width: 695px\" class=\"wp-caption aligncenter\"><img fetchpriority=\"high\" decoding=\"async\" class=\" wp-image-71665\" src=\"https:\/\/herzogtum-direkt.de\/wp-content\/uploads\/2025\/04\/AMEOS_RZ_Luftaufnahme-AMEOS-Einrichtungen-Ratzeburg-und-Umgebung-hfr-600x419.jpg\" alt=\"\" width=\"695\" height=\"485\" srcset=\"https:\/\/herzogtum-direkt.de\/wp-content\/uploads\/2025\/04\/AMEOS_RZ_Luftaufnahme-AMEOS-Einrichtungen-Ratzeburg-und-Umgebung-hfr-600x419.jpg 600w, https:\/\/herzogtum-direkt.de\/wp-content\/uploads\/2025\/04\/AMEOS_RZ_Luftaufnahme-AMEOS-Einrichtungen-Ratzeburg-und-Umgebung-hfr-768x536.jpg 768w, https:\/\/herzogtum-direkt.de\/wp-content\/uploads\/2025\/04\/AMEOS_RZ_Luftaufnahme-AMEOS-Einrichtungen-Ratzeburg-und-Umgebung-hfr.jpg 1000w\" sizes=\"(max-width: 695px) 100vw, 695px\" \/><figcaption id=\"caption-attachment-71665\" class=\"wp-caption-text\">AMEOS Reha-Klinik und Seniorenwohnsitz &#8211; eingebettet in die Natur um Ratzeburg. Foto: AMEOS, hfr<\/figcaption><\/figure>\n<p style=\"font-weight: 400;\">Die Jugendlichen im Alter von 11 bis 14 Jahren nutzten am heutigen Aktionstag die Gelegenheit, die AMEOS Einrichtungen Ratzeburg kennenzulernen. Im Fokus stand dabei, die Nachwuchskr\u00e4fte von morgen f\u00fcr einen Beruf zu begeistern, der so vielseitig wie sinnstiftend ist. Als einer der gr\u00f6\u00dften Gesundheitsversorger der Region bot AMEOS den Jugendlichen Einblicke in unterschiedliche Bereiche: von der station\u00e4ren Altenpflege \u00fcber die Klinik f\u00fcr Geriatrie bis hin zum Wohnen mit Tagespflege. An mehreren Stationen konnten sie selbst aktiv werden und erleben, wie abwechslungsreich der Pflegealltag ist. Dabei lernten sie unter anderem, Puls und Blutzucker zu messen, die Bedeutung von Hygiene und H\u00e4ndedesinfektion unter Schwarzlicht zu verstehen und im Alterssimulationsanzug nachzuvollziehen, wie sich Einschr\u00e4nkungen im Alltag anf\u00fchlen k\u00f6nnen. Auch praktische \u00dcbungen wie das Anlegen von Verb\u00e4nden, das Stellen von Tabletten sowie erste Einblicke in die Ultraschalltechnik geh\u00f6rten zum Programm.<\/p>\n<p style=\"font-weight: 400;\">Begleitet wurden die Kinder von engagierten Mitarbeitenden, die ihr Wissen verst\u00e4ndlich vermittelten und zugleich pers\u00f6nliche Einblicke in ihren Berufsalltag gaben. So wurde Pflege nicht nur erkl\u00e4rt, sondern erlebbar gemacht. Pflegedirektorin Meike Schoop betont: \u201eEs ist sch\u00f6n zu sehen, mit wie viel Offenheit und Interesse die jungen Menschen diesen Tag angenommen haben. Mein gro\u00dfer Dank gilt all unseren Kolleginnen und Kollegen, die mit so viel Engagement und Herzblut ihr Wissen geteilt haben. Solche Tage zeigen, wie wichtig es ist, fr\u00fch Begeisterung zu wecken f\u00fcr die Pflege von morgen.&#8220;<\/p>\n<p style=\"font-weight: 400;\">Der Girls&#8216; &amp; Boys&#8216; Day in den AMEOS Einrichtungen Ratzeburg hat einmal mehr gezeigt: Die Zukunft der Pflege beginnt mit Begegnungen, die im Kopf bleiben und im Herzen.<\/p>\n<p style=\"font-weight: 400;\"><strong>\u00dcber die AMEOS Einrichtungen Ratzeburg<\/strong><\/p>\n<p style=\"font-weight: 400;\">Die AMEOS Einrichtungen Ratzeburg vereinen an einem\u00a0Standort viele verschiedene medizinische Einrichtungen, um die Gesundheitsversorgung in der Region zu sichern. Neben einem Reha Klinikum, einem Senioren Wohnsitz, einem Therapiezentrum und Pflegehaus bieten wir auch eine Klinik f\u00fcr Geriatrie. Mit etwa 600 Mitarbeitenden in unterschiedlichen Berufsfeldern sind wir einer der gr\u00f6\u00dften Arbeitgeber in der Region und gehen mit modernen Zukunftsvisionen voran.<\/p>\n","protected":false},"excerpt":{"rendered":"<p>Ratzeburg (pm). Wie f\u00fchlt es sich an, pl\u00f6tzlich langsamer zu gehen, schlechter zu sehen oder sich im Alltag unsicher zu bewegen? Und was bedeutet es eigentlich, Verantwortung f\u00fcr die Gesundheit anderer Menschen zu \u00fcbernehmen? Fragen wie diese standen im Mittelpunkt des Girls&#8216; &amp; Boys&#8216; Day in den AMEOS Einrichtungen Ratzeburg und wurden f\u00fcr 13 Kinder [&hellip;]<\/p>\n","protected":false},"author":2,"featured_media":82724,"comment_status":"closed","ping_status":"closed","sticky":false,"template":"","format":"standard","meta":{"jnews-multi-image_gallery":[],"jnews_single_post":{"format":"standard","override":[{"template":"1","parallax":"1","fullscreen":"1","layout":"right-sidebar","sidebar":"default-sidebar","second_sidebar":"default-sidebar","sticky_sidebar":"1","share_position":"top","share_float_style":"share-monocrhome","show_view_counter":"1","show_featured":"1","show_post_meta":"1","show_post_author":"1","show_post_author_image":"1","show_post_date":"1","post_date_format":"default","post_date_format_custom":"Y\/m\/d","post_reading_time_wpm":"300","post_calculate_word_method":"str_word_count","show_zoom_button":"0","zoom_button_out_step":"2","zoom_button_in_step":"3","show_post_tag":"1","show_popup_post":"1","number_popup_post":"1","show_author_box":"1","show_post_related":"1","show_inline_post_related":"0"}],"image_override":[{"single_post_thumbnail_size":"crop-500","single_post_gallery_size":"crop-500"}],"trending_post_position":"meta","trending_post_label":"Trending","sponsored_post_label":"Sponsored by","disable_ad":"0","subtitle":"Girls' & Boys' Day in den AMEOS Einrichtungen Ratzeburg"},"jnews_primary_category":[],"jnews_social_meta":[],"jnews_override_counter":{"view_counter_number":"0","share_counter_number":"0","like_counter_number":"0","dislike_counter_number":"0"},"jnews_post_split":{"post_split":[{"template":"1","tag":"h2","numbering":"asc","mode":"normal","first":"0","enable_toc":"0","toc_type":"normal"}]},"footnotes":""},"categories":[75,63,74,64],"tags":[2035,3681,2009,2008],"class_list":["post-82723","post","type-post","status-publish","format-standard","has-post-thumbnail","hentry","category-gesundheit","category-herzogtum-lauenburg","category-jugend-direkt","category-ratzeburg","tag-ameos","tag-ameos-reha-klinikum","tag-boys-day","tag-girls-day"],"_links":{"self":[{"href":"https:\/\/herzogtum-direkt.de\/index.php\/wp-json\/wp\/v2\/posts\/82723","targetHints":{"allow":["GET"]}}],"collection":[{"href":"https:\/\/herzogtum-direkt.de\/index.php\/wp-json\/wp\/v2\/posts"}],"about":[{"href":"https:\/\/herzogtum-direkt.de\/index.php\/wp-json\/wp\/v2\/types\/post"}],"author":[{"embeddable":true,"href":"https:\/\/herzogtum-direkt.de\/index.php\/wp-json\/wp\/v2\/users\/2"}],"replies":[{"embeddable":true,"href":"https:\/\/herzogtum-direkt.de\/index.php\/wp-json\/wp\/v2\/comments?post=82723"}],"version-history":[{"count":1,"href":"https:\/\/herzogtum-direkt.de\/index.php\/wp-json\/wp\/v2\/posts\/82723\/revisions"}],"predecessor-version":[{"id":82725,"href":"https:\/\/herzogtum-direkt.de\/index.php\/wp-json\/wp\/v2\/posts\/82723\/revisions\/82725"}],"wp:featuredmedia":[{"embeddable":true,"href":"https:\/\/herzogtum-direkt.de\/index.php\/wp-json\/wp\/v2\/media\/82724"}],"wp:attachment":[{"href":"https:\/\/herzogtum-direkt.de\/index.php\/wp-json\/wp\/v2\/media?parent=82723"}],"wp:term":[{"taxonomy":"category","embeddable":true,"href":"https:\/\/herzogtum-direkt.de\/index.php\/wp-json\/wp\/v2\/categories?post=82723"},{"taxonomy":"post_tag","embeddable":true,"href":"https:\/\/herzogtum-direkt.de\/index.php\/wp-json\/wp\/v2\/tags?post=82723"}],"curies":[{"name":"wp","href":"https:\/\/api.w.org\/{rel}","templated":true}]}}