{"id":82710,"date":"2026-04-28T08:44:19","date_gmt":"2026-04-28T07:44:19","guid":{"rendered":"https:\/\/herzogtum-direkt.de\/?p=82710"},"modified":"2026-04-28T08:44:19","modified_gmt":"2026-04-28T07:44:19","slug":"europaeischer-protesttag-zur-gleichstellung-von-menschen-mit-behinderung-moelln-zeigt-flagge-fuer-inklusion","status":"publish","type":"post","link":"https:\/\/herzogtum-direkt.de\/index.php\/2026\/04\/28\/europaeischer-protesttag-zur-gleichstellung-von-menschen-mit-behinderung-moelln-zeigt-flagge-fuer-inklusion\/","title":{"rendered":"Europ\u00e4ischer Protesttag zur Gleichstellung von Menschen mit Behinderung: M\u00f6lln zeigt Flagge f\u00fcr Inklusion"},"content":{"rendered":"<p><strong>M\u00f6lln (pm\/gb).\u00a0\u00a0<\/strong>F\u00fcnfzehn Prozent der M\u00f6llner B\u00fcrgerinnen und B\u00fcrger leben mit einer Schwerbehinderung. Aus diesem Grund steht die Stadt M\u00f6lln vom 5. bis 9. Mai ganz im Zeichen der Inklusion. Eine Aktionswoche l\u00e4dt zum Mitmachen, Informieren und Feiern ein.<\/p>\n<figure id=\"attachment_41525\" aria-describedby=\"caption-attachment-41525\" style=\"width: 765px\" class=\"wp-caption alignnone\"><img fetchpriority=\"high\" decoding=\"async\" class=\" wp-image-41525\" src=\"https:\/\/herzogtum-direkt.de\/wp-content\/uploads\/2022\/06\/Inklusion-inclusion-ga6704a525_1280-300x102.png\" alt=\"\" width=\"765\" height=\"260\" srcset=\"https:\/\/herzogtum-direkt.de\/wp-content\/uploads\/2022\/06\/Inklusion-inclusion-ga6704a525_1280-300x102.png 300w, https:\/\/herzogtum-direkt.de\/wp-content\/uploads\/2022\/06\/Inklusion-inclusion-ga6704a525_1280-768x262.png 768w, https:\/\/herzogtum-direkt.de\/wp-content\/uploads\/2022\/06\/Inklusion-inclusion-ga6704a525_1280-750x256.png 750w, https:\/\/herzogtum-direkt.de\/wp-content\/uploads\/2022\/06\/Inklusion-inclusion-ga6704a525_1280.png 1000w\" sizes=\"(max-width: 765px) 100vw, 765px\" \/><figcaption id=\"caption-attachment-41525\" class=\"wp-caption-text\">Inklusion. Foto: Pixabay, hfr<\/figcaption><\/figure>\n<p>Im Rahmen des Projekts \u201eM\u00f6lln Inklusiv\u201c gestalten Zielgruppenvertreterinnen und -vertreter eine besondere Woche, die Inklusion erlebbar macht. Inklusion bedeutet, dass alle Menschen mitbestimmen, mitgestalten und selbstverst\u00e4ndlich dazugeh\u00f6ren. Genau dies soll w\u00e4hrend der Aktionswoche sichtbar und sp\u00fcrbar werden.<\/p>\n<p>Den Auftakt bildet am Dienstag, 5. Mai, eine Veranstaltung auf dem Bauhof in M\u00f6lln. Ab 11 Uhr informieren Netzwerkpartner an verschiedenen St\u00e4nden \u00fcber die Arbeit des Projekts und bieten Raum f\u00fcr Gespr\u00e4che. Mitmach-Aktionen, Musik sowie kulinarische Angebote schaffen eine offene und lebendige Atmosph\u00e4re, in der Begegnungen auf Augenh\u00f6he m\u00f6glich werden.<\/p>\n<p>Am Mittwoch, 6. Mai, findet um 15 Uhr eine inklusive Andacht in der Heilig-Kreuz-Kirche im Hempsch\u00f6rt statt. Gemeinsam wird innegehalten und Gemeinschaft erlebt.<\/p>\n<p>Ein zentraler Bestandteil der Aktionswoche ist die Ausstellung \u201eNichts \u00fcber uns ohne uns \u2013 Selbstvertretung wirkt\u201c in der B\u00fccherei M\u00f6lln, die vom 4. bis 9. Mai zu sehen ist. Gezeigt werden die Ergebnisse der vergangenen Monate, darunter Einblicke in Workshops, in denen wichtige Themen erarbeitet wurden. Zudem wird \u00fcber das Wahlverfahren f\u00fcr das Amt des Beauftragten f\u00fcr Menschen mit Behinderungen sowie \u00fcber den Antrag zur Einrichtung eines Inklusionsbeirates informiert. Damit setzt sich das Projekt aktiv daf\u00fcr ein, dass die Stimmen von Menschen mit Behinderungen geh\u00f6rt werden und sie den Sozialraum M\u00f6lln mitgestalten k\u00f6nnen.<\/p>\n<p>Am Donnerstag, 7. Mai, um 16.30 Uhr l\u00e4dt ein offener Gespr\u00e4chskreis zur Selbstvertretung im Prassek-Haus im Hempsch\u00f6rt ein. Interessierte sind herzlich willkommen, sich auszutauschen und mitzuwirken.<\/p>\n<p><img decoding=\"async\" class=\"alignnone size-medium wp-image-82711 aligncenter\" src=\"https:\/\/herzogtum-direkt.de\/wp-content\/uploads\/2026\/04\/Plakat-Moelln-inklusiv-2026-413x600.jpg\" alt=\"\" width=\"413\" height=\"600\" srcset=\"https:\/\/herzogtum-direkt.de\/wp-content\/uploads\/2026\/04\/Plakat-Moelln-inklusiv-2026-413x600.jpg 413w, https:\/\/herzogtum-direkt.de\/wp-content\/uploads\/2026\/04\/Plakat-Moelln-inklusiv-2026.jpg 500w\" sizes=\"(max-width: 413px) 100vw, 413px\" \/><\/p>\n<p>Den Abschluss der Aktionswoche bildet am Sonnabend, 9. Mai, das gro\u00dfe Maifest im Don Bosco-Haus im Pater-Lenner-Weg. Von 10 bis 16 Uhr gibt es ein vielf\u00e4ltiges Programm mit Musik, kulinarischen Angeboten, Treckerfahrten, H\u00fcpfburg und tierischen Begegnungen. Ein besonderes Highlight ist die Er\u00f6ffnung des inklusiven Abenteuerspielplatzes, der neue M\u00f6glichkeiten f\u00fcr gemeinsames Spielen und Erleben f\u00fcr alle Kinder schafft. Zudem pr\u00e4sentiert das Don Bosco-Haus Zirkusprojekt Giovanni eine kleine Zirkusvorstellung, bei der Bewohnerinnen und Bewohner gemeinsam mit Mitarbeitenden zeigen, was in ihnen steckt.<\/p>\n<p>Die Aktionswoche bietet zahlreiche Gelegenheiten, Inklusion in M\u00f6lln aktiv zu erleben und mitzugestalten. Es wird eine Woche voller Begegnungen, guter Gespr\u00e4che und gemeinsamer Freude.<\/p>\n","protected":false},"excerpt":{"rendered":"<p>M\u00f6lln (pm\/gb).\u00a0\u00a0F\u00fcnfzehn Prozent der M\u00f6llner B\u00fcrgerinnen und B\u00fcrger leben mit einer Schwerbehinderung. Aus diesem Grund steht die Stadt M\u00f6lln vom 5. bis 9. Mai ganz im Zeichen der Inklusion. Eine Aktionswoche l\u00e4dt zum Mitmachen, Informieren und Feiern ein. Im Rahmen des Projekts \u201eM\u00f6lln Inklusiv\u201c gestalten Zielgruppenvertreterinnen und -vertreter eine besondere Woche, die Inklusion erlebbar macht. [&hellip;]<\/p>\n","protected":false},"author":49,"featured_media":82712,"comment_status":"closed","ping_status":"closed","sticky":false,"template":"","format":"standard","meta":{"jnews-multi-image_gallery":[],"jnews_single_post":{"subtitle":"","format":"standard","override":[{"template":"1","parallax":"1","fullscreen":"1","layout":"right-sidebar","sidebar":"default-sidebar","second_sidebar":"default-sidebar","sticky_sidebar":"1","share_position":"top","share_float_style":"share-monocrhome","show_view_counter":"1","show_featured":"1","show_post_meta":"1","show_post_author":"1","show_post_author_image":"1","show_post_date":"1","post_date_format":"default","post_date_format_custom":"Y\/m\/d","post_reading_time_wpm":"300","post_calculate_word_method":"str_word_count","show_zoom_button":"0","zoom_button_out_step":"2","zoom_button_in_step":"3","show_post_tag":"1","show_popup_post":"1","number_popup_post":"1","show_author_box":"1","show_post_related":"1","show_inline_post_related":"0"}],"image_override":[{"single_post_thumbnail_size":"crop-500","single_post_gallery_size":"crop-500"}],"trending_post_position":"meta","trending_post_label":"Trending","sponsored_post_label":"Sponsored by","disable_ad":"0"},"jnews_primary_category":[],"jnews_social_meta":[],"jnews_override_counter":{"view_counter_number":"0","share_counter_number":"0","like_counter_number":"0","dislike_counter_number":"0"},"jnews_post_split":{"post_split":[{"template":"1","tag":"h2","numbering":"asc","mode":"normal","first":"0","enable_toc":"0","toc_type":"normal"}]},"footnotes":""},"categories":[3757,73,66],"tags":[2090,1366],"class_list":["post-82710","post","type-post","status-publish","format-standard","has-post-thumbnail","hentry","category-ausflugstipp","category-landleute","category-moelln","tag-don-bosco","tag-inklusion"],"_links":{"self":[{"href":"https:\/\/herzogtum-direkt.de\/index.php\/wp-json\/wp\/v2\/posts\/82710","targetHints":{"allow":["GET"]}}],"collection":[{"href":"https:\/\/herzogtum-direkt.de\/index.php\/wp-json\/wp\/v2\/posts"}],"about":[{"href":"https:\/\/herzogtum-direkt.de\/index.php\/wp-json\/wp\/v2\/types\/post"}],"author":[{"embeddable":true,"href":"https:\/\/herzogtum-direkt.de\/index.php\/wp-json\/wp\/v2\/users\/49"}],"replies":[{"embeddable":true,"href":"https:\/\/herzogtum-direkt.de\/index.php\/wp-json\/wp\/v2\/comments?post=82710"}],"version-history":[{"count":1,"href":"https:\/\/herzogtum-direkt.de\/index.php\/wp-json\/wp\/v2\/posts\/82710\/revisions"}],"predecessor-version":[{"id":82713,"href":"https:\/\/herzogtum-direkt.de\/index.php\/wp-json\/wp\/v2\/posts\/82710\/revisions\/82713"}],"wp:featuredmedia":[{"embeddable":true,"href":"https:\/\/herzogtum-direkt.de\/index.php\/wp-json\/wp\/v2\/media\/82712"}],"wp:attachment":[{"href":"https:\/\/herzogtum-direkt.de\/index.php\/wp-json\/wp\/v2\/media?parent=82710"}],"wp:term":[{"taxonomy":"category","embeddable":true,"href":"https:\/\/herzogtum-direkt.de\/index.php\/wp-json\/wp\/v2\/categories?post=82710"},{"taxonomy":"post_tag","embeddable":true,"href":"https:\/\/herzogtum-direkt.de\/index.php\/wp-json\/wp\/v2\/tags?post=82710"}],"curies":[{"name":"wp","href":"https:\/\/api.w.org\/{rel}","templated":true}]}}