{"id":82702,"date":"2026-04-28T07:39:04","date_gmt":"2026-04-28T06:39:04","guid":{"rendered":"https:\/\/herzogtum-direkt.de\/?p=82702"},"modified":"2026-04-28T07:39:04","modified_gmt":"2026-04-28T06:39:04","slug":"ein-musikalisches-highlight-der-schwedische-jakobskoeren-zu-gast-in-mustin","status":"publish","type":"post","link":"https:\/\/herzogtum-direkt.de\/index.php\/2026\/04\/28\/ein-musikalisches-highlight-der-schwedische-jakobskoeren-zu-gast-in-mustin\/","title":{"rendered":"Ein musikalisches Highlight: Der schwedische &#8218;Jakobsk\u00f6ren&#8216; zu Gast in Mustin"},"content":{"rendered":"<p><strong>Mustin (pm\/gb). <\/strong>Am Sonnabend, 2. Mai \u00a0erwartet die Mustiner Kirche in der Dorfstra\u00dfe 20 ein besonderes Konzert. Der renommierte vierstimmige gemischte Chor \u201eJakobsk\u00f6ren\u201c aus der schwedischen Gemeinde Stora Tuna in Borl\u00e4nge gastiert an diesem Wochenende in Hamburg und Mustin. Das Konzert beginnt um 18 Uhr.<\/p>\n<p>Regelm\u00e4\u00dfig bereichern die S\u00e4ngerinnen und S\u00e4nger Gottesdienste und Konzerte in ihrer Heimat mit geistlichen und weltlichen St\u00fccken. Besonders bekannt ist der Chor f\u00fcr die Auff\u00fchrung gro\u00dfer klassischer Werke von Komponisten wie Bach, H\u00e4ndel oder Faur\u00e9.<\/p>\n<p>Unter der Leitung von Eva L\u00f6fgren, die an der Musikhochschule in G\u00f6teborg studiert hat, verspricht der Abend ein musikalisches Erlebnis der besonderen Art. Der Eintritt zu dem Konzert ist frei, um Spenden wird gebeten. &#8222;Ein Abend voller Musik und Begegnung erwartet die G\u00e4ste, die herzlich willkommen sind&#8220;, sagen die Veranstaltenden.<\/p>\n","protected":false},"excerpt":{"rendered":"<p>Mustin (pm\/gb). Am Sonnabend, 2. Mai \u00a0erwartet die Mustiner Kirche in der Dorfstra\u00dfe 20 ein besonderes Konzert. Der renommierte vierstimmige gemischte Chor \u201eJakobsk\u00f6ren\u201c aus der schwedischen Gemeinde Stora Tuna in Borl\u00e4nge gastiert an diesem Wochenende in Hamburg und Mustin. Das Konzert beginnt um 18 Uhr. Regelm\u00e4\u00dfig bereichern die S\u00e4ngerinnen und S\u00e4nger Gottesdienste und Konzerte in [&hellip;]<\/p>\n","protected":false},"author":49,"featured_media":82703,"comment_status":"closed","ping_status":"closed","sticky":false,"template":"","format":"standard","meta":{"jnews-multi-image_gallery":[],"jnews_single_post":{"subtitle":"","format":"standard","override":[{"template":"1","parallax":"1","fullscreen":"1","layout":"right-sidebar","sidebar":"default-sidebar","second_sidebar":"default-sidebar","sticky_sidebar":"1","share_position":"top","share_float_style":"share-monocrhome","show_view_counter":"1","show_featured":"1","show_post_meta":"1","show_post_author":"1","show_post_author_image":"1","show_post_date":"1","post_date_format":"default","post_date_format_custom":"Y\/m\/d","post_reading_time_wpm":"300","post_calculate_word_method":"str_word_count","show_zoom_button":"0","zoom_button_out_step":"2","zoom_button_in_step":"3","show_post_tag":"1","show_popup_post":"1","number_popup_post":"1","show_author_box":"1","show_post_related":"1","show_inline_post_related":"0"}],"image_override":[{"single_post_thumbnail_size":"crop-500","single_post_gallery_size":"crop-500"}],"trending_post_position":"meta","trending_post_label":"Trending","sponsored_post_label":"Sponsored by","disable_ad":"0"},"jnews_primary_category":[],"jnews_social_meta":[],"jnews_override_counter":{"view_counter_number":"0","share_counter_number":"0","like_counter_number":"0","dislike_counter_number":"0"},"jnews_post_split":{"post_split":[{"template":"1","tag":"h2","numbering":"asc","mode":"normal","first":"0","enable_toc":"0","toc_type":"normal"}]},"footnotes":""},"categories":[69,3757,70],"tags":[3725,198],"class_list":["post-82702","post","type-post","status-publish","format-standard","has-post-thumbnail","hentry","category-amt-lauenburgische-seen","category-ausflugstipp","category-kultur","tag-chorkonzert","tag-mustin"],"_links":{"self":[{"href":"https:\/\/herzogtum-direkt.de\/index.php\/wp-json\/wp\/v2\/posts\/82702","targetHints":{"allow":["GET"]}}],"collection":[{"href":"https:\/\/herzogtum-direkt.de\/index.php\/wp-json\/wp\/v2\/posts"}],"about":[{"href":"https:\/\/herzogtum-direkt.de\/index.php\/wp-json\/wp\/v2\/types\/post"}],"author":[{"embeddable":true,"href":"https:\/\/herzogtum-direkt.de\/index.php\/wp-json\/wp\/v2\/users\/49"}],"replies":[{"embeddable":true,"href":"https:\/\/herzogtum-direkt.de\/index.php\/wp-json\/wp\/v2\/comments?post=82702"}],"version-history":[{"count":1,"href":"https:\/\/herzogtum-direkt.de\/index.php\/wp-json\/wp\/v2\/posts\/82702\/revisions"}],"predecessor-version":[{"id":82704,"href":"https:\/\/herzogtum-direkt.de\/index.php\/wp-json\/wp\/v2\/posts\/82702\/revisions\/82704"}],"wp:featuredmedia":[{"embeddable":true,"href":"https:\/\/herzogtum-direkt.de\/index.php\/wp-json\/wp\/v2\/media\/82703"}],"wp:attachment":[{"href":"https:\/\/herzogtum-direkt.de\/index.php\/wp-json\/wp\/v2\/media?parent=82702"}],"wp:term":[{"taxonomy":"category","embeddable":true,"href":"https:\/\/herzogtum-direkt.de\/index.php\/wp-json\/wp\/v2\/categories?post=82702"},{"taxonomy":"post_tag","embeddable":true,"href":"https:\/\/herzogtum-direkt.de\/index.php\/wp-json\/wp\/v2\/tags?post=82702"}],"curies":[{"name":"wp","href":"https:\/\/api.w.org\/{rel}","templated":true}]}}