{"id":82686,"date":"2026-04-28T05:45:20","date_gmt":"2026-04-28T04:45:20","guid":{"rendered":"https:\/\/herzogtum-direkt.de\/?p=82686"},"modified":"2026-04-27T09:48:32","modified_gmt":"2026-04-27T08:48:32","slug":"buntenskamp-grundschule-eroeffnung-vom-neuen-mensa-container","status":"publish","type":"post","link":"https:\/\/herzogtum-direkt.de\/index.php\/2026\/04\/28\/buntenskamp-grundschule-eroeffnung-vom-neuen-mensa-container\/","title":{"rendered":"Buntenskamp-Grundschule &#8211; Er\u00f6ffnung vom neuen Mensa-Container"},"content":{"rendered":"<p style=\"font-weight: 400;\"><strong>Geesthacht (pm).\u00a0<\/strong>Ein Platz extra f\u00fcrs gemeinsame Essen: Den gibt es jetzt an der Geesthachter Buntenskampschule. Grundsch\u00fclerinnen und Grundsch\u00fcler nehmen ihr Mittagessen k\u00fcnftig in einer Mensa ein, die in den vergangenen Monaten auf dem Schulhof der Lehreinrichtung entstanden ist \u2013 und das ist nur einer der Pluspunkte, die die neue Containeranlage f\u00fcr die Schule mit sich bringt.\u00a0<\/p>\n<p style=\"font-weight: 400;\">Neben der Mensa befinden sich in den Containern sieben neue Klassenr\u00e4ume \u2013 Platz, den die Schule dringend ben\u00f6tigt.\u00a0 Denn: Mehrere Faktoren f\u00fchren zu einem erh\u00f6hten Platzbedarf an der Buntenskampschule. Die Schule meldet steigende Sch\u00fclerzahlen, was mehr Klassenr\u00e4ume erforderlich macht. Zudem wird die Ganztagsbetreuung, die ab Sommer 2026 verpflichtend f\u00fcr den ersten Jahrgang angeboten werden muss, stetig ausgebaut. Auch dieses f\u00fchrt zu einem erh\u00f6hten Raumbedarf. Dar\u00fcber hinaus geht mit dem Ausbau der Ganztagsbetreuung eine weitere Pflicht einher: In der Schule muss ab Sommer 2026 Mittagessen angeboten werden, was wiederum eine Mensa an der Buntenskampschule auf Dauer erforderlich macht.<\/p>\n<p style=\"font-weight: 400;\">Die Container, die jetzt mit einer kleinen Feierstunde er\u00f6ffnet wurden, werden voraussichtlich f\u00fcr zehn Jahre dort stehen und schlagen mit knapp drei Millionen Euro Kosten zu Buche. Untergebracht werden in den mobilen R\u00e4umen neben dem Ganztag zun\u00e4chst die ersten Klassen, ab dem kommenden Schuljahr ziehen dort dann die zweiten Klassen ein. Das hat gleich zwei Vorteile: Im Altbestand der Schule werden so Geb\u00e4udeteile frei, die dann wiederum in umfangreichere Bauarbeiten einbezogen werden k\u00f6nnen. Au\u00dferdem wird durch die Container die notwendige Zeit gewonnen, um die Buntenskampschule um einen zweigeschossigen Neubau mit sieben zus\u00e4tzlichen Klassenr\u00e4umen und einer Mensa mit Verteilk\u00fcche zu erweitern.<\/p>\n<p style=\"font-weight: 400;\">Am Standort der ehemaligen Ganztagscontainer auf dem Gel\u00e4nde der Buntenskampschule entsteht ein neuer Spielplatz f\u00fcr die Sch\u00fclerinnen und Sch\u00fcler.<\/p>\n<p style=\"font-weight: 400;\">\u201eEin gro\u00dfer Dank an die Teams von Hoch- und Tiefbau sowie dem Fachdienst Schule der Stadtverwaltung f\u00fcr die Planung und Umsetzung dieser umfangreichen Ma\u00dfnahme sowie an die Schule f\u00fcr die gute Zusammenarbeit. Angesichts der Gegebenheiten vor Ort war die Anbindung der neuen Container eine gro\u00dfe Herausforderung. Denn dabei mussten neben dem begrenzten Platz unter anderem auch Fragen des Denkmalschutzes beachtet werden\u201c, betonte Geesthachts B\u00fcrgermeister Olaf Schulze bei der Er\u00f6ffnung der Container. \u201eWir sind einer guten L\u00f6sung der Platzprobleme an der Buntenskampschule einen wichtigen Schritt n\u00e4hergekommen und k\u00f6nnen damit beginnen, die gr\u00f6\u00dferen Bauarbeiten umzusetzen. Der alte NaWi-Bereich der Schule wurde beispielsweise bereits abgerissen und es werden weitere herausfordernde Arbeiten auf die Schule zukommen. Gemeinsam werden wir auch diese Phasen meistern und in enger Absprache zwischen Schule und Stadtverwaltung die Belastungen f\u00fcr die Beteiligten vor Ort so gering wie m\u00f6glich halten\u201c.\u00a0<\/p>\n<p style=\"font-weight: 400;\">\u00a0<\/p>\n","protected":false},"excerpt":{"rendered":"<p>Geesthacht (pm).\u00a0Ein Platz extra f\u00fcrs gemeinsame Essen: Den gibt es jetzt an der Geesthachter Buntenskampschule. Grundsch\u00fclerinnen und Grundsch\u00fcler nehmen ihr Mittagessen k\u00fcnftig in einer Mensa ein, die in den vergangenen Monaten auf dem Schulhof der Lehreinrichtung entstanden ist \u2013 und das ist nur einer der Pluspunkte, die die neue Containeranlage f\u00fcr die Schule mit sich [&hellip;]<\/p>\n","protected":false},"author":2,"featured_media":82687,"comment_status":"closed","ping_status":"closed","sticky":false,"template":"","format":"standard","meta":{"jnews-multi-image_gallery":[],"jnews_single_post":{"subtitle":"","format":"standard","override":[{"template":"1","parallax":"1","fullscreen":"1","layout":"right-sidebar","sidebar":"default-sidebar","second_sidebar":"default-sidebar","sticky_sidebar":"1","share_position":"top","share_float_style":"share-monocrhome","show_view_counter":"1","show_featured":"1","show_post_meta":"1","show_post_author":"1","show_post_author_image":"1","show_post_date":"1","post_date_format":"default","post_date_format_custom":"Y\/m\/d","post_reading_time_wpm":"300","post_calculate_word_method":"str_word_count","show_zoom_button":"0","zoom_button_out_step":"2","zoom_button_in_step":"3","show_post_tag":"1","show_popup_post":"1","number_popup_post":"1","show_author_box":"1","show_post_related":"1","show_inline_post_related":"0"}],"image_override":[{"single_post_thumbnail_size":"crop-500","single_post_gallery_size":"crop-500"}],"trending_post_position":"meta","trending_post_label":"Trending","sponsored_post_label":"Sponsored by","disable_ad":"0"},"jnews_primary_category":[],"jnews_social_meta":[],"jnews_override_counter":{"view_counter_number":"0","share_counter_number":"0","like_counter_number":"0","dislike_counter_number":"0"},"jnews_post_split":{"post_split":[{"template":"1","tag":"h2","numbering":"asc","mode":"normal","first":"0","enable_toc":"0","toc_type":"normal"}]},"footnotes":""},"categories":[2625,74],"tags":[4081,249],"class_list":["post-82686","post","type-post","status-publish","format-standard","has-post-thumbnail","hentry","category-geesthacht","category-jugend-direkt","tag-buntenskampschule","tag-geesthacht"],"_links":{"self":[{"href":"https:\/\/herzogtum-direkt.de\/index.php\/wp-json\/wp\/v2\/posts\/82686","targetHints":{"allow":["GET"]}}],"collection":[{"href":"https:\/\/herzogtum-direkt.de\/index.php\/wp-json\/wp\/v2\/posts"}],"about":[{"href":"https:\/\/herzogtum-direkt.de\/index.php\/wp-json\/wp\/v2\/types\/post"}],"author":[{"embeddable":true,"href":"https:\/\/herzogtum-direkt.de\/index.php\/wp-json\/wp\/v2\/users\/2"}],"replies":[{"embeddable":true,"href":"https:\/\/herzogtum-direkt.de\/index.php\/wp-json\/wp\/v2\/comments?post=82686"}],"version-history":[{"count":1,"href":"https:\/\/herzogtum-direkt.de\/index.php\/wp-json\/wp\/v2\/posts\/82686\/revisions"}],"predecessor-version":[{"id":82688,"href":"https:\/\/herzogtum-direkt.de\/index.php\/wp-json\/wp\/v2\/posts\/82686\/revisions\/82688"}],"wp:featuredmedia":[{"embeddable":true,"href":"https:\/\/herzogtum-direkt.de\/index.php\/wp-json\/wp\/v2\/media\/82687"}],"wp:attachment":[{"href":"https:\/\/herzogtum-direkt.de\/index.php\/wp-json\/wp\/v2\/media?parent=82686"}],"wp:term":[{"taxonomy":"category","embeddable":true,"href":"https:\/\/herzogtum-direkt.de\/index.php\/wp-json\/wp\/v2\/categories?post=82686"},{"taxonomy":"post_tag","embeddable":true,"href":"https:\/\/herzogtum-direkt.de\/index.php\/wp-json\/wp\/v2\/tags?post=82686"}],"curies":[{"name":"wp","href":"https:\/\/api.w.org\/{rel}","templated":true}]}}