{"id":82680,"date":"2026-04-27T09:12:56","date_gmt":"2026-04-27T08:12:56","guid":{"rendered":"https:\/\/herzogtum-direkt.de\/?p=82680"},"modified":"2026-04-27T09:12:56","modified_gmt":"2026-04-27T08:12:56","slug":"gemeinsam-fuer-freiheit-gottesdienst-mit-buergermeister-und-gemeinde","status":"publish","type":"post","link":"https:\/\/herzogtum-direkt.de\/index.php\/2026\/04\/27\/gemeinsam-fuer-freiheit-gottesdienst-mit-buergermeister-und-gemeinde\/","title":{"rendered":"Gemeinsam f\u00fcr Freiheit: Gottesdienst mit B\u00fcrgermeister und Gemeinde"},"content":{"rendered":"<p><strong>\u00a0<\/strong><strong>M\u00f6lln (pm).<\/strong> Die Ev.-Luth. Kirchengemeinde M\u00f6lln l\u00e4dt am Freitag, 8. Mai um 18 Uhr zu einem besonderen Gottesdienst in die St. Nicolai-Kirche ein. Anlass ist der Gedenktag anl\u00e4sslich der <a href=\"https:\/\/de.wikipedia.org\/wiki\/Befreiung_vom_Nationalsozialismus\" target=\"_blank\" rel=\"noopener\">Befreiung vom Nationalsozialismus<\/a> sowie aktuelle gesellschaftliche und politische Entwicklungen.<\/p>\n<figure id=\"attachment_82681\" aria-describedby=\"caption-attachment-82681\" style=\"width: 727px\" class=\"wp-caption alignnone\"><img fetchpriority=\"high\" decoding=\"async\" class=\" wp-image-82681\" src=\"https:\/\/herzogtum-direkt.de\/wp-content\/uploads\/2026\/04\/Frieden-Krieg-Pixabay-600x450.jpg\" alt=\"\" width=\"727\" height=\"545\" srcset=\"https:\/\/herzogtum-direkt.de\/wp-content\/uploads\/2026\/04\/Frieden-Krieg-Pixabay-600x450.jpg 600w, https:\/\/herzogtum-direkt.de\/wp-content\/uploads\/2026\/04\/Frieden-Krieg-Pixabay-768x576.jpg 768w, https:\/\/herzogtum-direkt.de\/wp-content\/uploads\/2026\/04\/Frieden-Krieg-Pixabay.jpg 1000w\" sizes=\"(max-width: 727px) 100vw, 727px\" \/><figcaption id=\"caption-attachment-82681\" class=\"wp-caption-text\">Foto: Image by <a href=\"https:\/\/pixabay.com\/users\/sutorimedia-581230\/?utm_source=link-attribution&amp;utm_medium=referral&amp;utm_campaign=image&amp;utm_content=529380\">Annette Jones<\/a> from <a href=\"https:\/\/pixabay.com\/\/?utm_source=link-attribution&amp;utm_medium=referral&amp;utm_campaign=image&amp;utm_content=529380\">Pixabay<\/a>, hfr<\/figcaption><\/figure>\n<p>\u201eWas bedeutet Freiheit f\u00fcr mich?\u201c ist die zentrale Frage in diesem Gottesdienst und die Antworten kommen mitten aus dem Leben: B\u00fcrgermeister und Patron Ingo Sch\u00e4per, Kirchengemeinderat Hans-Joachim Gr\u00e4tsch und die Pastoren Lage beleuchten in pers\u00f6nlichen Statements den Wert der Freiheit aus kommunaler, sozialer und biblischer Perspektive. Auch die Gemeinde ist eingeladen, sich aktiv zu beteiligen und eigene Gedanken zum Thema \u201eFreiheit\u201c einzubringen.<\/p>\n<p>Musikalisch wird der Gottesdienst von Regionalkantorin Susanne Bornholdt gestaltet.\u00a0Im Anschluss gibt es Gelegenheit, sich bei kleinen Snacks und Getr\u00e4nken \u00fcber das Geh\u00f6rte auszutauschen. \u201eKommen Sie vorbei, feiern Sie die Freiheit und bringen Sie Ihre eigene Freiheitsgeschichten mit\u201c, sagen die Veranstaltenden.<\/p>\n<p>&nbsp;<\/p>\n","protected":false},"excerpt":{"rendered":"<p>\u00a0M\u00f6lln (pm). Die Ev.-Luth. Kirchengemeinde M\u00f6lln l\u00e4dt am Freitag, 8. Mai um 18 Uhr zu einem besonderen Gottesdienst in die St. Nicolai-Kirche ein. Anlass ist der Gedenktag anl\u00e4sslich der Befreiung vom Nationalsozialismus sowie aktuelle gesellschaftliche und politische Entwicklungen. \u201eWas bedeutet Freiheit f\u00fcr mich?\u201c ist die zentrale Frage in diesem Gottesdienst und die Antworten kommen mitten [&hellip;]<\/p>\n","protected":false},"author":2,"featured_media":82682,"comment_status":"closed","ping_status":"closed","sticky":false,"template":"","format":"standard","meta":{"jnews-multi-image_gallery":[],"jnews_single_post":{"subtitle":"","format":"standard","override":[{"template":"1","parallax":"1","fullscreen":"1","layout":"right-sidebar","sidebar":"default-sidebar","second_sidebar":"default-sidebar","sticky_sidebar":"1","share_position":"top","share_float_style":"share-monocrhome","show_view_counter":"1","show_featured":"1","show_post_meta":"1","show_post_author":"1","show_post_author_image":"1","show_post_date":"1","post_date_format":"default","post_date_format_custom":"Y\/m\/d","post_reading_time_wpm":"300","post_calculate_word_method":"str_word_count","show_zoom_button":"0","zoom_button_out_step":"2","zoom_button_in_step":"3","show_post_tag":"1","show_popup_post":"1","number_popup_post":"1","show_author_box":"1","show_post_related":"1","show_inline_post_related":"0"}],"image_override":[{"single_post_thumbnail_size":"crop-500","single_post_gallery_size":"crop-500"}],"trending_post_position":"meta","trending_post_label":"Trending","sponsored_post_label":"Sponsored by","disable_ad":"0"},"jnews_primary_category":[],"jnews_social_meta":[],"jnews_override_counter":{"view_counter_number":"0","share_counter_number":"0","like_counter_number":"0","dislike_counter_number":"0"},"jnews_post_split":{"post_split":[{"template":"1","tag":"h2","numbering":"asc","mode":"normal","first":"0","enable_toc":"0","toc_type":"normal"}]},"footnotes":""},"categories":[3757,70,66],"tags":[3445,910,2482,1162],"class_list":["post-82680","post","type-post","status-publish","format-standard","has-post-thumbnail","hentry","category-ausflugstipp","category-kultur","category-moelln","tag-buergermeister-schaeper-moelln","tag-geschichte","tag-meinungsfreiheit","tag-st-nicolai-kirche"],"_links":{"self":[{"href":"https:\/\/herzogtum-direkt.de\/index.php\/wp-json\/wp\/v2\/posts\/82680","targetHints":{"allow":["GET"]}}],"collection":[{"href":"https:\/\/herzogtum-direkt.de\/index.php\/wp-json\/wp\/v2\/posts"}],"about":[{"href":"https:\/\/herzogtum-direkt.de\/index.php\/wp-json\/wp\/v2\/types\/post"}],"author":[{"embeddable":true,"href":"https:\/\/herzogtum-direkt.de\/index.php\/wp-json\/wp\/v2\/users\/2"}],"replies":[{"embeddable":true,"href":"https:\/\/herzogtum-direkt.de\/index.php\/wp-json\/wp\/v2\/comments?post=82680"}],"version-history":[{"count":1,"href":"https:\/\/herzogtum-direkt.de\/index.php\/wp-json\/wp\/v2\/posts\/82680\/revisions"}],"predecessor-version":[{"id":82683,"href":"https:\/\/herzogtum-direkt.de\/index.php\/wp-json\/wp\/v2\/posts\/82680\/revisions\/82683"}],"wp:featuredmedia":[{"embeddable":true,"href":"https:\/\/herzogtum-direkt.de\/index.php\/wp-json\/wp\/v2\/media\/82682"}],"wp:attachment":[{"href":"https:\/\/herzogtum-direkt.de\/index.php\/wp-json\/wp\/v2\/media?parent=82680"}],"wp:term":[{"taxonomy":"category","embeddable":true,"href":"https:\/\/herzogtum-direkt.de\/index.php\/wp-json\/wp\/v2\/categories?post=82680"},{"taxonomy":"post_tag","embeddable":true,"href":"https:\/\/herzogtum-direkt.de\/index.php\/wp-json\/wp\/v2\/tags?post=82680"}],"curies":[{"name":"wp","href":"https:\/\/api.w.org\/{rel}","templated":true}]}}