{"id":82677,"date":"2026-04-27T08:52:35","date_gmt":"2026-04-27T07:52:35","guid":{"rendered":"https:\/\/herzogtum-direkt.de\/?p=82677"},"modified":"2026-04-27T08:53:28","modified_gmt":"2026-04-27T07:53:28","slug":"anbringen-von-ueberwachungskameras-an-der-bertha-von-suttner-schule","status":"publish","type":"post","link":"https:\/\/herzogtum-direkt.de\/index.php\/2026\/04\/27\/anbringen-von-ueberwachungskameras-an-der-bertha-von-suttner-schule\/","title":{"rendered":"Anbringen von \u00dcberwachungskameras an der Bertha-von-Suttner-Schule"},"content":{"rendered":"<p style=\"font-weight: 400;\"><strong>Geesthacht (pm).<\/strong> An der Bertha-von-Suttner-Schule (BvS) in Geesthacht werden in K\u00fcrze Kameras installiert. Aufnahmen werden au\u00dferhalb der Schulzeiten von der Fassade des Geb\u00e4udes und deren direktem Umfeld gemacht.\u00a0In den zur\u00fcckliegenden Jahren ist es an der BvS wiederholt zu Vandalismus gekommen. Ende 2025 wurden Teile der Schule durch einen Brand besch\u00e4digt &#8211; sie sind bis heute nicht nutzbar. Die Aufnahmen werden datenschutzkonform gespeichert und nur gesichtet, wenn ein Schadensfall eintritt und die Kameraaufnahmen zur Aufkl\u00e4rung beitragen k\u00f6nnen (Beweissicherung).<\/p>\n<p style=\"font-weight: 400;\">\u201eSelbstverst\u00e4ndlich achten wir die Pers\u00f6nlichkeitsrechte der Menschen, die an der BvS lernen und lehren oder in anderer Weise am Schulalltag beteiligt sind. Darum werden nur au\u00dferhalb der \u00d6ffnungszeiten Bewegungen aufgenommen&#8220;, erkl\u00e4rt Sylvia Heudecker-Wesche, Leiterin des Fachbereichs Bildung, Familie, Sport und Kultur der Geesthachter Stadtverwaltung, die zudem betont: &#8222;Die Installation der Kameras ist der ausdr\u00fcckliche Wunsch der Schulleitung und erfolgt mit Zustimmung der Schulsozialarbeit, der Stadtjugendpflege sowie des Kreises Herzogtum Lauenburg, der die Ma\u00dfnahme als datenschutzrechtlich unbedenklich einstuft. Ziel ist es, durch die Installation der Kameras Besch\u00e4digungen an den Schulgeb\u00e4uden und der derzeit entstehenden Containeranlage vorzubeugen sowie das Sicherheitsempfinden von Sch\u00fclerinnen und Sch\u00fclern, Lehrkr\u00e4ften, Betreuenden, Eltern und Besuchern zu st\u00e4rken.&#8220;<\/p>\n","protected":false},"excerpt":{"rendered":"<p>Geesthacht (pm). An der Bertha-von-Suttner-Schule (BvS) in Geesthacht werden in K\u00fcrze Kameras installiert. Aufnahmen werden au\u00dferhalb der Schulzeiten von der Fassade des Geb\u00e4udes und deren direktem Umfeld gemacht.\u00a0In den zur\u00fcckliegenden Jahren ist es an der BvS wiederholt zu Vandalismus gekommen. Ende 2025 wurden Teile der Schule durch einen Brand besch\u00e4digt &#8211; sie sind bis heute [&hellip;]<\/p>\n","protected":false},"author":2,"featured_media":82678,"comment_status":"closed","ping_status":"closed","sticky":false,"template":"","format":"standard","meta":{"jnews-multi-image_gallery":[],"jnews_single_post":{"format":"standard","override":[{"template":"1","parallax":"1","fullscreen":"1","layout":"right-sidebar","sidebar":"default-sidebar","second_sidebar":"default-sidebar","sticky_sidebar":"1","share_position":"top","share_float_style":"share-monocrhome","show_view_counter":"1","show_featured":"1","show_post_meta":"1","show_post_author":"1","show_post_author_image":"1","show_post_date":"1","post_date_format":"default","post_date_format_custom":"Y\/m\/d","post_reading_time_wpm":"300","post_calculate_word_method":"str_word_count","show_zoom_button":"0","zoom_button_out_step":"2","zoom_button_in_step":"3","show_post_tag":"1","show_popup_post":"1","number_popup_post":"1","show_author_box":"1","show_post_related":"1","show_inline_post_related":"0"}],"image_override":[{"single_post_thumbnail_size":"crop-500","single_post_gallery_size":"crop-500"}],"trending_post_position":"meta","trending_post_label":"Trending","sponsored_post_label":"Sponsored by","disable_ad":"0","subtitle":"\u00dcberwachung wegen zunehmenden Vandalismus-Delikten"},"jnews_primary_category":[],"jnews_social_meta":[],"jnews_override_counter":{"view_counter_number":"0","share_counter_number":"0","like_counter_number":"0","dislike_counter_number":"0"},"jnews_post_split":{"post_split":[{"template":"1","tag":"h2","numbering":"asc","mode":"normal","first":"0","enable_toc":"0","toc_type":"normal"}]},"footnotes":""},"categories":[1,2625,63,74],"tags":[],"class_list":["post-82677","post","type-post","status-publish","format-standard","has-post-thumbnail","hentry","category-feature","category-geesthacht","category-herzogtum-lauenburg","category-jugend-direkt"],"_links":{"self":[{"href":"https:\/\/herzogtum-direkt.de\/index.php\/wp-json\/wp\/v2\/posts\/82677","targetHints":{"allow":["GET"]}}],"collection":[{"href":"https:\/\/herzogtum-direkt.de\/index.php\/wp-json\/wp\/v2\/posts"}],"about":[{"href":"https:\/\/herzogtum-direkt.de\/index.php\/wp-json\/wp\/v2\/types\/post"}],"author":[{"embeddable":true,"href":"https:\/\/herzogtum-direkt.de\/index.php\/wp-json\/wp\/v2\/users\/2"}],"replies":[{"embeddable":true,"href":"https:\/\/herzogtum-direkt.de\/index.php\/wp-json\/wp\/v2\/comments?post=82677"}],"version-history":[{"count":1,"href":"https:\/\/herzogtum-direkt.de\/index.php\/wp-json\/wp\/v2\/posts\/82677\/revisions"}],"predecessor-version":[{"id":82679,"href":"https:\/\/herzogtum-direkt.de\/index.php\/wp-json\/wp\/v2\/posts\/82677\/revisions\/82679"}],"wp:featuredmedia":[{"embeddable":true,"href":"https:\/\/herzogtum-direkt.de\/index.php\/wp-json\/wp\/v2\/media\/82678"}],"wp:attachment":[{"href":"https:\/\/herzogtum-direkt.de\/index.php\/wp-json\/wp\/v2\/media?parent=82677"}],"wp:term":[{"taxonomy":"category","embeddable":true,"href":"https:\/\/herzogtum-direkt.de\/index.php\/wp-json\/wp\/v2\/categories?post=82677"},{"taxonomy":"post_tag","embeddable":true,"href":"https:\/\/herzogtum-direkt.de\/index.php\/wp-json\/wp\/v2\/tags?post=82677"}],"curies":[{"name":"wp","href":"https:\/\/api.w.org\/{rel}","templated":true}]}}