{"id":82674,"date":"2026-04-27T08:42:27","date_gmt":"2026-04-27T07:42:27","guid":{"rendered":"https:\/\/herzogtum-direkt.de\/?p=82674"},"modified":"2026-04-27T10:02:55","modified_gmt":"2026-04-27T09:02:55","slug":"podium-junger-musizierender-schubert-die-schoene-muellerin","status":"publish","type":"post","link":"https:\/\/herzogtum-direkt.de\/index.php\/2026\/04\/27\/podium-junger-musizierender-schubert-die-schoene-muellerin\/","title":{"rendered":"Podium junger Musizierender &#8211; Schubert \u2013 Die sch\u00f6ne M\u00fcllerin"},"content":{"rendered":"<p><strong>M\u00f6lln (pm).<\/strong> Am Montag, 4. Mai 2026 findet im Theatersaal des Augustinum M\u00f6lln ein Konzert statt. Das Konzert mit Caspar Dieler- Gesang und Nico Schwinn \u2013 Klavier beginnt um 17 Uhr. Der Eintritt betr\u00e4gt 11 Euro und 9 Euro erm\u00e4\u00dfigt. Tickets sind an der Tageskasse erh\u00e4ltlich.<\/p>\n<figure id=\"attachment_57092\" aria-describedby=\"caption-attachment-57092\" style=\"width: 768px\" class=\"wp-caption aligncenter\"><img fetchpriority=\"high\" decoding=\"async\" class=\" wp-image-57092\" src=\"https:\/\/herzogtum-direkt.de\/wp-content\/uploads\/2024\/01\/Klavier-Piano-Konzert-Pixabay-300x200.jpg\" alt=\"\" width=\"768\" height=\"512\" srcset=\"https:\/\/herzogtum-direkt.de\/wp-content\/uploads\/2024\/01\/Klavier-Piano-Konzert-Pixabay-300x200.jpg 300w, https:\/\/herzogtum-direkt.de\/wp-content\/uploads\/2024\/01\/Klavier-Piano-Konzert-Pixabay-768x511.jpg 768w, https:\/\/herzogtum-direkt.de\/wp-content\/uploads\/2024\/01\/Klavier-Piano-Konzert-Pixabay-750x500.jpg 750w, https:\/\/herzogtum-direkt.de\/wp-content\/uploads\/2024\/01\/Klavier-Piano-Konzert-Pixabay.jpg 1000w\" sizes=\"(max-width: 768px) 100vw, 768px\" \/><figcaption id=\"caption-attachment-57092\" class=\"wp-caption-text\">Foto: Image by <a href=\"https:\/\/pixabay.com\/users\/stevepb-282134\/?utm_source=link-attribution&amp;utm_medium=referral&amp;utm_campaign=image&amp;utm_content=1655558\">Steve Buissinne<\/a> from <a href=\"https:\/\/pixabay.com\/\/?utm_source=link-attribution&amp;utm_medium=referral&amp;utm_campaign=image&amp;utm_content=1655558\">Pixabay<\/a>, hfr<\/figcaption><\/figure>\n<p><strong>\u00a0<\/strong>Mit einem eindrucksvollen Liederabend stellt sich in der Reihe \u201ePODIUM JUNGER MUSIZIERENDER\u201c vielversprechender musikalischer Nachwuchs vor. Caspar Dieler und Nico Schwinn interpretieren den Liederzyklus \u201eDie sch\u00f6ne M\u00fcllerin\u201c von Franz Schubert.<\/p>\n<p>Die beiden Studenten der Musikhochschule L\u00fcbeck bringen die emotionalen Facetten des ber\u00fchmten Zyklus pr\u00e4zise zum Ausdruck und gestalten einen Abend, der durch seine kammermusikalische Intensit\u00e4t \u00fcberzeugt. Mit frischer k\u00fcnstlerischer Handschrift und musikalischer Sensibilit\u00e4t er\u00f6ffnen sie ihrem Publikum einen unmittelbaren Zugang zu Schuberts Werk.<\/p>\n","protected":false},"excerpt":{"rendered":"<p>M\u00f6lln (pm). Am Montag, 4. Mai 2026 findet im Theatersaal des Augustinum M\u00f6lln ein Konzert statt. Das Konzert mit Caspar Dieler- Gesang und Nico Schwinn \u2013 Klavier beginnt um 17 Uhr. Der Eintritt betr\u00e4gt 11 Euro und 9 Euro erm\u00e4\u00dfigt. Tickets sind an der Tageskasse erh\u00e4ltlich. \u00a0Mit einem eindrucksvollen Liederabend stellt sich in der Reihe [&hellip;]<\/p>\n","protected":false},"author":2,"featured_media":82675,"comment_status":"closed","ping_status":"closed","sticky":false,"template":"","format":"standard","meta":{"jnews-multi-image_gallery":[],"jnews_single_post":{"subtitle":"","format":"standard","override":[{"template":"1","parallax":"1","fullscreen":"1","layout":"right-sidebar","sidebar":"default-sidebar","second_sidebar":"default-sidebar","sticky_sidebar":"1","share_position":"top","share_float_style":"share-monocrhome","show_view_counter":"1","show_featured":"1","show_post_meta":"1","show_post_author":"1","show_post_author_image":"1","show_post_date":"1","post_date_format":"default","post_date_format_custom":"Y\/m\/d","post_reading_time_wpm":"300","post_calculate_word_method":"str_word_count","show_zoom_button":"0","zoom_button_out_step":"2","zoom_button_in_step":"3","show_post_tag":"1","show_popup_post":"1","number_popup_post":"1","show_author_box":"1","show_post_related":"1","show_inline_post_related":"0"}],"image_override":[{"single_post_thumbnail_size":"crop-500","single_post_gallery_size":"crop-500"}],"trending_post_position":"meta","trending_post_label":"Trending","sponsored_post_label":"Sponsored by","disable_ad":"0"},"jnews_primary_category":[],"jnews_social_meta":[],"jnews_override_counter":{"view_counter_number":"0","share_counter_number":"0","like_counter_number":"0","dislike_counter_number":"0"},"jnews_post_split":{"post_split":[{"template":"1","tag":"h2","numbering":"asc","mode":"normal","first":"0","enable_toc":"0","toc_type":"normal"}]},"footnotes":""},"categories":[3757,66,4028],"tags":[464,125],"class_list":["post-82674","post","type-post","status-publish","format-standard","has-post-thumbnail","hentry","category-ausflugstipp","category-moelln","category-senioren","tag-augustinum-moelln","tag-konzert"],"_links":{"self":[{"href":"https:\/\/herzogtum-direkt.de\/index.php\/wp-json\/wp\/v2\/posts\/82674","targetHints":{"allow":["GET"]}}],"collection":[{"href":"https:\/\/herzogtum-direkt.de\/index.php\/wp-json\/wp\/v2\/posts"}],"about":[{"href":"https:\/\/herzogtum-direkt.de\/index.php\/wp-json\/wp\/v2\/types\/post"}],"author":[{"embeddable":true,"href":"https:\/\/herzogtum-direkt.de\/index.php\/wp-json\/wp\/v2\/users\/2"}],"replies":[{"embeddable":true,"href":"https:\/\/herzogtum-direkt.de\/index.php\/wp-json\/wp\/v2\/comments?post=82674"}],"version-history":[{"count":1,"href":"https:\/\/herzogtum-direkt.de\/index.php\/wp-json\/wp\/v2\/posts\/82674\/revisions"}],"predecessor-version":[{"id":82676,"href":"https:\/\/herzogtum-direkt.de\/index.php\/wp-json\/wp\/v2\/posts\/82674\/revisions\/82676"}],"wp:featuredmedia":[{"embeddable":true,"href":"https:\/\/herzogtum-direkt.de\/index.php\/wp-json\/wp\/v2\/media\/82675"}],"wp:attachment":[{"href":"https:\/\/herzogtum-direkt.de\/index.php\/wp-json\/wp\/v2\/media?parent=82674"}],"wp:term":[{"taxonomy":"category","embeddable":true,"href":"https:\/\/herzogtum-direkt.de\/index.php\/wp-json\/wp\/v2\/categories?post=82674"},{"taxonomy":"post_tag","embeddable":true,"href":"https:\/\/herzogtum-direkt.de\/index.php\/wp-json\/wp\/v2\/tags?post=82674"}],"curies":[{"name":"wp","href":"https:\/\/api.w.org\/{rel}","templated":true}]}}