{"id":82652,"date":"2026-04-25T04:50:28","date_gmt":"2026-04-25T03:50:28","guid":{"rendered":"https:\/\/herzogtum-direkt.de\/?p=82652"},"modified":"2026-04-24T10:56:50","modified_gmt":"2026-04-24T09:56:50","slug":"gemeindeversammlung-roemnitz-kommt-am-5-mai-2026-zusammen","status":"publish","type":"post","link":"https:\/\/herzogtum-direkt.de\/index.php\/2026\/04\/25\/gemeindeversammlung-roemnitz-kommt-am-5-mai-2026-zusammen\/","title":{"rendered":"Gemeindeversammlung R\u00f6mnitz kommt am 5. Mai 2026 zusammen"},"content":{"rendered":"<p><strong>R\u00f6mnitz (aa).<\/strong> Am Dienstag, 5. Mai 2026, um 19 Uhr, trifft sich die Gemeindeversammlung R\u00f6mnitz in den B\u00fcror\u00e4umen des B\u00fcrgermeisters in der Dorfstra\u00dfe 10. Auf der Tagesordnung stehen unter anderem die Beschlussfassung \u00fcber die Niederschrift der letzten Sitzung, der Bericht des B\u00fcrgermeisters sowie die Wahl der oder des zweiten stellvertretenden B\u00fcrgermeisters. Zudem wird beraten \u00fcber eine Gesch\u00e4ftsordnung f\u00fcr die Gemeindeversammlung f\u00fcr die Wahlperiode 2023 bis 2028.<\/p>\n<p>Ein weiterer wichtiger Punkt ist die Wahl eines Mitglieds und einer oder eines Vorsitzenden f\u00fcr den Kulturausschuss. Auch die Teilnahme der Aktivgruppe R\u00f6mnitz am Angebot der Ergotherapie Sterley wird behandelt. In der Einwohnerfragestunde haben B\u00fcrger die M\u00f6glichkeit, Fragen und Anliegen vorzubringen. Unter dem Punkt Verschiedenes k\u00f6nnen weitere Themen zur Sprache kommen.<\/p>\n<p>Ein zentrales Thema der Sitzung sind die Grundst\u00fccksangelegenheiten, insbesondere die Auswirkungen der Insolvenz des Gewerbebetriebes &#8222;R\u00f6mnitzer M\u00fchle&#8220; auf die Gemeinde. Dieser Tagesordnungspunkt wird voraussichtlich nicht \u00f6ffentlich er\u00f6rtert.<\/p>\n<p>Am Ende der Sitzung erfolgt die Bekanntgabe der im nicht\u00f6ffentlichen Teil gefassten Beschl\u00fcsse.<\/p>\n<p><strong>Tagesordnung im \u00dcberblick<\/strong><\/p>\n<p>(1) Er\u00f6ffnung der Sitzung und Feststellung der Beschlussf\u00e4higkeit<\/p>\n<p>(2) Beschlussfassung \u00fcber eventuelle Einwendungen gegen die Niederschrift \u00fcber die Sitzung vom 18.11.2025<\/p>\n<p>(3) Bericht des B\u00fcrgermeisters<\/p>\n<p>(4) Beschluss einer Gesch\u00e4ftsordnung f\u00fcr die Gemeindeversammlung der Gemeinde R\u00f6mnitz f\u00fcr die Wahlperiode 2023 bis 2028<\/p>\n<p>(5) Wahl der\/des 2. Stellvertretenden des Vorsitzenden (2. stv. B\u00fcrgermeister\/in)<\/p>\n<p>(6) Aush\u00e4ndigung der Ernennungsurkunde an die\/den 2. Stellvertretenden des B\u00fcrgermeisters sowie ihre oder seine Vereidigung und Einf\u00fchrung in ihr oder sein Amt<\/p>\n<p>(7) Wahl eines Mitglieds sowie einer\/eines Vorsitzenden f\u00fcr den Kulturausschuss<\/p>\n<p>(8) Teilnahme der Aktivgruppe R\u00f6mnitz am Angebot der Ergotherapie Sterley<\/p>\n<p>(9) Einwohnerfragestunde<\/p>\n<p>(10) Verschiedenes<\/p>\n<p>(11) Grundst\u00fccksangelegenheiten, hier: Auswirkungen der Insolvenz eines Gewerbebetriebes &#8222;R\u00f6mnitzer M\u00fchle&#8220; auf die Gemeinde<\/p>\n<p>(12) Bekanntgabe der im nicht\u00f6ffentlichen Teil der Sitzung gefassten Beschl\u00fcsse<\/p>\n","protected":false},"excerpt":{"rendered":"<p>R\u00f6mnitz (aa). Am Dienstag, 5. Mai 2026, um 19 Uhr, trifft sich die Gemeindeversammlung R\u00f6mnitz in den B\u00fcror\u00e4umen des B\u00fcrgermeisters in der Dorfstra\u00dfe 10. Auf der Tagesordnung stehen unter anderem die Beschlussfassung \u00fcber die Niederschrift der letzten Sitzung, der Bericht des B\u00fcrgermeisters sowie die Wahl der oder des zweiten stellvertretenden B\u00fcrgermeisters. Zudem wird beraten \u00fcber [&hellip;]<\/p>\n","protected":false},"author":1,"featured_media":82381,"comment_status":"closed","ping_status":"closed","sticky":false,"template":"","format":"standard","meta":{"jnews-multi-image_gallery":[],"jnews_single_post":{"subtitle":"","format":"standard","override":[{"template":"1","parallax":"1","fullscreen":"1","layout":"right-sidebar","sidebar":"default-sidebar","second_sidebar":"default-sidebar","sticky_sidebar":"1","share_position":"top","share_float_style":"share-monocrhome","show_view_counter":"1","show_featured":"1","show_post_meta":"1","show_post_author":"1","show_post_author_image":"1","show_post_date":"1","post_date_format":"default","post_date_format_custom":"Y\/m\/d","post_reading_time_wpm":"300","post_calculate_word_method":"str_word_count","show_zoom_button":"0","zoom_button_out_step":"2","zoom_button_in_step":"3","show_post_tag":"1","show_popup_post":"1","number_popup_post":"1","show_author_box":"1","show_post_related":"1","show_inline_post_related":"0"}],"image_override":[{"single_post_thumbnail_size":"crop-500","single_post_gallery_size":"crop-500"}],"trending_post_position":"meta","trending_post_label":"Trending","sponsored_post_label":"Sponsored by","disable_ad":"0"},"jnews_primary_category":[],"jnews_social_meta":[],"jnews_override_counter":{"view_counter_number":"0","share_counter_number":"0","like_counter_number":"0","dislike_counter_number":"0"},"jnews_post_split":{"post_split":[{"template":"1","tag":"h2","numbering":"asc","mode":"normal","first":"0","enable_toc":"0","toc_type":"normal"}]},"footnotes":""},"categories":[69,63],"tags":[2568],"class_list":["post-82652","post","type-post","status-publish","format-standard","has-post-thumbnail","hentry","category-amt-lauenburgische-seen","category-herzogtum-lauenburg","tag-roemnitz"],"_links":{"self":[{"href":"https:\/\/herzogtum-direkt.de\/index.php\/wp-json\/wp\/v2\/posts\/82652","targetHints":{"allow":["GET"]}}],"collection":[{"href":"https:\/\/herzogtum-direkt.de\/index.php\/wp-json\/wp\/v2\/posts"}],"about":[{"href":"https:\/\/herzogtum-direkt.de\/index.php\/wp-json\/wp\/v2\/types\/post"}],"author":[{"embeddable":true,"href":"https:\/\/herzogtum-direkt.de\/index.php\/wp-json\/wp\/v2\/users\/1"}],"replies":[{"embeddable":true,"href":"https:\/\/herzogtum-direkt.de\/index.php\/wp-json\/wp\/v2\/comments?post=82652"}],"version-history":[{"count":1,"href":"https:\/\/herzogtum-direkt.de\/index.php\/wp-json\/wp\/v2\/posts\/82652\/revisions"}],"predecessor-version":[{"id":82654,"href":"https:\/\/herzogtum-direkt.de\/index.php\/wp-json\/wp\/v2\/posts\/82652\/revisions\/82654"}],"wp:featuredmedia":[{"embeddable":true,"href":"https:\/\/herzogtum-direkt.de\/index.php\/wp-json\/wp\/v2\/media\/82381"}],"wp:attachment":[{"href":"https:\/\/herzogtum-direkt.de\/index.php\/wp-json\/wp\/v2\/media?parent=82652"}],"wp:term":[{"taxonomy":"category","embeddable":true,"href":"https:\/\/herzogtum-direkt.de\/index.php\/wp-json\/wp\/v2\/categories?post=82652"},{"taxonomy":"post_tag","embeddable":true,"href":"https:\/\/herzogtum-direkt.de\/index.php\/wp-json\/wp\/v2\/tags?post=82652"}],"curies":[{"name":"wp","href":"https:\/\/api.w.org\/{rel}","templated":true}]}}