{"id":82604,"date":"2026-04-27T05:34:19","date_gmt":"2026-04-27T04:34:19","guid":{"rendered":"https:\/\/herzogtum-direkt.de\/?p=82604"},"modified":"2026-04-23T11:45:23","modified_gmt":"2026-04-23T10:45:23","slug":"landfrauenverein-laedt-zum-gemeinsamen-mittagessen-ein","status":"publish","type":"post","link":"https:\/\/herzogtum-direkt.de\/index.php\/2026\/04\/27\/landfrauenverein-laedt-zum-gemeinsamen-mittagessen-ein\/","title":{"rendered":"LandFrauenVerein l\u00e4dt zum gemeinsamen Mittagessen ein"},"content":{"rendered":"<div>\n<p><strong>Ratzeburg (gb).<\/strong> Der Gemeinderaum der Ansverus-Kirche, Mechower Stra\u00dfe 4, verwandelt sich am Mittwoch, 13. Mai 2026 zu einem Gastraum der besonderen Art. Das bew\u00e4hrte Koch- und Gemeinschaftsprojekt \u201eDie LandFrauen kochen \u2013 und wir essen gemeinsam\u201c \u00f6ffnet wieder die T\u00fcren f\u00fcr alle, die Gemeinschaft und kulinarische Freuden\u00a0 erleben m\u00f6chten. Der Einlass ist ab 11.45 Uhr, das Essen wird um 12 Uhr serviert.<\/p>\n<p><figure id=\"attachment_79710\" aria-describedby=\"caption-attachment-79710\" style=\"width: 600px\" class=\"wp-caption alignnone\"><img fetchpriority=\"high\" decoding=\"async\" class=\"size-medium wp-image-79710\" src=\"https:\/\/herzogtum-direkt.de\/wp-content\/uploads\/2026\/01\/Kochen-Kueche-LandFrauen-Suppe-Pixabay-600x400.jpg\" alt=\"\" width=\"600\" height=\"400\" srcset=\"https:\/\/herzogtum-direkt.de\/wp-content\/uploads\/2026\/01\/Kochen-Kueche-LandFrauen-Suppe-Pixabay-600x400.jpg 600w, https:\/\/herzogtum-direkt.de\/wp-content\/uploads\/2026\/01\/Kochen-Kueche-LandFrauen-Suppe-Pixabay-768x511.jpg 768w, https:\/\/herzogtum-direkt.de\/wp-content\/uploads\/2026\/01\/Kochen-Kueche-LandFrauen-Suppe-Pixabay.jpg 1000w\" sizes=\"(max-width: 600px) 100vw, 600px\" \/><figcaption id=\"caption-attachment-79710\" class=\"wp-caption-text\">Foto: Bild von <a href=\"https:\/\/pixabay.com\/de\/users\/mrgajowy3-7396567\/?utm_source=link-attribution&amp;utm_medium=referral&amp;utm_campaign=image&amp;utm_content=6060630\">Teodor Buhl<\/a> auf <a href=\"https:\/\/pixabay.com\/de\/\/?utm_source=link-attribution&amp;utm_medium=referral&amp;utm_campaign=image&amp;utm_content=6060630\">Pixabay<\/a>, hfr<\/figcaption><\/figure>\n<\/div>\n<div>\n<p>Seit zwei Jahren steht das Projekt f\u00fcr ein besonderes Erlebnis: das gemeinsame Essen in geselliger Runde an liebevoll dekorierten Tischen. An diesem Tag wird ein frisches Spargelrisotto serviert, liebevoll zubereitet und ansprechend dekoriert. Als s\u00fc\u00dfer Abschluss wartet ein hausgemachtes Eis auf die G\u00e4ste.<\/p>\n<\/div>\n<div>\n<p>Der Kostenbeitrag betr\u00e4gt 6 Euro pro Person und wird vor Ort entrichtet. Anmeldungen werden vom 27. April 2026 bis 9. Mai 2026 unter der Telefonnummer 0160 \u2013 911 84 889 oder per E-Mail an\u00a0<a id=\"OWA59d3a6a7-cbb7-4998-dd53-a6d040e7b454\" title=\"mailto:ratzeburg@landfrauen-herzogtum.de\" href=\"mailto:ratzeburg@landfrauen-herzogtum.de\" target=\"_blank\" rel=\"noopener\" data-linkindex=\"0\">ratzeburg@landfrauen-herzogtum.de<\/a>\u00a0entgegengenommen.<\/p>\n<\/div>\n","protected":false},"excerpt":{"rendered":"<p>Ratzeburg (gb). Der Gemeinderaum der Ansverus-Kirche, Mechower Stra\u00dfe 4, verwandelt sich am Mittwoch, 13. Mai 2026 zu einem Gastraum der besonderen Art. Das bew\u00e4hrte Koch- und Gemeinschaftsprojekt \u201eDie LandFrauen kochen \u2013 und wir essen gemeinsam\u201c \u00f6ffnet wieder die T\u00fcren f\u00fcr alle, die Gemeinschaft und kulinarische Freuden\u00a0 erleben m\u00f6chten. Der Einlass ist ab 11.45 Uhr, das [&hellip;]<\/p>\n","protected":false},"author":2,"featured_media":82605,"comment_status":"closed","ping_status":"closed","sticky":false,"template":"","format":"standard","meta":{"jnews-multi-image_gallery":[],"jnews_single_post":{"format":"standard","override":[{"template":"1","parallax":"1","fullscreen":"1","layout":"right-sidebar","sidebar":"default-sidebar","second_sidebar":"default-sidebar","sticky_sidebar":"1","share_position":"top","share_float_style":"share-monocrhome","show_view_counter":"1","show_featured":"1","show_post_meta":"1","show_post_author":"1","show_post_author_image":"1","show_post_date":"1","post_date_format":"default","post_date_format_custom":"Y\/m\/d","post_reading_time_wpm":"300","post_calculate_word_method":"str_word_count","show_zoom_button":"0","zoom_button_out_step":"2","zoom_button_in_step":"3","show_post_tag":"1","show_popup_post":"1","number_popup_post":"1","show_author_box":"1","show_post_related":"1","show_inline_post_related":"0"}],"image_override":[{"single_post_thumbnail_size":"crop-500","single_post_gallery_size":"crop-500"}],"trending_post_position":"meta","trending_post_label":"Trending","sponsored_post_label":"Sponsored by","disable_ad":"0","subtitle":"Begegnung, Miteinander und liebevolle Zubereitung im Mittelpunkt"},"jnews_primary_category":[],"jnews_social_meta":[],"jnews_override_counter":{"view_counter_number":"0","share_counter_number":"0","like_counter_number":"0","dislike_counter_number":"0"},"jnews_post_split":{"post_split":[{"template":"1","tag":"h2","numbering":"asc","mode":"normal","first":"0","enable_toc":"0","toc_type":"normal"}]},"footnotes":""},"categories":[73,64],"tags":[3260,2469,3329],"class_list":["post-82604","post","type-post","status-publish","format-standard","has-post-thumbnail","hentry","category-landleute","category-ratzeburg","tag-kirchengemeinde-ansverus-ratzeburg","tag-landfrauen-ratzeburg","tag-veranstaltung"],"_links":{"self":[{"href":"https:\/\/herzogtum-direkt.de\/index.php\/wp-json\/wp\/v2\/posts\/82604","targetHints":{"allow":["GET"]}}],"collection":[{"href":"https:\/\/herzogtum-direkt.de\/index.php\/wp-json\/wp\/v2\/posts"}],"about":[{"href":"https:\/\/herzogtum-direkt.de\/index.php\/wp-json\/wp\/v2\/types\/post"}],"author":[{"embeddable":true,"href":"https:\/\/herzogtum-direkt.de\/index.php\/wp-json\/wp\/v2\/users\/2"}],"replies":[{"embeddable":true,"href":"https:\/\/herzogtum-direkt.de\/index.php\/wp-json\/wp\/v2\/comments?post=82604"}],"version-history":[{"count":1,"href":"https:\/\/herzogtum-direkt.de\/index.php\/wp-json\/wp\/v2\/posts\/82604\/revisions"}],"predecessor-version":[{"id":82606,"href":"https:\/\/herzogtum-direkt.de\/index.php\/wp-json\/wp\/v2\/posts\/82604\/revisions\/82606"}],"wp:featuredmedia":[{"embeddable":true,"href":"https:\/\/herzogtum-direkt.de\/index.php\/wp-json\/wp\/v2\/media\/82605"}],"wp:attachment":[{"href":"https:\/\/herzogtum-direkt.de\/index.php\/wp-json\/wp\/v2\/media?parent=82604"}],"wp:term":[{"taxonomy":"category","embeddable":true,"href":"https:\/\/herzogtum-direkt.de\/index.php\/wp-json\/wp\/v2\/categories?post=82604"},{"taxonomy":"post_tag","embeddable":true,"href":"https:\/\/herzogtum-direkt.de\/index.php\/wp-json\/wp\/v2\/tags?post=82604"}],"curies":[{"name":"wp","href":"https:\/\/api.w.org\/{rel}","templated":true}]}}