{"id":82568,"date":"2026-04-25T05:46:29","date_gmt":"2026-04-25T04:46:29","guid":{"rendered":"https:\/\/herzogtum-direkt.de\/?p=82568"},"modified":"2026-04-23T09:53:38","modified_gmt":"2026-04-23T08:53:38","slug":"banana-day-in-der-geesthachter-kita-regenbogen","status":"publish","type":"post","link":"https:\/\/herzogtum-direkt.de\/index.php\/2026\/04\/25\/banana-day-in-der-geesthachter-kita-regenbogen\/","title":{"rendered":"Banana-Day in der Geesthachter Kita Regenbogen"},"content":{"rendered":"<p style=\"font-weight: 400;\"><strong>Geesthacht (pm).<\/strong> Warum sind Bananen so gesund, welche Sorten von Bananen gibt es eigentlich, wo wachsen die gelben Fr\u00fcchte und wie kommen sie zu uns auf den Essenstisch?\u00a0Fragen rund um das beliebte Obst und die Hintergr\u00fcnde von dessen Produktion standen beim diesj\u00e4hrigen Banana-Day wieder im Mittelpunkt. Das st\u00e4dtische Familienzentrum Regenbogen beteiligt sich seit Jahren an dem Aktionstag.<\/p>\n<figure id=\"attachment_39188\" aria-describedby=\"caption-attachment-39188\" style=\"width: 287px\" class=\"wp-caption aligncenter\"><img fetchpriority=\"high\" decoding=\"async\" class=\"size-medium wp-image-39188\" src=\"https:\/\/herzogtum-direkt.de\/wp-content\/uploads\/2022\/04\/Kita-Regenbogen-287x300.jpg\" alt=\"\" width=\"287\" height=\"300\" srcset=\"https:\/\/herzogtum-direkt.de\/wp-content\/uploads\/2022\/04\/Kita-Regenbogen-287x300.jpg 287w, https:\/\/herzogtum-direkt.de\/wp-content\/uploads\/2022\/04\/Kita-Regenbogen-978x1024.jpg 978w, https:\/\/herzogtum-direkt.de\/wp-content\/uploads\/2022\/04\/Kita-Regenbogen-768x804.jpg 768w, https:\/\/herzogtum-direkt.de\/wp-content\/uploads\/2022\/04\/Kita-Regenbogen-750x785.jpg 750w, https:\/\/herzogtum-direkt.de\/wp-content\/uploads\/2022\/04\/Kita-Regenbogen.jpg 1000w\" sizes=\"(max-width: 287px) 100vw, 287px\" \/><figcaption id=\"caption-attachment-39188\" class=\"wp-caption-text\">Kita Regenbogen in Geesthacht. Foto: Stadt Geesthacht, hfr<\/figcaption><\/figure>\n<p style=\"font-weight: 400;\">Mit von der Partie war auch wieder der Geesthachter Hans-Werner Madaus, der sich seit vielen Jahren f\u00fcr das Thema fairen Handel einsetzt. Er erkl\u00e4rte Kindergartenkindern, die am Vormittag in mehrere Gruppen eingeteilt, am Banana-Day teilnahmen, altersgerecht und anhand einer Geschichte, Hintergr\u00fcnde zur Bananen-Ernte.<\/p>\n<p style=\"font-weight: 400;\">Der \u201eBanana-Day\u201c wurde erstmals im Jahr 2009 von der Organisation &#8222;Global Banana Network&#8220; ins Leben gerufen, um zuk\u00fcnftig jedes Jahr am dritten Mittwoch im April auf die globalen Probleme aufmerksam zu machen, die mit der Produktion und dem Handel von Bananen verbunden sind. Dabei wird unter anderem f\u00fcr die komplexen sozialen, \u00f6kologischen und wirtschaftlichen Zusammenh\u00e4nge sensibilisiert, die im Umfeld von Teilen der Bananenproduktion und -industrie entstehen. Stichwort fairer Handel, faire Entlohnung, faire Arbeitsbedingungen.<\/p>\n<p style=\"font-weight: 400;\">Organisiert wurde die Veranstaltung im Familienzentrum Kita Regenbogen durch die Fairtrade-Steuerungsgruppe und Mitarbeitende der Stadtverwaltung Geesthacht. Denn: Die Stadt Geesthacht ist seit 2019 zertifizierte Fairtrade-Stadt.\u00a0Der Titel wird durch den gemeinn\u00fctzigen Verein TransFair e.V. verliehen und muss immer wieder erneuert werden.<\/p>\n<p style=\"font-weight: 400;\">\u201eFaire Handelsbeziehungen und ihre Auswirkungen sind uns ein echtes Anliegen, darum haben wir uns als Stadt der Fairtrade-Town-Kampagne angeschlossen und uns auch zu den Nachhaltigkeitszielen der Vereinten Nationen bekannt\u201c, sagt Geesthachts B\u00fcrgermeister Olaf Schulze und verweist auf entsprechende Ratsbeschl\u00fcsse.<\/p>\n<p style=\"font-weight: 400;\">St\u00e4dte, die sich der Fairtrade-Kampagne anschlie\u00dfen wollen, haben insgesamt f\u00fcnf Kriterien zu erf\u00fcllen: Die Politik muss sich per Ratsbeschluss hinter die Initiative stellen, es muss eine Steuerungsgruppe eingerichtet sowie \u00d6ffentlichkeitsarbeit betrieben werden und es gilt sowohl Unternehmen als auch die Zivilgesellschaft (in Form von z.B. Vereine, Schule und Kirchen-\/Glaubensgemeinschaften) von dem Fairtrade-Gedanken zu \u00fcberzeugen.<\/p>\n<p style=\"font-weight: 400;\">Weitere Informationen \u00fcber fair gehandelte Produkte sind auf der Homepage von Fairtrade Deutschland e.V. unter\u00a0<a href=\"https:\/\/www.geesthacht.de\/redirect.phtml?extlink=1&amp;La=1&amp;url_fid=3777.352.1\" target=\"_blank\" rel=\"noopener\">www.fairtrade-deutschland.de<\/a>\u00a0finden.\u00a0 Weitere Informationen zur Fairtrade-Towns Kampagne stehen f\u00fcr Interessierte unter\u00a0<a href=\"http:\/\/www.fairtrade-towns.de\/\" target=\"_blank\" rel=\"noopener\">www.fairtrade-towns.de<\/a>\u00a0bereit. Das Engagement der Stadt Geesthacht in diesem Bereich ist unter\u00a0<a href=\"http:\/\/www.geesthacht.de\/\" target=\"_blank\" rel=\"noopener\">www.geesthacht.de<\/a>\u00a0unter \u201eUnser Geesthacht\u201c nachzulesen. Dort sind auch alle Kontaktinformationen f\u00fcr Interessierte hinterlegt. Die Stadt sucht stetig Personen, die sich in der Fairtrade-Steuerungsgruppe engagieren.<\/p>\n<p style=\"font-weight: 400;\">\u00a0<\/p>\n","protected":false},"excerpt":{"rendered":"<p>Geesthacht (pm). Warum sind Bananen so gesund, welche Sorten von Bananen gibt es eigentlich, wo wachsen die gelben Fr\u00fcchte und wie kommen sie zu uns auf den Essenstisch?\u00a0Fragen rund um das beliebte Obst und die Hintergr\u00fcnde von dessen Produktion standen beim diesj\u00e4hrigen Banana-Day wieder im Mittelpunkt. Das st\u00e4dtische Familienzentrum Regenbogen beteiligt sich seit Jahren an [&hellip;]<\/p>\n","protected":false},"author":2,"featured_media":82569,"comment_status":"closed","ping_status":"closed","sticky":false,"template":"","format":"standard","meta":{"jnews-multi-image_gallery":[],"jnews_single_post":{"subtitle":"","format":"standard","override":[{"template":"1","parallax":"1","fullscreen":"1","layout":"right-sidebar","sidebar":"default-sidebar","second_sidebar":"default-sidebar","sticky_sidebar":"1","share_position":"top","share_float_style":"share-monocrhome","show_view_counter":"1","show_featured":"1","show_post_meta":"1","show_post_author":"1","show_post_author_image":"1","show_post_date":"1","post_date_format":"default","post_date_format_custom":"Y\/m\/d","post_reading_time_wpm":"300","post_calculate_word_method":"str_word_count","show_zoom_button":"0","zoom_button_out_step":"2","zoom_button_in_step":"3","show_post_tag":"1","show_popup_post":"1","number_popup_post":"1","show_author_box":"1","show_post_related":"1","show_inline_post_related":"0"}],"image_override":[{"single_post_thumbnail_size":"crop-500","single_post_gallery_size":"crop-500"}],"trending_post_position":"meta","trending_post_label":"Trending","sponsored_post_label":"Sponsored by","disable_ad":"0"},"jnews_primary_category":[],"jnews_social_meta":[],"jnews_override_counter":{"view_counter_number":"0","share_counter_number":"0","like_counter_number":"0","dislike_counter_number":"0"},"jnews_post_split":{"post_split":[{"template":"1","tag":"h2","numbering":"asc","mode":"normal","first":"0","enable_toc":"0","toc_type":"normal"}]},"footnotes":""},"categories":[2625,63,74],"tags":[3305,3834,1913],"class_list":["post-82568","post","type-post","status-publish","format-standard","has-post-thumbnail","hentry","category-geesthacht","category-herzogtum-lauenburg","category-jugend-direkt","tag-fairtrade","tag-familienzentrum-regenbogen","tag-kita"],"_links":{"self":[{"href":"https:\/\/herzogtum-direkt.de\/index.php\/wp-json\/wp\/v2\/posts\/82568","targetHints":{"allow":["GET"]}}],"collection":[{"href":"https:\/\/herzogtum-direkt.de\/index.php\/wp-json\/wp\/v2\/posts"}],"about":[{"href":"https:\/\/herzogtum-direkt.de\/index.php\/wp-json\/wp\/v2\/types\/post"}],"author":[{"embeddable":true,"href":"https:\/\/herzogtum-direkt.de\/index.php\/wp-json\/wp\/v2\/users\/2"}],"replies":[{"embeddable":true,"href":"https:\/\/herzogtum-direkt.de\/index.php\/wp-json\/wp\/v2\/comments?post=82568"}],"version-history":[{"count":1,"href":"https:\/\/herzogtum-direkt.de\/index.php\/wp-json\/wp\/v2\/posts\/82568\/revisions"}],"predecessor-version":[{"id":82570,"href":"https:\/\/herzogtum-direkt.de\/index.php\/wp-json\/wp\/v2\/posts\/82568\/revisions\/82570"}],"wp:featuredmedia":[{"embeddable":true,"href":"https:\/\/herzogtum-direkt.de\/index.php\/wp-json\/wp\/v2\/media\/82569"}],"wp:attachment":[{"href":"https:\/\/herzogtum-direkt.de\/index.php\/wp-json\/wp\/v2\/media?parent=82568"}],"wp:term":[{"taxonomy":"category","embeddable":true,"href":"https:\/\/herzogtum-direkt.de\/index.php\/wp-json\/wp\/v2\/categories?post=82568"},{"taxonomy":"post_tag","embeddable":true,"href":"https:\/\/herzogtum-direkt.de\/index.php\/wp-json\/wp\/v2\/tags?post=82568"}],"curies":[{"name":"wp","href":"https:\/\/api.w.org\/{rel}","templated":true}]}}