{"id":82503,"date":"2026-04-27T06:09:58","date_gmt":"2026-04-27T05:09:58","guid":{"rendered":"https:\/\/herzogtum-direkt.de\/?p=82503"},"modified":"2026-04-27T08:10:02","modified_gmt":"2026-04-27T07:10:02","slug":"kuestenkonturen-bjoern-engholm-besucht-ausstellung-im-geesthachtmuseum","status":"publish","type":"post","link":"https:\/\/herzogtum-direkt.de\/index.php\/2026\/04\/27\/kuestenkonturen-bjoern-engholm-besucht-ausstellung-im-geesthachtmuseum\/","title":{"rendered":"&#8218;K\u00fcstenkonturen&#8216;: Bj\u00f6rn Engholm besucht Ausstellung im GeesthachtMuseum"},"content":{"rendered":"<p style=\"font-weight: 400;\"><strong>Geesthacht (pm). <\/strong>Die Ausstellung &#8222;K\u00fcstenkonturen&#8220; ist ab Freitag, 8. Mai 2026 im GeesthachtMuseum! zu sehen. Die Ausstellung ist ein Langzeit-Projekt des Journalisten Kay M\u00fcller gemeinsam mit dem Fotografen und K\u00fcnstler Sven Zimmermann. \u00dcber einen Zeitraum von f\u00fcnf Jahren haben beide 15 Pers\u00f6nlichkeiten mit Stift und Fotoapparat besucht und begleitet. In gro\u00dfformatigen Portraits werden diese Lebensgeschichten eindr\u00fccklich gezeigt. Zu Wort kommen nicht nur prominente Menschen aus Politik oder Sport, sondern auch Landwirte oder Arbeiter. Alle erz\u00e4hlen ihre ganz eigenen Geschichten aus dem echten Norden. Sie berichten von ihrem Alltag, ihren Hoffnungen und Tr\u00e4umen, von Karrieren und Schicksalen.<\/p>\n<figure id=\"attachment_82295\" aria-describedby=\"caption-attachment-82295\" style=\"width: 1000px\" class=\"wp-caption alignnone\"><img fetchpriority=\"high\" decoding=\"async\" class=\"wp-image-82295 size-full\" src=\"https:\/\/herzogtum-direkt.de\/wp-content\/uploads\/2026\/04\/Ausschnitt-Plakat-Kuestenturen-GeesthachtMuseum-2026-Sven-Zimmermann-hfr.jpg\" alt=\"\" width=\"1000\" height=\"645\" srcset=\"https:\/\/herzogtum-direkt.de\/wp-content\/uploads\/2026\/04\/Ausschnitt-Plakat-Kuestenturen-GeesthachtMuseum-2026-Sven-Zimmermann-hfr.jpg 1000w, https:\/\/herzogtum-direkt.de\/wp-content\/uploads\/2026\/04\/Ausschnitt-Plakat-Kuestenturen-GeesthachtMuseum-2026-Sven-Zimmermann-hfr-600x387.jpg 600w, https:\/\/herzogtum-direkt.de\/wp-content\/uploads\/2026\/04\/Ausschnitt-Plakat-Kuestenturen-GeesthachtMuseum-2026-Sven-Zimmermann-hfr-768x495.jpg 768w\" sizes=\"(max-width: 1000px) 100vw, 1000px\" \/><figcaption id=\"caption-attachment-82295\" class=\"wp-caption-text\">Der Ausschnitt aus dem Plakat zur Ausstellung &#8218;K\u00fcstentouren&#8216; zeigt den K\u00fcnstler und Musiker Sven Zimmermann. Foto: hfr<\/figcaption><\/figure>\n<p style=\"font-weight: 400;\">Eine Auswahl der entstandenen Bilder aus der zugeh\u00f6rigen Ausstellung der Sparkassenstiftung Schleswig-Holstein werden nun im GeesthachtMuseum! in der Bergedorfer Stra\u00dfe 28 gezeigt.<\/p>\n<p style=\"font-weight: 400;\">Die Ausstellung wird f\u00fcr interessierte Besuchende vom 8. Mai bis zum 7. Juni im Geesthacht Museum! zu erkunden sein.\u00a0Der Eintritt ist kostenfrei und zu den \u00d6ffnungszeiten der Touristeninformation m\u00f6glich.<\/p>\n<p style=\"font-weight: 400;\">&#8222;Besonders freuen wir uns, dass Bj\u00f6rn Engholm (Ministerpr\u00e4sident aD) als Vorwortgeber und Begleiter des Projektes gemeinsam mit Geesthachts B\u00fcrgermeister Olaf Schulze und Pers\u00f6nlichkeiten aus Politik und Wirtschaft die Ausstellung am 12. Mai besuchen wird&#8220;, sagen die Verantwortlichen.<\/p>\n<p style=\"font-weight: 400;\">Mit einem kurzen Gru\u00dfwort wird er das Projekt beschreiben, w\u00e4hrend im anschlie\u00dfenden K\u00fcnstlergespr\u00e4ch noch einmal die Beweggr\u00fcnde f\u00fcr die Fotostrecken und Interviews in einer besonderen Zeit diskutiert werden. Die Vernissage mit Bj\u00f6rn Engholm beginnt am 12. Mai um 17 Uhr im Geesthacht Museum. Eine Anmeldung ist zur Teilnahme erforderlich, da die Pl\u00e4tze begrenzt sind. Anmeldungen werden bis zum 30. April unter <a href=\"mailto:touristinfo@geesthacht.de\" target=\"_blank\" rel=\"noopener\">touristinfo@geesthacht.de<\/a> angenommen.<\/p>\n<p style=\"font-weight: 400;\">Ein besonderes Highlight f\u00fcr Fotografie-Interessierte: Anl\u00e4sslich der aktuellen Ausstellung &#8222;K\u00fcstenkonturen&#8220; mit Portrait- und Landschaftsfotografien aus Schleswig-Holstein laden das Stadt- und Kulturmanagement Geesthachts sowie die Volkshochschule Geesthacht zum Mitmachen ein:<\/p>\n<p style=\"font-weight: 400;\">In einem dreist\u00fcndigen Workshop erfahren Teilnehmende, wie Hobbyfotografen gute Landschaftsfotos gelingen k\u00f6nnen. Geleitet wird der Workshop vom Fotografen Jens C. Gehring, der ein besonderes Augenmerk auf den Bildaufbau, Einstellungen an Kamera oder Handy und die Besonderheit von Lichtverh\u00e4ltnissen legen wird.<\/p>\n<ul>\n<li style=\"font-weight: 400;\">Wann: 27. Mai 2026 von 15-18 Uhr<\/li>\n<li style=\"font-weight: 400;\">Wo: GeesthachtMuseum! Bergedorfer Stra\u00dfe 28, 21502 Geesthacht<\/li>\n<li style=\"font-weight: 400;\">Dozent: Jens C. Gehring<\/li>\n<li style=\"font-weight: 400;\">Preis: 31\u20ac pro Person<\/li>\n<li style=\"font-weight: 400;\"><a href=\"https:\/\/vhs-geesthacht.de\/index.php?id=103&amp;kathaupt=11&amp;knr=2612110103\" target=\"_blank\" rel=\"noopener\">Anmeldung<\/a><\/li>\n<\/ul>\n<p style=\"font-weight: 400;\">\u00a0<\/p>\n","protected":false},"excerpt":{"rendered":"<p>Geesthacht (pm). Die Ausstellung &#8222;K\u00fcstenkonturen&#8220; ist ab Freitag, 8. Mai 2026 im GeesthachtMuseum! zu sehen. Die Ausstellung ist ein Langzeit-Projekt des Journalisten Kay M\u00fcller gemeinsam mit dem Fotografen und K\u00fcnstler Sven Zimmermann. \u00dcber einen Zeitraum von f\u00fcnf Jahren haben beide 15 Pers\u00f6nlichkeiten mit Stift und Fotoapparat besucht und begleitet. In gro\u00dfformatigen Portraits werden diese Lebensgeschichten [&hellip;]<\/p>\n","protected":false},"author":49,"featured_media":74060,"comment_status":"closed","ping_status":"closed","sticky":false,"template":"","format":"standard","meta":{"jnews-multi-image_gallery":[],"jnews_single_post":{"subtitle":"","format":"standard","override":[{"template":"1","parallax":"1","fullscreen":"1","layout":"right-sidebar","sidebar":"default-sidebar","second_sidebar":"default-sidebar","sticky_sidebar":"1","share_position":"top","share_float_style":"share-monocrhome","show_view_counter":"1","show_featured":"1","show_post_meta":"1","show_post_author":"1","show_post_author_image":"1","show_post_date":"1","post_date_format":"default","post_date_format_custom":"Y\/m\/d","post_reading_time_wpm":"300","post_calculate_word_method":"str_word_count","show_zoom_button":"0","zoom_button_out_step":"2","zoom_button_in_step":"3","show_post_tag":"1","show_popup_post":"1","number_popup_post":"1","show_author_box":"1","show_post_related":"1","show_inline_post_related":"0"}],"image_override":[{"single_post_thumbnail_size":"crop-500","single_post_gallery_size":"crop-500"}],"trending_post_position":"meta","trending_post_label":"Trending","sponsored_post_label":"Sponsored by","disable_ad":"0"},"jnews_primary_category":[],"jnews_social_meta":[],"jnews_override_counter":{"view_counter_number":"0","share_counter_number":"0","like_counter_number":"0","dislike_counter_number":"0"},"jnews_post_split":{"post_split":[{"template":"1","tag":"h2","numbering":"asc","mode":"normal","first":"0","enable_toc":"0","toc_type":"normal"}]},"footnotes":""},"categories":[3757,2625,70],"tags":[1756,703],"class_list":["post-82503","post","type-post","status-publish","format-standard","has-post-thumbnail","hentry","category-ausflugstipp","category-geesthacht","category-kultur","tag-geesthachtmuseum","tag-tourismus"],"_links":{"self":[{"href":"https:\/\/herzogtum-direkt.de\/index.php\/wp-json\/wp\/v2\/posts\/82503","targetHints":{"allow":["GET"]}}],"collection":[{"href":"https:\/\/herzogtum-direkt.de\/index.php\/wp-json\/wp\/v2\/posts"}],"about":[{"href":"https:\/\/herzogtum-direkt.de\/index.php\/wp-json\/wp\/v2\/types\/post"}],"author":[{"embeddable":true,"href":"https:\/\/herzogtum-direkt.de\/index.php\/wp-json\/wp\/v2\/users\/49"}],"replies":[{"embeddable":true,"href":"https:\/\/herzogtum-direkt.de\/index.php\/wp-json\/wp\/v2\/comments?post=82503"}],"version-history":[{"count":3,"href":"https:\/\/herzogtum-direkt.de\/index.php\/wp-json\/wp\/v2\/posts\/82503\/revisions"}],"predecessor-version":[{"id":82659,"href":"https:\/\/herzogtum-direkt.de\/index.php\/wp-json\/wp\/v2\/posts\/82503\/revisions\/82659"}],"wp:featuredmedia":[{"embeddable":true,"href":"https:\/\/herzogtum-direkt.de\/index.php\/wp-json\/wp\/v2\/media\/74060"}],"wp:attachment":[{"href":"https:\/\/herzogtum-direkt.de\/index.php\/wp-json\/wp\/v2\/media?parent=82503"}],"wp:term":[{"taxonomy":"category","embeddable":true,"href":"https:\/\/herzogtum-direkt.de\/index.php\/wp-json\/wp\/v2\/categories?post=82503"},{"taxonomy":"post_tag","embeddable":true,"href":"https:\/\/herzogtum-direkt.de\/index.php\/wp-json\/wp\/v2\/tags?post=82503"}],"curies":[{"name":"wp","href":"https:\/\/api.w.org\/{rel}","templated":true}]}}