{"id":82493,"date":"2026-04-26T05:55:47","date_gmt":"2026-04-26T04:55:47","guid":{"rendered":"https:\/\/herzogtum-direkt.de\/?p=82493"},"modified":"2026-04-21T09:58:22","modified_gmt":"2026-04-21T08:58:22","slug":"der-nachtwaechter-startet-in-die-saison-2026","status":"publish","type":"post","link":"https:\/\/herzogtum-direkt.de\/index.php\/2026\/04\/26\/der-nachtwaechter-startet-in-die-saison-2026\/","title":{"rendered":"Der Nachtw\u00e4chter startet in die Saison 2026"},"content":{"rendered":"<p><strong>Ratzeburg (pm).<\/strong> Am Freitag, 8. Mai 2026 startet der neue Nachtw\u00e4chter Norbert Hauschild um 20 Uhr mit seinem ersten \u00f6ffentlichen Rundgang in die Saison. Im sanften Schein der Laterne erwartet die Besucherinnen und Besucher bei Einbruch der Dunkelheit ein besonderer Abend, an dem historische Geschichten und das Flair vergangener Zeiten lebendig werden.<\/p>\n<p>In traditioneller Gewandung, ausgestattet mit Hellebarde, Horn und Laterne, nimmt der Ratzeburger Nachtw\u00e4chter seine G\u00e4ste mit auf eine stimmungsvolle Reise durch die D\u00e4mmerung.<\/p>\n<p>Eine Anmeldung ist nicht erforderlich. Der Teilnahmebeitrag betr\u00e4gt 8 Euro pro Person, Kinder bis 14 Jahre nehmen kostenfrei teil. Die Bezahlung erfolgt direkt beim Nachtw\u00e4chter. Treffpunkt f\u00fcr das rund zweist\u00fcndige Erlebnis ist die Alte Wache am Marktplatz.<\/p>\n<p>Die Tourist-Information Ratzeburg bietet noch bis Oktober jeden Monat eine \u00f6ffentliche Nachtw\u00e4chter-Tour an. Alle Termine und weitere Details finden Interessierte im Veranstaltungskalender unter <a href=\"http:\/\/www.ratzeburg-tourismus.de\" target=\"_blank\" rel=\"noopener\">www.ratzeburg-tourismus.de<\/a> oder direkt in der Tourist-Information im Rathaus (Tel. 04541 8000 886, <a href=\"mailto:tourist-info@ratzeburg.de\" target=\"_blank\" rel=\"noopener\">tourist-info@ratzeburg.de<\/a>).<\/p>\n","protected":false},"excerpt":{"rendered":"<p>Ratzeburg (pm). Am Freitag, 8. Mai 2026 startet der neue Nachtw\u00e4chter Norbert Hauschild um 20 Uhr mit seinem ersten \u00f6ffentlichen Rundgang in die Saison. Im sanften Schein der Laterne erwartet die Besucherinnen und Besucher bei Einbruch der Dunkelheit ein besonderer Abend, an dem historische Geschichten und das Flair vergangener Zeiten lebendig werden. In traditioneller Gewandung, [&hellip;]<\/p>\n","protected":false},"author":2,"featured_media":82494,"comment_status":"closed","ping_status":"closed","sticky":false,"template":"","format":"standard","meta":{"jnews-multi-image_gallery":[],"jnews_single_post":{"subtitle":"","format":"standard","override":[{"template":"1","parallax":"1","fullscreen":"1","layout":"right-sidebar","sidebar":"default-sidebar","second_sidebar":"default-sidebar","sticky_sidebar":"1","share_position":"top","share_float_style":"share-monocrhome","show_view_counter":"1","show_featured":"1","show_post_meta":"1","show_post_author":"1","show_post_author_image":"1","show_post_date":"1","post_date_format":"default","post_date_format_custom":"Y\/m\/d","post_reading_time_wpm":"300","post_calculate_word_method":"str_word_count","show_zoom_button":"0","zoom_button_out_step":"2","zoom_button_in_step":"3","show_post_tag":"1","show_popup_post":"1","number_popup_post":"1","show_author_box":"1","show_post_related":"1","show_inline_post_related":"0"}],"image_override":[{"single_post_thumbnail_size":"crop-500","single_post_gallery_size":"crop-500"}],"trending_post_position":"meta","trending_post_label":"Trending","sponsored_post_label":"Sponsored by","disable_ad":"0"},"jnews_primary_category":[],"jnews_social_meta":[],"jnews_override_counter":{"view_counter_number":"0","share_counter_number":"0","like_counter_number":"0","dislike_counter_number":"0"},"jnews_post_split":{"post_split":[{"template":"1","tag":"h2","numbering":"asc","mode":"normal","first":"0","enable_toc":"0","toc_type":"normal"}]},"footnotes":""},"categories":[70,64],"tags":[380,703],"class_list":["post-82493","post","type-post","status-publish","format-standard","has-post-thumbnail","hentry","category-kultur","category-ratzeburg","tag-stadtfuehrung","tag-tourismus"],"_links":{"self":[{"href":"https:\/\/herzogtum-direkt.de\/index.php\/wp-json\/wp\/v2\/posts\/82493","targetHints":{"allow":["GET"]}}],"collection":[{"href":"https:\/\/herzogtum-direkt.de\/index.php\/wp-json\/wp\/v2\/posts"}],"about":[{"href":"https:\/\/herzogtum-direkt.de\/index.php\/wp-json\/wp\/v2\/types\/post"}],"author":[{"embeddable":true,"href":"https:\/\/herzogtum-direkt.de\/index.php\/wp-json\/wp\/v2\/users\/2"}],"replies":[{"embeddable":true,"href":"https:\/\/herzogtum-direkt.de\/index.php\/wp-json\/wp\/v2\/comments?post=82493"}],"version-history":[{"count":1,"href":"https:\/\/herzogtum-direkt.de\/index.php\/wp-json\/wp\/v2\/posts\/82493\/revisions"}],"predecessor-version":[{"id":82495,"href":"https:\/\/herzogtum-direkt.de\/index.php\/wp-json\/wp\/v2\/posts\/82493\/revisions\/82495"}],"wp:featuredmedia":[{"embeddable":true,"href":"https:\/\/herzogtum-direkt.de\/index.php\/wp-json\/wp\/v2\/media\/82494"}],"wp:attachment":[{"href":"https:\/\/herzogtum-direkt.de\/index.php\/wp-json\/wp\/v2\/media?parent=82493"}],"wp:term":[{"taxonomy":"category","embeddable":true,"href":"https:\/\/herzogtum-direkt.de\/index.php\/wp-json\/wp\/v2\/categories?post=82493"},{"taxonomy":"post_tag","embeddable":true,"href":"https:\/\/herzogtum-direkt.de\/index.php\/wp-json\/wp\/v2\/tags?post=82493"}],"curies":[{"name":"wp","href":"https:\/\/api.w.org\/{rel}","templated":true}]}}