{"id":82476,"date":"2026-04-26T05:56:07","date_gmt":"2026-04-26T04:56:07","guid":{"rendered":"https:\/\/herzogtum-direkt.de\/?p=82476"},"modified":"2026-04-24T11:06:42","modified_gmt":"2026-04-24T10:06:42","slug":"luebeck-verabschiedet-proepstin-kallies-in-den-ruhestand","status":"publish","type":"post","link":"https:\/\/herzogtum-direkt.de\/index.php\/2026\/04\/26\/luebeck-verabschiedet-proepstin-kallies-in-den-ruhestand\/","title":{"rendered":"L\u00fcbeck verabschiedet Pr\u00f6pstin Kallies in den Ruhestand"},"content":{"rendered":"<p><strong>L\u00fcbeck (pm).<\/strong> Petra Kallies ist in St. Petri zu L\u00fcbeck als Pr\u00f6pstin der Hansestadt von ihren Aufgaben entpflichtet worden. 350 Besuchende aus Kirche, Politik und Gesellschaft nahmen an der Zeremonie teil (19. April 2026).\u00a0Zahlreiche Wegbegleiterinnen und Wegbegleiter w\u00fcrdigten Kallies\u2019 Wirken mit Worten wie \u201eaufrichtig\u201c, \u201enachdenklich\u201c, \u201egeerdet\u201c und \u201estandfest\u201c. Zugleich wurde sie als warmherzig, ansprechbar und klar beschrieben \u2013 politisch wach und zugleich tief theologisch verortet.<\/p>\n<figure id=\"attachment_82478\" aria-describedby=\"caption-attachment-82478\" style=\"width: 1000px\" class=\"wp-caption alignnone\"><img fetchpriority=\"high\" decoding=\"async\" class=\"wp-image-82478 size-full\" src=\"https:\/\/herzogtum-direkt.de\/wp-content\/uploads\/2026\/04\/KKLL-Kallies-EntpflichtungKallies_April2026-1.jpg\" alt=\"\" width=\"1000\" height=\"668\" srcset=\"https:\/\/herzogtum-direkt.de\/wp-content\/uploads\/2026\/04\/KKLL-Kallies-EntpflichtungKallies_April2026-1.jpg 1000w, https:\/\/herzogtum-direkt.de\/wp-content\/uploads\/2026\/04\/KKLL-Kallies-EntpflichtungKallies_April2026-1-600x401.jpg 600w, https:\/\/herzogtum-direkt.de\/wp-content\/uploads\/2026\/04\/KKLL-Kallies-EntpflichtungKallies_April2026-1-768x513.jpg 768w\" sizes=\"(max-width: 1000px) 100vw, 1000px\" \/><figcaption id=\"caption-attachment-82478\" class=\"wp-caption-text\">Mit der \u00dcbergabe des Amtskreuzes wurde Petra Kallies (rechts) durch Bisch\u00f6fin Kirsten Fehrs (li.) offiziell von ihren Aufgaben entpflichtet Foto: Lena Modrow, KKLL, hf<\/figcaption><\/figure>\n<p>Die Bisch\u00f6fin des Sprengels Hamburg-L\u00fcbeck in der Nordkirche, Kirsten Fehrs, zeichnete in ihrer Ansprache den Weg von Petra Kallies nach. \u201eDu warst und bist immer unterwegs Richtung Ver\u00e4nderung\u201c, sagte Fehrs und betonte die Bereitschaft der Pr\u00f6pstin, Aufbr\u00fcche zu wagen und neue Horizonte zu suchen. Ver\u00e4nderungen seien dabei nie Selbstzweck gewesen, sondern Ausdruck einer tiefen Sehnsucht nach mehr Leben, Glauben und Zukunft.<\/p>\n<p>Auch musikalisch setzte der Gottesdienst besondere Akzente: Statt Gemeindegesang gestaltete der Chor \u201eVox Mandala\u201c die Feier mit St\u00fccken wie \u201eWhat Happens When a Woman Takes Power\u201c, \u201eSturm\u201c und \u201eFreiheit\u201c. Erg\u00e4nzt wurde das Programm durch ein E-Gitarrensolo von Nele Lucht \u2013 ein Verweis auf die pers\u00f6nliche Begeisterung von Petra Kallies f\u00fcr Heavy Metal.<\/p>\n<p>In einem pers\u00f6nlichen R\u00fcckblick erinnerte Fehrs daran, dass Kallies ihre T\u00e4tigkeit als Pr\u00f6pstin selbst als \u201eeine der sch\u00f6nsten Stellen der Nordkirche\u201c bezeichnet habe. Zugleich hob sie deren geistliche Haltung hervor: eine Verbindung von Tradition und Gegenwart, die zeige, \u201edass Tradition tr\u00e4gt, wenn sie Moderne kann\u201c.<\/p>\n<p>Kallies habe ihren Dienst stets mit dem Anspruch ausge\u00fcbt, \u201eder guten Sache Jesu gerecht zu werden\u201c, so Fehrs weiter. Im Umgang mit Konflikten habe sie klare Positionen vertreten und den offenen Diskurs gesucht: \u201eUns trennt nicht, wenn wir uns auseinandersetzen, sondern wenn wir uns nicht auseinandersetzen.\u201c<\/p>\n<p>Mit der \u00dcbergabe des Amtskreuzes wurde Petra Kallies schlie\u00dflich offiziell von ihren Aufgaben entpflichtet.<\/p>\n<p>Auch L\u00fcbecks B\u00fcrgermeister Jan Lindenau w\u00fcrdigte die scheidende Pr\u00f6pstin. Ihr Anliegen sei es stets gewesen, eine \u201elebendige und einladende Kirche\u201c zu gestalten, die in die Stadt hineinwirkt und gesellschaftliche Verantwortung \u00fcbernimmt. Dabei habe sie Spiritualit\u00e4t und diakonisches Engagement verbunden \u2013 unter zunehmend herausfordernden Bedingungen.<\/p>\n<p>Katrin Thomas, Pr\u00e4ses der Kirchenkreis-Synode, hob insbesondere Kallies\u2019 F\u00e4higkeit hervor, auch in schwierigen Situationen tragf\u00e4hige L\u00f6sungen zu entwickeln. Sie beschrieb sie als \u201eerfahrene Handwerkerin\u201c, die es verstehe, komplexe Prozesse nicht nur zusammenzuf\u00fchren, sondern ihnen auch eine stimmige Form zu geben.<\/p>\n<p>Oliver Erckens als k\u00fcnftiger Propst in L\u00fcbeck wird am 9. Mai 2026 ab 10.30 Uhr in St. Marien in sein neues Amt eingef\u00fchrt.\u201c<\/p>\n","protected":false},"excerpt":{"rendered":"<p>L\u00fcbeck (pm). Petra Kallies ist in St. Petri zu L\u00fcbeck als Pr\u00f6pstin der Hansestadt von ihren Aufgaben entpflichtet worden. 350 Besuchende aus Kirche, Politik und Gesellschaft nahmen an der Zeremonie teil (19. April 2026).\u00a0Zahlreiche Wegbegleiterinnen und Wegbegleiter w\u00fcrdigten Kallies\u2019 Wirken mit Worten wie \u201eaufrichtig\u201c, \u201enachdenklich\u201c, \u201egeerdet\u201c und \u201estandfest\u201c. Zugleich wurde sie als warmherzig, ansprechbar und [&hellip;]<\/p>\n","protected":false},"author":2,"featured_media":82477,"comment_status":"closed","ping_status":"closed","sticky":false,"template":"","format":"standard","meta":{"jnews-multi-image_gallery":[],"jnews_single_post":{"format":"standard","override":[{"template":"1","parallax":"1","fullscreen":"1","layout":"right-sidebar","sidebar":"default-sidebar","second_sidebar":"default-sidebar","sticky_sidebar":"1","share_position":"top","share_float_style":"share-monocrhome","show_view_counter":"1","show_featured":"1","show_post_meta":"1","show_post_author":"1","show_post_author_image":"1","show_post_date":"1","post_date_format":"default","post_date_format_custom":"Y\/m\/d","post_reading_time_wpm":"300","post_calculate_word_method":"str_word_count","show_zoom_button":"0","zoom_button_out_step":"2","zoom_button_in_step":"3","show_post_tag":"1","show_popup_post":"1","number_popup_post":"1","show_author_box":"1","show_post_related":"1","show_inline_post_related":"0"}],"image_override":[{"single_post_thumbnail_size":"crop-500","single_post_gallery_size":"crop-500"}],"trending_post_position":"meta","trending_post_label":"Trending","sponsored_post_label":"Sponsored by","disable_ad":"0","subtitle":"350 G\u00e4ste haben in St. Petri zu L\u00fcbeck Pr\u00f6pstin Petra Kallies in den Ruhestand verabschiedet"},"jnews_primary_category":[],"jnews_social_meta":[],"jnews_override_counter":{"view_counter_number":"0","share_counter_number":"0","like_counter_number":"0","dislike_counter_number":"0"},"jnews_post_split":{"post_split":[{"template":"1","tag":"h2","numbering":"asc","mode":"normal","first":"0","enable_toc":"0","toc_type":"normal"}]},"footnotes":""},"categories":[73,2],"tags":[2590,272,3434],"class_list":["post-82476","post","type-post","status-publish","format-standard","has-post-thumbnail","hentry","category-landleute","category-startseite","tag-kirchenkreis-luebeck-lauenburg","tag-luebeck","tag-propstei"],"_links":{"self":[{"href":"https:\/\/herzogtum-direkt.de\/index.php\/wp-json\/wp\/v2\/posts\/82476","targetHints":{"allow":["GET"]}}],"collection":[{"href":"https:\/\/herzogtum-direkt.de\/index.php\/wp-json\/wp\/v2\/posts"}],"about":[{"href":"https:\/\/herzogtum-direkt.de\/index.php\/wp-json\/wp\/v2\/types\/post"}],"author":[{"embeddable":true,"href":"https:\/\/herzogtum-direkt.de\/index.php\/wp-json\/wp\/v2\/users\/2"}],"replies":[{"embeddable":true,"href":"https:\/\/herzogtum-direkt.de\/index.php\/wp-json\/wp\/v2\/comments?post=82476"}],"version-history":[{"count":3,"href":"https:\/\/herzogtum-direkt.de\/index.php\/wp-json\/wp\/v2\/posts\/82476\/revisions"}],"predecessor-version":[{"id":82658,"href":"https:\/\/herzogtum-direkt.de\/index.php\/wp-json\/wp\/v2\/posts\/82476\/revisions\/82658"}],"wp:featuredmedia":[{"embeddable":true,"href":"https:\/\/herzogtum-direkt.de\/index.php\/wp-json\/wp\/v2\/media\/82477"}],"wp:attachment":[{"href":"https:\/\/herzogtum-direkt.de\/index.php\/wp-json\/wp\/v2\/media?parent=82476"}],"wp:term":[{"taxonomy":"category","embeddable":true,"href":"https:\/\/herzogtum-direkt.de\/index.php\/wp-json\/wp\/v2\/categories?post=82476"},{"taxonomy":"post_tag","embeddable":true,"href":"https:\/\/herzogtum-direkt.de\/index.php\/wp-json\/wp\/v2\/tags?post=82476"}],"curies":[{"name":"wp","href":"https:\/\/api.w.org\/{rel}","templated":true}]}}