{"id":81019,"date":"2026-03-04T10:35:10","date_gmt":"2026-03-04T09:35:10","guid":{"rendered":"https:\/\/herzogtum-direkt.de\/?p=81019"},"modified":"2026-03-04T10:35:11","modified_gmt":"2026-03-04T09:35:11","slug":"aktion-ferienpass-ameldung-fuer-die-osterferien-bis-zum-5-maerz","status":"publish","type":"post","link":"https:\/\/herzogtum-direkt.de\/index.php\/2026\/03\/04\/aktion-ferienpass-ameldung-fuer-die-osterferien-bis-zum-5-maerz\/","title":{"rendered":"Aktion Ferienpass &#8211; Ameldung f\u00fcr die Osterferien bis zum 5. M\u00e4rz"},"content":{"rendered":"\n<p><strong>M\u00f6lln (pm).<\/strong> Die Stadt M\u00f6lln gibt bekannt, dass die Anmeldung f\u00fcr die Aktionen des Ferienpasses freigeschaltet ist. In den Oster-\/ Sommer- und Herbstferien regen verschiedenste kreative, sportliche, kulinarische oder naturwissenschaftliche Angebote Kinder und Jugendliche zum Mitmachen ein.<\/p>\n\n\n\n<figure class=\"wp-block-image size-full\"><img fetchpriority=\"high\" decoding=\"async\" width=\"1000\" height=\"731\" src=\"https:\/\/herzogtum-direkt.de\/wp-content\/uploads\/2024\/12\/Tanzen-Kinder-Demo-Spass-Fest-Pixabay.jpg\" alt=\"\" class=\"wp-image-67218\" srcset=\"https:\/\/herzogtum-direkt.de\/wp-content\/uploads\/2024\/12\/Tanzen-Kinder-Demo-Spass-Fest-Pixabay.jpg 1000w, https:\/\/herzogtum-direkt.de\/wp-content\/uploads\/2024\/12\/Tanzen-Kinder-Demo-Spass-Fest-Pixabay-300x219.jpg 300w, https:\/\/herzogtum-direkt.de\/wp-content\/uploads\/2024\/12\/Tanzen-Kinder-Demo-Spass-Fest-Pixabay-768x561.jpg 768w, https:\/\/herzogtum-direkt.de\/wp-content\/uploads\/2024\/12\/Tanzen-Kinder-Demo-Spass-Fest-Pixabay-750x548.jpg 750w\" sizes=\"(max-width: 1000px) 100vw, 1000px\" \/><figcaption class=\"wp-element-caption\">Foto: Image by <a href=\"https:\/\/pixabay.com\/users\/momosmiles-476976\/?utm_source=link-attribution&#038;utm_medium=referral&#038;utm_campaign=image&#038;utm_content=467438\">momosmiles<\/a> from <a href=\"https:\/\/pixabay.com\/\/?utm_source=link-attribution&#038;utm_medium=referral&#038;utm_campaign=image&#038;utm_content=467438\">Pixabay<\/a>, hfr<\/figcaption><\/figure>\n\n\n\n<p>In diesen Osterferien bieten der Ortsjugendring M\u00f6lln und die Stadtjugendpflege wieder tolle Aktionen an. Der Anmeldeschluss ist zun\u00e4chst Donnerstag, 5. M\u00e4rz 2026. Alle Informationen zu den Angeboten und zur Anmeldung f\u00fcr Kinder und Jugendliche zwischen 6 und 16 Jahren k\u00f6nnen auf der Internetseite\u00a0<a href=\"https:\/\/www.unser-ferienprogramm.de\/moelln\/programm.php\" target=\"_blank\" rel=\"noreferrer noopener\">https:\/\/www.unser-ferienprogramm.de\/moelln\/programm.php<\/a>\u00a0nachgelesen werden.<\/p>\n","protected":false},"excerpt":{"rendered":"<p>M\u00f6lln (pm). Die Stadt M\u00f6lln gibt bekannt, dass die Anmeldung f\u00fcr die Aktionen des Ferienpasses freigeschaltet ist. In den Oster-\/ Sommer- und Herbstferien regen verschiedenste kreative, sportliche, kulinarische oder naturwissenschaftliche Angebote Kinder und Jugendliche zum Mitmachen ein. In diesen Osterferien bieten der Ortsjugendring M\u00f6lln und die Stadtjugendpflege wieder tolle Aktionen an. Der Anmeldeschluss ist zun\u00e4chst [&hellip;]<\/p>\n","protected":false},"author":2,"featured_media":49587,"comment_status":"closed","ping_status":"closed","sticky":false,"template":"","format":"standard","meta":{"jnews-multi-image_gallery":[],"jnews_single_post":{"format":"standard"},"jnews_primary_category":[],"jnews_social_meta":[],"jnews_override_counter":[],"jnews_post_split":[],"footnotes":""},"categories":[74,66],"tags":[133,450],"class_list":["post-81019","post","type-post","status-publish","format-standard","has-post-thumbnail","hentry","category-jugend-direkt","category-moelln","tag-moelln","tag-osterferien"],"_links":{"self":[{"href":"https:\/\/herzogtum-direkt.de\/index.php\/wp-json\/wp\/v2\/posts\/81019","targetHints":{"allow":["GET"]}}],"collection":[{"href":"https:\/\/herzogtum-direkt.de\/index.php\/wp-json\/wp\/v2\/posts"}],"about":[{"href":"https:\/\/herzogtum-direkt.de\/index.php\/wp-json\/wp\/v2\/types\/post"}],"author":[{"embeddable":true,"href":"https:\/\/herzogtum-direkt.de\/index.php\/wp-json\/wp\/v2\/users\/2"}],"replies":[{"embeddable":true,"href":"https:\/\/herzogtum-direkt.de\/index.php\/wp-json\/wp\/v2\/comments?post=81019"}],"version-history":[{"count":1,"href":"https:\/\/herzogtum-direkt.de\/index.php\/wp-json\/wp\/v2\/posts\/81019\/revisions"}],"predecessor-version":[{"id":81021,"href":"https:\/\/herzogtum-direkt.de\/index.php\/wp-json\/wp\/v2\/posts\/81019\/revisions\/81021"}],"wp:featuredmedia":[{"embeddable":true,"href":"https:\/\/herzogtum-direkt.de\/index.php\/wp-json\/wp\/v2\/media\/49587"}],"wp:attachment":[{"href":"https:\/\/herzogtum-direkt.de\/index.php\/wp-json\/wp\/v2\/media?parent=81019"}],"wp:term":[{"taxonomy":"category","embeddable":true,"href":"https:\/\/herzogtum-direkt.de\/index.php\/wp-json\/wp\/v2\/categories?post=81019"},{"taxonomy":"post_tag","embeddable":true,"href":"https:\/\/herzogtum-direkt.de\/index.php\/wp-json\/wp\/v2\/tags?post=81019"}],"curies":[{"name":"wp","href":"https:\/\/api.w.org\/{rel}","templated":true}]}}