{"id":7981,"date":"2018-10-16T11:19:36","date_gmt":"2018-10-16T09:19:36","guid":{"rendered":"https:\/\/herzogtum-direkt.de\/?p=7981"},"modified":"2018-10-16T11:22:14","modified_gmt":"2018-10-16T09:22:14","slug":"fachtag-leibliche-kinder-in-adoptiv-und-pflegefamilien-wir-pflegen-mit","status":"publish","type":"post","link":"https:\/\/herzogtum-direkt.de\/index.php\/2018\/10\/16\/fachtag-leibliche-kinder-in-adoptiv-und-pflegefamilien-wir-pflegen-mit\/","title":{"rendered":"Fachtag &#8218;Leibliche Kinder in Adoptiv &#8211; und Pflegefamilien &#8211; wir pflegen mit?!&#8216;"},"content":{"rendered":"<p><strong>M\u00f6lln (pm).<\/strong> Der Adoptiv \u2013 und Pflegeelternverein \u201eKreisgruppe KiAP Herzogtum Lauenburg e.V.\u201c l\u00e4dt zu seinem diesj\u00e4hrigen Fachtag ein. Auf diesem Fachtag soll es einmal um die leiblichen Kinder in Adoptiv- und Pflegefamilien gehen.<\/p>\n<p>Die Bed\u00fcrfnisse, Eindr\u00fccke und Entwicklungsprozesse leiblicher Kinder in Pflegefamilien sind bis heute in der Literatur kaum zu finden und auch wissenschaftlich wenig erforscht.<br \/>\nDie durch die Aufnahme eines Adoptiv &#8211; oder Pflegekindes entstehende Dynamik zeigt aber immer wieder, wie relevant diese Frage im Alltag der Familien ist.<\/p>\n<p>Im Bezug auf die Bed\u00fcrfnisse der leiblichen Kinder und die M\u00f6glichkeiten der Unterst\u00fctzung entstehen oft gro\u00dfe Fragezeichen. Wie geht es meinem Kind mit der Aufnahme eines fremden Kindes in die Familie? Wie wichtig sind N\u00e4he und Abgrenzung? Was ist eigentlich, wenn die Kinder keinen Zugang zueinander finden? Wie geht mein Kind mit Entt\u00e4uschungen und Verletzungen um? Wie unterst\u00fctze ich mein Kind im Alltag?<\/p>\n<p>Da Familiensysteme individuell sind, gibt es auch verschiedene M\u00f6glichkeiten mit der Dynamik durch die Aufnahme eines Adoptiv &#8211; oder Pflegekindes umzugehen.<br \/>\nHerr Heinzj\u00fcrgen Ertmer, Frau Dipl. Psych. Monika Dreiner und Karina Heinke, Mutter und als leibliches Kind in einer Pflegefamilie aufgewachsen, werden sich diesem Thema aus unterschiedlichen Sichtweisen zuwenden und so Impulse f\u00fcr die Teilnehmenden geben.<br \/>\nIn einem Workshop wird es Gelegenheit geben, eigene Fragen zu kl\u00e4ren oder anhand von Fallbeispielen intensiver zu er\u00f6rtern.<\/p>\n<p>Der Fachtag findet am Sonnabend, 3. November 2018, von 10 bis 16 Uhr in der Schule Steinfeld &#8211; F\u00f6rderschwerpunkt mit dem Schwerpunkt &#8222;Geistige Entwicklung&#8220;, B\u00fcrgermeister-Oetken-Stra\u00dfe 3 in M\u00f6lln statt. Die Teilnehmergeb\u00fchr f\u00fcr Mitglieder der Kreisgruppe KiAP \u2013 Herzogtum Lauenburg e.V. betr\u00e4gt zehn Euro , f\u00fcr Nichtmitglieder 25 Euro pro Perosn. F\u00fcr Kinder und Jugendliche fallen keine Kosten an. Ein Mittagessen ist von 13 bis 14 Uhr geplant.<\/p>\n<p>Anmeldung unter Kreisgruppe KiA Herzogtum Lauenburg unter der Telefonnummer 04536-9979264 oder per Email an <a href=\"mailto:info@kiap-herzogtum-lauenburg.de\">info@kiap-herzogtum-lauenburg.de<\/a><\/p>\n<div class=\"brlbs-cmpnt-container brlbs-cmpnt-content-blocker brlbs-cmpnt-with-individual-styles\" data-borlabs-cookie-content-blocker-id=\"default\" data-borlabs-cookie-content=\"PGlmcmFtZSBzdHlsZT0iYm9yZGVyOiAxcHggc29saWQgYmxhY2s7IiBzcmM9Imh0dHBzOi8vd3d3Lm9wZW5zdHJlZXRtYXAub3JnL2V4cG9ydC9lbWJlZC5odG1sP2Jib3g9MTAuNjc0NjQ0NzA4NjMzNDI1JTJDNTMuNjA0MDAzNTMzNDI4MjglMkMxMC42ODUzNzM1NDQ2OTI5OTUlMkM1My42MDg1NzQxMzkwOTUzOCZhbXA7bGF5ZXI9bWFwbmlrJmFtcDttYXJrZXI9NTMuNjA2MjkwMzUwMjk3NjMlMkMxMC42ODAwMTA5OTk5OTk5MjIiIHdpZHRoPSI2MjUiIGhlaWdodD0iNTUwIiBmcmFtZWJvcmRlcj0iMCIgbWFyZ2lud2lkdGg9IjAiIG1hcmdpbmhlaWdodD0iMCIgc2Nyb2xsaW5nPSJubyI+PHNwYW4gc3R5bGU9ImRpc3BsYXk6IGlubGluZS1ibG9jazsgd2lkdGg6IDBweDsgb3ZlcmZsb3c6IGhpZGRlbjsgbGluZS1oZWlnaHQ6IDA7IiBkYXRhLW1jZS10eXBlPSJib29rbWFyayIgY2xhc3M9Im1jZV9TRUxSRVNfc3RhcnQiPu+7vzwvc3Bhbj48L2lmcmFtZT4=\">\n<div class=\"brlbs-cmpnt-cb-preset-a\">\n<p class=\"brlbs-cmpnt-cb-description\">Sie sehen gerade einen Platzhalterinhalt von <strong>Standard<\/strong>. Um auf den eigentlichen Inhalt zuzugreifen, klicken Sie auf den Button unten. Bitte beachten Sie, dass dabei Daten an Drittanbieter weitergegeben werden.<\/p>\n<div class=\"brlbs-cmpnt-cb-buttons\"> <a class=\"brlbs-cmpnt-cb-btn\" href=\"#\" data-borlabs-cookie-unblock role=\"button\">Inhalt entsperren<\/a> <a class=\"brlbs-cmpnt-cb-btn\" href=\"#\" data-borlabs-cookie-accept-service role=\"button\" style=\"display: none\">Erforderlichen Service akzeptieren und Inhalte entsperren<\/a> <\/div>\n<p> <a class=\"brlbs-cmpnt-cb-provider-toggle\" href=\"#\" data-borlabs-cookie-show-provider-information role=\"button\">Weitere Informationen<\/a> <\/div>\n<\/div>\n<p><small><a href=\"https:\/\/www.openstreetmap.org\/?mlat=53.60629&amp;mlon=10.68001#map=17\/53.60629\/10.68001\">Gr\u00f6\u00dfere Karte anzeigen<\/a><\/small><\/p>\n","protected":false},"excerpt":{"rendered":"<p>M\u00f6lln (pm). Der Adoptiv \u2013 und Pflegeelternverein \u201eKreisgruppe KiAP Herzogtum Lauenburg e.V.\u201c l\u00e4dt zu seinem diesj\u00e4hrigen Fachtag ein. Auf diesem Fachtag soll es einmal um die leiblichen Kinder in Adoptiv- und Pflegefamilien gehen. Die Bed\u00fcrfnisse, Eindr\u00fccke und Entwicklungsprozesse leiblicher Kinder in Pflegefamilien sind bis heute in der Literatur kaum zu finden und auch wissenschaftlich wenig [&hellip;]<\/p>\n","protected":false},"author":2,"featured_media":1186,"comment_status":"open","ping_status":"closed","sticky":false,"template":"","format":"standard","meta":{"jnews-multi-image_gallery":[],"jnews_single_post":[],"jnews_primary_category":[],"jnews_social_meta":[],"jnews_override_counter":[],"jnews_post_split":[],"footnotes":""},"categories":[63,66],"tags":[1420],"class_list":["post-7981","post","type-post","status-publish","format-standard","has-post-thumbnail","hentry","category-herzogtum-lauenburg","category-moelln","tag-adoptiv-und-pflegeelternverein"],"_links":{"self":[{"href":"https:\/\/herzogtum-direkt.de\/index.php\/wp-json\/wp\/v2\/posts\/7981","targetHints":{"allow":["GET"]}}],"collection":[{"href":"https:\/\/herzogtum-direkt.de\/index.php\/wp-json\/wp\/v2\/posts"}],"about":[{"href":"https:\/\/herzogtum-direkt.de\/index.php\/wp-json\/wp\/v2\/types\/post"}],"author":[{"embeddable":true,"href":"https:\/\/herzogtum-direkt.de\/index.php\/wp-json\/wp\/v2\/users\/2"}],"replies":[{"embeddable":true,"href":"https:\/\/herzogtum-direkt.de\/index.php\/wp-json\/wp\/v2\/comments?post=7981"}],"version-history":[{"count":1,"href":"https:\/\/herzogtum-direkt.de\/index.php\/wp-json\/wp\/v2\/posts\/7981\/revisions"}],"predecessor-version":[{"id":7982,"href":"https:\/\/herzogtum-direkt.de\/index.php\/wp-json\/wp\/v2\/posts\/7981\/revisions\/7982"}],"wp:featuredmedia":[{"embeddable":true,"href":"https:\/\/herzogtum-direkt.de\/index.php\/wp-json\/wp\/v2\/media\/1186"}],"wp:attachment":[{"href":"https:\/\/herzogtum-direkt.de\/index.php\/wp-json\/wp\/v2\/media?parent=7981"}],"wp:term":[{"taxonomy":"category","embeddable":true,"href":"https:\/\/herzogtum-direkt.de\/index.php\/wp-json\/wp\/v2\/categories?post=7981"},{"taxonomy":"post_tag","embeddable":true,"href":"https:\/\/herzogtum-direkt.de\/index.php\/wp-json\/wp\/v2\/tags?post=7981"}],"curies":[{"name":"wp","href":"https:\/\/api.w.org\/{rel}","templated":true}]}}