{"id":78249,"date":"2025-11-30T04:34:19","date_gmt":"2025-11-30T03:34:19","guid":{"rendered":"https:\/\/herzogtum-direkt.de\/?p=78249"},"modified":"2025-12-01T08:51:55","modified_gmt":"2025-12-01T07:51:55","slug":"lichterfest-mit-herz","status":"publish","type":"post","link":"https:\/\/herzogtum-direkt.de\/index.php\/2025\/11\/30\/lichterfest-mit-herz\/","title":{"rendered":"Lichterfest mit Herz"},"content":{"rendered":"\n<p><strong>Herzogtum Lauenburg (pm).<\/strong> Ein Hauch von Zauber lag \u00fcber dem Gel\u00e4nde des Sankt Georgbergs in Ratzeburg, als am vergangenen Dienstag das diesj\u00e4hrige M\u00e4rchen- und Lichterfest des Pflegekinderdienstes des Kreises Herzogtum Lauenburg stattfand. Bereits beim Ankommen wurden die G\u00e4ste von warmem Punsch- und Tee-Duft empfangen, dazu standen liebevoll arrangierte Teller mit Keksen und Mandarinen bereit. Die Atmosph\u00e4re war gem\u00fctlich, herbstlich und voller Vorfreude im Licht des Kerzenscheins.<\/p>\n\n\n\n<p>H\u00f6hepunkt des fr\u00fchen Abends war der Auftritt der M\u00e4rchenerz\u00e4hlerin Birgit K\u00fcchenmeister, die die Kinder mit kraftvollen Geschichten in drei fantastische Welten mitnahm. Auch mancher Erwachsene lie\u00df sich mit in den magischen Bann ziehen und stimmte zum gemeinsamen Singen mit Gitarrenbegleitung ein.<\/p>\n\n\n\n<p>Im Anschluss folgte ein stimmungsvolles Laternelaufen um die Kirche St. Georg auf dem Berge, begleitet von bekannten Liedern. Die bunt leuchtenden Laternen sorgten f\u00fcr ein farbenfrohes Bild und \u00fcberall waren strahlende Kinderaugen zu sehen, die den Abend erst richtig zum Leuchten brachten. Wer sich anschlie\u00dfend aufw\u00e4rmen wollte, fand am knisternden Feuerkorb einen gem\u00fctlichen Treffpunkt mit Raum f\u00fcr Gespr\u00e4che und ein herzliches Miteinander. Dort wurde gemeinsam Stockbrot gebacken, das nicht nur den Kindern schmeckte.<\/p>\n\n\n\n<p>Diese Veranstaltung zeigte einmal mehr, wie wichtig solche gemeinsamen Momente f\u00fcr Pflegefamilien sind: Zeit zum Durchatmen, zum Austausch, zum Staunen \u2013 und zum F\u00fchlen, was Gemeinschaft bedeutet.<\/p>\n\n\n\n<p>Im Kreis Herzogtum Lauenburg werden dauerhaft Pflegefamilien gesucht. Neben einer intensiven Vorbereitung auf diese verantwortungsvolle Aufgabe als Pflegeperson im Rahmen von Einzelgespr\u00e4chen und verschiedenen Veranstaltungen, bietet der Pflegekinderdienst allen Pflegeeltern \u00fcbers Jahr verteilt unterschiedliche Veranstaltungen zur Fortbildung und zur Begegnung mit anderen Pflegefamilien, wie zum Beispiel das M\u00e4rchen- und Lichterfest.<\/p>\n\n\n\n<p>Wenn jetzt Ihr Interesse geweckt wurde und Sie sich unverbindlich alles rund um das Thema Pflegekind informieren lassen m\u00f6chten, wenden Sie sich gern per Mail an <a href=\"mailto:Pflegekinderdienst@kreis-rz.de\">Pflegekinderdienst@kreis-rz.de<\/a> oder melden sich telefonisch bei Loraine Aksu unter 04541 801-0369.<\/p>\n","protected":false},"excerpt":{"rendered":"<p>Herzogtum Lauenburg (pm). Ein Hauch von Zauber lag \u00fcber dem Gel\u00e4nde des Sankt Georgbergs in Ratzeburg, als am vergangenen Dienstag das diesj\u00e4hrige M\u00e4rchen- und Lichterfest des Pflegekinderdienstes des Kreises Herzogtum Lauenburg stattfand. Bereits beim Ankommen wurden die G\u00e4ste von warmem Punsch- und Tee-Duft empfangen, dazu standen liebevoll arrangierte Teller mit Keksen und Mandarinen bereit. Die [&hellip;]<\/p>\n","protected":false},"author":2,"featured_media":78250,"comment_status":"closed","ping_status":"closed","sticky":false,"template":"","format":"standard","meta":{"jnews-multi-image_gallery":[],"jnews_single_post":{"format":"standard","override":[{"template":"1","parallax":"1","fullscreen":"1","layout":"right-sidebar","sidebar":"default-sidebar","second_sidebar":"default-sidebar","sticky_sidebar":"1","share_position":"top","share_float_style":"share-monocrhome","show_view_counter":"1","show_featured":"1","show_post_meta":"1","show_post_author":"1","show_post_author_image":"1","show_post_date":"1","post_date_format":"default","post_date_format_custom":"Y\/m\/d","post_reading_time_wpm":"300","post_calculate_word_method":"str_word_count","show_zoom_button":"0","zoom_button_out_step":"2","zoom_button_in_step":"3","show_post_tag":"1","show_popup_post":"1","show_comment_section":"1","number_popup_post":"1","show_author_box":"1","show_post_related":"1","show_inline_post_related":"0"}],"image_override":[{"single_post_thumbnail_size":"crop-500","single_post_gallery_size":"crop-500"}],"trending_post_position":"meta","trending_post_label":"Trending","sponsored_post_label":"Sponsored by","disable_ad":"0","subtitle":"M\u00e4rchenhafter Abend f\u00fcr Pflegefamilien im Kreis Herzogtum Lauenburg"},"jnews_primary_category":[],"jnews_social_meta":[],"jnews_override_counter":{"view_counter_number":"0","share_counter_number":"0","like_counter_number":"0","dislike_counter_number":"0"},"jnews_post_split":{"post_split":[{"template":"1","tag":"h2","numbering":"asc","mode":"normal","first":"0","enable_toc":"0","toc_type":"normal"}]},"footnotes":""},"categories":[63,64,2],"tags":[4113],"class_list":["post-78249","post","type-post","status-publish","format-standard","has-post-thumbnail","hentry","category-herzogtum-lauenburg","category-ratzeburg","category-startseite","tag-pflegekinderdienst"],"_links":{"self":[{"href":"https:\/\/herzogtum-direkt.de\/index.php\/wp-json\/wp\/v2\/posts\/78249","targetHints":{"allow":["GET"]}}],"collection":[{"href":"https:\/\/herzogtum-direkt.de\/index.php\/wp-json\/wp\/v2\/posts"}],"about":[{"href":"https:\/\/herzogtum-direkt.de\/index.php\/wp-json\/wp\/v2\/types\/post"}],"author":[{"embeddable":true,"href":"https:\/\/herzogtum-direkt.de\/index.php\/wp-json\/wp\/v2\/users\/2"}],"replies":[{"embeddable":true,"href":"https:\/\/herzogtum-direkt.de\/index.php\/wp-json\/wp\/v2\/comments?post=78249"}],"version-history":[{"count":2,"href":"https:\/\/herzogtum-direkt.de\/index.php\/wp-json\/wp\/v2\/posts\/78249\/revisions"}],"predecessor-version":[{"id":78252,"href":"https:\/\/herzogtum-direkt.de\/index.php\/wp-json\/wp\/v2\/posts\/78249\/revisions\/78252"}],"wp:featuredmedia":[{"embeddable":true,"href":"https:\/\/herzogtum-direkt.de\/index.php\/wp-json\/wp\/v2\/media\/78250"}],"wp:attachment":[{"href":"https:\/\/herzogtum-direkt.de\/index.php\/wp-json\/wp\/v2\/media?parent=78249"}],"wp:term":[{"taxonomy":"category","embeddable":true,"href":"https:\/\/herzogtum-direkt.de\/index.php\/wp-json\/wp\/v2\/categories?post=78249"},{"taxonomy":"post_tag","embeddable":true,"href":"https:\/\/herzogtum-direkt.de\/index.php\/wp-json\/wp\/v2\/tags?post=78249"}],"curies":[{"name":"wp","href":"https:\/\/api.w.org\/{rel}","templated":true}]}}