{"id":77162,"date":"2025-10-22T09:40:30","date_gmt":"2025-10-22T08:40:30","guid":{"rendered":"https:\/\/herzogtum-direkt.de\/?p=77162"},"modified":"2025-10-23T06:20:05","modified_gmt":"2025-10-23T05:20:05","slug":"attraktive-region-amt-buechen-staerken-erkennen-identitaet-staerken","status":"publish","type":"post","link":"https:\/\/herzogtum-direkt.de\/index.php\/2025\/10\/22\/attraktive-region-amt-buechen-staerken-erkennen-identitaet-staerken\/","title":{"rendered":"Attraktive Region Amt B\u00fcchen: St\u00e4rken erkennen, Identit\u00e4t st\u00e4rken"},"content":{"rendered":"<p data-start=\"0\" data-end=\"94\"><strong>B\u00fcchen (pm\/gb). <\/strong>Die Region des Amts B\u00fcchen mit ihren 15 Gemeinden zeichnet sich durch eine hohe Lebensqualit\u00e4t, ein starkes Gemeinschaftsgef\u00fchl und eine attraktive Lage zwischen Metropolregion und Naturraum aus. Ziel des Amts B\u00fcchen ist es, in den kommenden Jahren die gemeinsame Identit\u00e4t zu festigen, den regionalen Zusammenhalt weiter auszubauen und das Bewusstsein f\u00fcr vorhandene St\u00e4rken zu sch\u00e4rfen.<\/p>\n<p data-start=\"488\" data-end=\"1085\">Vom 25. Oktober bis zum 23. November 2025 wird im gesamten Amtsgebiet eine Befragung durchgef\u00fchrt \u2013 online sowie \u00fcber Frageb\u00f6gen vor Ort. Im Mittelpunkt steht die Frage, welche konkreten St\u00e4rken die Region aus Sicht der Bev\u00f6lkerung bereits heute als Lebens- und Arbeitsstandort auszeichnen. Die Ergebnisse sollen als Grundlage dienen, um das Profil der Region k\u00fcnftig noch gezielter zu kommunizieren und weiterzuentwickeln.<br data-start=\"919\" data-end=\"922\" \/>Zur Teilnahme: <a class=\"decorated-link\" href=\"https:\/\/copenhagenbusiness.eu.qualtrics.com\/jfe\/form\/SV_bxRn6FmkOH8LEUK\" target=\"_blank\" rel=\"noopener\" data-start=\"937\" data-end=\"1083\">https:\/\/copenhagenbusiness.eu.qualtrics.com\/jfe\/form\/SV_bxRn6FmkOH8LEUK<\/a><\/p>\n<p data-start=\"1087\" data-end=\"1263\">Amtsdirektorin Tanja Volkening betont: \u201eEs gibt viel Positives \u00fcber die Region zu berichten \u2013 nun gilt es, diese St\u00e4rken sichtbar zu machen und kommunikativ zu nutzen.\u201c<\/p>\n<p data-start=\"1265\" data-end=\"1632\">Begleitet wird das Projekt von Professor Dr. Sebastian Zenker, Professor f\u00fcr Stadt- und Regionalmarketing an der Copenhagen Business School. Der renommierte Wissenschaftler, selbst seit 2023 in B\u00fcchen ans\u00e4ssig, verf\u00fcgt \u00fcber umfangreiche Erfahrung in der Identit\u00e4tsentwicklung von St\u00e4dten und Regionen \u2013 unter anderem in Berlin, Bielefeld und Schleswig-Holstein.<\/p>\n<p data-start=\"1634\" data-end=\"2089\">Der Prozess konzentriert sich bewusst auf positive Aspekte und vorhandene Potenziale. Ziel ist es, die Gr\u00fcnde zu identifizieren, die das Leben und Arbeiten im Amtsgebiet besonders lebenswert machen. Diese Faktoren bilden das Fundament einer starken gemeinsamen Identit\u00e4t. \u201eEin solcher Prozess ist eher ein Marathon als ein Sprint\u201c, erkl\u00e4rt Professor Dr. Zenker. \u201eDie regionalen St\u00e4rken dienen dabei als Orientierung, um die k\u00fcnftige Richtung festzulegen.\u201c<\/p>\n<p data-start=\"2091\" data-end=\"2354\">Eine gefestigte regionale Identit\u00e4t tr\u00e4gt ma\u00dfgeblich zur Wettbewerbsf\u00e4higkeit bei. Durch ein klares Profil kann das Amt B\u00fcchen Fachkr\u00e4fte und Unternehmen langfristig binden, neue Akteure anziehen und das Gemeinschaftsgef\u00fchl innerhalb der Region weiter festigen.<\/p>\n","protected":false},"excerpt":{"rendered":"<p>B\u00fcchen (pm\/gb). Die Region des Amts B\u00fcchen mit ihren 15 Gemeinden zeichnet sich durch eine hohe Lebensqualit\u00e4t, ein starkes Gemeinschaftsgef\u00fchl und eine attraktive Lage zwischen Metropolregion und Naturraum aus. Ziel des Amts B\u00fcchen ist es, in den kommenden Jahren die gemeinsame Identit\u00e4t zu festigen, den regionalen Zusammenhalt weiter auszubauen und das Bewusstsein f\u00fcr vorhandene St\u00e4rken [&hellip;]<\/p>\n","protected":false},"author":49,"featured_media":77171,"comment_status":"closed","ping_status":"closed","sticky":false,"template":"","format":"standard","meta":{"jnews-multi-image_gallery":[],"jnews_single_post":{"subtitle":"","format":"standard"},"jnews_primary_category":[],"jnews_social_meta":[],"jnews_override_counter":{"view_counter_number":"0","share_counter_number":"0","like_counter_number":"0","dislike_counter_number":"0"},"jnews_post_split":{"post_split":[{"template":"1","tag":"h2","numbering":"asc","mode":"normal","first":"0","enable_toc":"0","toc_type":"normal"}]},"footnotes":""},"categories":[2650,72],"tags":[426,141],"class_list":["post-77162","post","type-post","status-publish","format-standard","has-post-thumbnail","hentry","category-buechen","category-wirtschaft","tag-amt-buechen","tag-buechen"],"_links":{"self":[{"href":"https:\/\/herzogtum-direkt.de\/index.php\/wp-json\/wp\/v2\/posts\/77162","targetHints":{"allow":["GET"]}}],"collection":[{"href":"https:\/\/herzogtum-direkt.de\/index.php\/wp-json\/wp\/v2\/posts"}],"about":[{"href":"https:\/\/herzogtum-direkt.de\/index.php\/wp-json\/wp\/v2\/types\/post"}],"author":[{"embeddable":true,"href":"https:\/\/herzogtum-direkt.de\/index.php\/wp-json\/wp\/v2\/users\/49"}],"replies":[{"embeddable":true,"href":"https:\/\/herzogtum-direkt.de\/index.php\/wp-json\/wp\/v2\/comments?post=77162"}],"version-history":[{"count":1,"href":"https:\/\/herzogtum-direkt.de\/index.php\/wp-json\/wp\/v2\/posts\/77162\/revisions"}],"predecessor-version":[{"id":77163,"href":"https:\/\/herzogtum-direkt.de\/index.php\/wp-json\/wp\/v2\/posts\/77162\/revisions\/77163"}],"wp:featuredmedia":[{"embeddable":true,"href":"https:\/\/herzogtum-direkt.de\/index.php\/wp-json\/wp\/v2\/media\/77171"}],"wp:attachment":[{"href":"https:\/\/herzogtum-direkt.de\/index.php\/wp-json\/wp\/v2\/media?parent=77162"}],"wp:term":[{"taxonomy":"category","embeddable":true,"href":"https:\/\/herzogtum-direkt.de\/index.php\/wp-json\/wp\/v2\/categories?post=77162"},{"taxonomy":"post_tag","embeddable":true,"href":"https:\/\/herzogtum-direkt.de\/index.php\/wp-json\/wp\/v2\/tags?post=77162"}],"curies":[{"name":"wp","href":"https:\/\/api.w.org\/{rel}","templated":true}]}}