{"id":76930,"date":"2025-10-14T08:03:45","date_gmt":"2025-10-14T07:03:45","guid":{"rendered":"https:\/\/herzogtum-direkt.de\/?p=76930"},"modified":"2025-10-14T08:03:45","modified_gmt":"2025-10-14T07:03:45","slug":"sportlerehrung-der-stadt-moelln-fuer-das-jahr-2024","status":"publish","type":"post","link":"https:\/\/herzogtum-direkt.de\/index.php\/2025\/10\/14\/sportlerehrung-der-stadt-moelln-fuer-das-jahr-2024\/","title":{"rendered":"Sportlerehrung der Stadt M\u00f6lln f\u00fcr das Jahr 2024"},"content":{"rendered":"<p><strong>M\u00f6lln (pm).<\/strong> Ende September 2025 fand im Marion-D\u00f6nhoff-Gymnasium die diesj\u00e4hrige Sportlerehrung der Stadt M\u00f6lln statt. In feierlichem Rahmen wurden insgesamt 58 SportlerInnen f\u00fcr ihre herausragenden Leistungen im Jahr 2024 auf \u00fcberregionaler und internationaler Ebene ausgezeichnet, darunter f\u00fcnf Sonderehrungen f\u00fcr Nachwuchstalente und Sportler des Jahres.<\/p>\n<figure id=\"attachment_76933\" aria-describedby=\"caption-attachment-76933\" style=\"width: 600px\" class=\"wp-caption alignnone\"><img fetchpriority=\"high\" decoding=\"async\" class=\"size-medium wp-image-76933\" src=\"https:\/\/herzogtum-direkt.de\/wp-content\/uploads\/2025\/10\/Moelln-Nachwuchssportlerinnen-und-Nachwuchssportler-sowie-der-Sportler-des-Jahres-2024-600x450.jpg\" alt=\"\" width=\"600\" height=\"450\" srcset=\"https:\/\/herzogtum-direkt.de\/wp-content\/uploads\/2025\/10\/Moelln-Nachwuchssportlerinnen-und-Nachwuchssportler-sowie-der-Sportler-des-Jahres-2024-600x450.jpg 600w, https:\/\/herzogtum-direkt.de\/wp-content\/uploads\/2025\/10\/Moelln-Nachwuchssportlerinnen-und-Nachwuchssportler-sowie-der-Sportler-des-Jahres-2024-768x576.jpg 768w, https:\/\/herzogtum-direkt.de\/wp-content\/uploads\/2025\/10\/Moelln-Nachwuchssportlerinnen-und-Nachwuchssportler-sowie-der-Sportler-des-Jahres-2024.jpg 1000w\" sizes=\"(max-width: 600px) 100vw, 600px\" \/><figcaption id=\"caption-attachment-76933\" class=\"wp-caption-text\">Nachwuchssportlerinnen und Nachwuchssportler sowie der Sportler des Jahres 2024. Foto: Katrin Jester, Stadt M\u00f6lln, hfr<\/figcaption><\/figure>\n<p>B\u00fcrgervorsteherin Katharina Fiedermann begr\u00fc\u00dfte die G\u00e4ste und betonte in ihrer Ansprache die Werte, die die SportlerInnen verk\u00f6rpern: Durchhalteverm\u00f6gen, Selbstvertrauen, Fair Play und Hingabe. Sie w\u00fcrdigte die Geehrten als Vorbilder und sprach ihren Dank an Eltern und Trainerteams f\u00fcr deren Unterst\u00fctzung aus.<\/p>\n<p>Niels Christian Weis, Vorsitzender des Schul-, Sport-, Jugend- und Sozialausschusses, verlas die Namen der zu Ehrenden, die aus folgenden Vereinen benannt wurden: M\u00f6llner Sportvereinigung (MSV), DLRG, Tennis-Klub M\u00f6lln und M\u00f6llner Ruder-Club. Erstmals wurden auch SportlerInnen geehrt, die nicht in M\u00f6llner Vereinen aktiv sind, aber in M\u00f6lln wohnen beziehungsweise zur Schule gehen.\u00a0Sportler des Jahres 2024 wurde unter anderen der M\u00f6llner Max Appel, der im Doppelvierer bei den Olympischen Spielen in Paris den 5. Platz belegte.<\/p>\n<figure id=\"attachment_76932\" aria-describedby=\"caption-attachment-76932\" style=\"width: 600px\" class=\"wp-caption alignnone\"><img decoding=\"async\" class=\"size-medium wp-image-76932\" src=\"https:\/\/herzogtum-direkt.de\/wp-content\/uploads\/2025\/10\/Niels-Christian-Weis-Katharina-Fiedermann-und-Ingo-Schaeper-v.l.-bei-der-Sportlerehrung-2024-Foto-Katrin-Jester-600x436.jpg\" alt=\"\" width=\"600\" height=\"436\" srcset=\"https:\/\/herzogtum-direkt.de\/wp-content\/uploads\/2025\/10\/Niels-Christian-Weis-Katharina-Fiedermann-und-Ingo-Schaeper-v.l.-bei-der-Sportlerehrung-2024-Foto-Katrin-Jester-600x436.jpg 600w, https:\/\/herzogtum-direkt.de\/wp-content\/uploads\/2025\/10\/Niels-Christian-Weis-Katharina-Fiedermann-und-Ingo-Schaeper-v.l.-bei-der-Sportlerehrung-2024-Foto-Katrin-Jester-768x558.jpg 768w, https:\/\/herzogtum-direkt.de\/wp-content\/uploads\/2025\/10\/Niels-Christian-Weis-Katharina-Fiedermann-und-Ingo-Schaeper-v.l.-bei-der-Sportlerehrung-2024-Foto-Katrin-Jester-120x86.jpg 120w, https:\/\/herzogtum-direkt.de\/wp-content\/uploads\/2025\/10\/Niels-Christian-Weis-Katharina-Fiedermann-und-Ingo-Schaeper-v.l.-bei-der-Sportlerehrung-2024-Foto-Katrin-Jester.jpg 1000w\" sizes=\"(max-width: 600px) 100vw, 600px\" \/><figcaption id=\"caption-attachment-76932\" class=\"wp-caption-text\">Niels Christian Weis, Katharina Fiedermann und Ingo Sch\u00e4per (v.l.) bei der Sportlerehrung 2024.Foto: Katrin Jester, Stadt M\u00f6lln, hfr<\/figcaption><\/figure>\n<p>Die Auszeichnungen \u2013 Urkunden und Glasmedaillen \u2013 wurden von B\u00fcrgervorsteherin Katharina Fiedermann und B\u00fcrgermeister Ingo Sch\u00e4per gemeinsam \u00fcberreicht. Die f\u00fcnf Sonderehrungen erhielten zus\u00e4tzlich einen personalisierten und beleuchteten Glasquader. Als Geschenk gab es f\u00fcr alle Geehrten einen Gutschein f\u00fcr ein Funktions-Shirt, das bei einer M\u00f6llner Druckerei individuell gestaltet werden kann.<\/p>\n<p>Im Anschluss an die Ehrungen fand ein gem\u00fctliches Beisammensein statt, das Gelegenheit f\u00fcr Austausch und Gespr\u00e4che bot und den Abend in feierlicher Atmosph\u00e4re abrundete.<\/p>\n<p>Die Namen der zu Ehrenden werden jedes Jahr von den Vereinen, Schulen und Einwohnenden vorgeschlagen und anschlie\u00dfend in der Sportkonferenz zur Abstimmung gebracht.<\/p>\n<p>Die Stadt M\u00f6lln gratuliert allen Sportaktiven zu ihren Erfolgen und dankt f\u00fcr ihr Engagement und ihre Vorbildfunktion.<strong><br \/>\n<\/strong><strong><br \/>\n<\/strong><\/p>\n<p><strong>Geehrte SportlerInnen:<\/strong><\/p>\n<ul>\n<li><strong>MSV &#8211; Turnen \/ Erwachsene:<\/strong> J\u00fcrgen Eiselt<\/li>\n<li><strong>MSV &#8211; Sportakrobatik \/Jugend:<\/strong> Merle D\u00f6rfler<\/li>\n<li><strong>MSV &#8211; Leichtathletik \/ Jugend:<\/strong> Neele Kempcke<\/li>\n<li><strong>MSV &#8211; Leichtathletik \/ Erwachsene:<\/strong> Tilman Colberg, Anika Friedl-Werner, Reinhold Kriedel, Astrid Holger, Roland Rockstroh, Desire Trense<\/li>\n<li><strong>MSV &#8211; Badminton \/ Erwachsene:<\/strong> Andrea B\u00fcchler, Marco Pfalzgraf, Johanna Franke, Martin Koop<\/li>\n<li><strong>MSV &#8211; Schwimmen \/ Erwachsene:<\/strong> Nina Konkel, Isabelle Skambath<\/li>\n<li><strong>MSV &#8211; Schwimmen \/Jugend:<\/strong> Carolin Hack, Henry Mai, Daniel Nichelmann, MaximilianTrabant, Sofiia Kolomiiets, Lucy K\u00e4ding, Lilly Wilhelmsen, Marla Kr\u00fcger, Julia Scheidelmann, Noah Hegmann, Flora Jansen, Enya K\u00e4ding, Klara Tennstedt, Mathilda Wirth, Bruno Wittfoht, Justus Johann Albers, Paulina Marie Hardekopf, Lily Karnatz, Eva Charlotte Kunze, Jorin Aurel M\u00fcller, Nika Nichelmann, Oscar Penno, Jannis Prehn, Lasse Sieb\u00f6rger, Lia Stonies, Nora Noelle Treptow, Marie-Luise Tychsen, Leandro Elias Wegner, Melissa Wegner<\/li>\n<li><strong>Sch\u00fcler:innen Marion-D\u00f6nhoff-Gymnasium:<\/strong> Carla Sieveke, Luise Dempewolf, Martje Nemitz, Hanna Haack, Luzie Stamer, Mia Johannsen, Lilly Wilhelmsen, Marla Kr\u00fcger, Julia Scheidelmann, Pia Zantopp<\/li>\n<li><strong>DLRG e.V. &#8211; Jugend:<\/strong> Jakob Elias<\/li>\n<li><strong>Sportler &#8211; wohnhaft in M\u00f6lln:<\/strong> Moritz K\u00f6nig, Sebastian Reimann<\/li>\n<li><strong>Tennis-Klub M\u00f6lln &#8211; Nachwuchssportlerin des Jahres 2024:<\/strong> Leni Blechenberg<\/li>\n<li><strong>M\u00f6llner Ruder-Club e.V. &#8211; Nachwuchssportler des Jahres 2024:<\/strong> Henrik Hinze, Hennes Krohn<\/li>\n<li><strong>MSV &#8211; Sportler des Jahres 2024:<\/strong> Tilman Colberg<\/li>\n<li><strong>Sportler des Jahres 2024:<\/strong>\u00a0Max Appel<\/li>\n<\/ul>\n<p>&nbsp;<\/p>\n","protected":false},"excerpt":{"rendered":"<p>M\u00f6lln (pm). Ende September 2025 fand im Marion-D\u00f6nhoff-Gymnasium die diesj\u00e4hrige Sportlerehrung der Stadt M\u00f6lln statt. In feierlichem Rahmen wurden insgesamt 58 SportlerInnen f\u00fcr ihre herausragenden Leistungen im Jahr 2024 auf \u00fcberregionaler und internationaler Ebene ausgezeichnet, darunter f\u00fcnf Sonderehrungen f\u00fcr Nachwuchstalente und Sportler des Jahres. B\u00fcrgervorsteherin Katharina Fiedermann begr\u00fc\u00dfte die G\u00e4ste und betonte in ihrer Ansprache [&hellip;]<\/p>\n","protected":false},"author":2,"featured_media":76931,"comment_status":"closed","ping_status":"closed","sticky":false,"template":"","format":"standard","meta":{"jnews-multi-image_gallery":[],"jnews_single_post":{"format":"standard","override":[{"template":"1","parallax":"1","fullscreen":"1","layout":"right-sidebar","sidebar":"default-sidebar","second_sidebar":"default-sidebar","sticky_sidebar":"1","share_position":"top","share_float_style":"share-monocrhome","show_view_counter":"1","show_featured":"1","show_post_meta":"1","show_post_author":"1","show_post_author_image":"1","show_post_date":"1","post_date_format":"default","post_date_format_custom":"Y\/m\/d","post_reading_time_wpm":"300","post_calculate_word_method":"str_word_count","show_zoom_button":"0","zoom_button_out_step":"2","zoom_button_in_step":"3","show_post_tag":"1","show_popup_post":"1","number_popup_post":"1","show_author_box":"1","show_post_related":"1","show_inline_post_related":"0"}],"image_override":[{"single_post_thumbnail_size":"crop-500","single_post_gallery_size":"crop-500"}],"trending_post_position":"meta","trending_post_label":"Trending","sponsored_post_label":"Sponsored by","disable_ad":"0","subtitle":"Anerkennung f\u00fcr herausragende Leistungen"},"jnews_primary_category":[],"jnews_social_meta":[],"jnews_override_counter":{"view_counter_number":"0","share_counter_number":"0","like_counter_number":"0","dislike_counter_number":"0"},"jnews_post_split":{"post_split":[{"template":"1","tag":"h2","numbering":"asc","mode":"normal","first":"0","enable_toc":"0","toc_type":"normal"}]},"footnotes":""},"categories":[63,66,71],"tags":[3445,274,2858],"class_list":["post-76930","post","type-post","status-publish","format-standard","has-post-thumbnail","hentry","category-herzogtum-lauenburg","category-moelln","category-sport","tag-buergermeister-schaeper-moelln","tag-sportler-des-jahres","tag-sportlerehrung"],"_links":{"self":[{"href":"https:\/\/herzogtum-direkt.de\/index.php\/wp-json\/wp\/v2\/posts\/76930","targetHints":{"allow":["GET"]}}],"collection":[{"href":"https:\/\/herzogtum-direkt.de\/index.php\/wp-json\/wp\/v2\/posts"}],"about":[{"href":"https:\/\/herzogtum-direkt.de\/index.php\/wp-json\/wp\/v2\/types\/post"}],"author":[{"embeddable":true,"href":"https:\/\/herzogtum-direkt.de\/index.php\/wp-json\/wp\/v2\/users\/2"}],"replies":[{"embeddable":true,"href":"https:\/\/herzogtum-direkt.de\/index.php\/wp-json\/wp\/v2\/comments?post=76930"}],"version-history":[{"count":1,"href":"https:\/\/herzogtum-direkt.de\/index.php\/wp-json\/wp\/v2\/posts\/76930\/revisions"}],"predecessor-version":[{"id":76934,"href":"https:\/\/herzogtum-direkt.de\/index.php\/wp-json\/wp\/v2\/posts\/76930\/revisions\/76934"}],"wp:featuredmedia":[{"embeddable":true,"href":"https:\/\/herzogtum-direkt.de\/index.php\/wp-json\/wp\/v2\/media\/76931"}],"wp:attachment":[{"href":"https:\/\/herzogtum-direkt.de\/index.php\/wp-json\/wp\/v2\/media?parent=76930"}],"wp:term":[{"taxonomy":"category","embeddable":true,"href":"https:\/\/herzogtum-direkt.de\/index.php\/wp-json\/wp\/v2\/categories?post=76930"},{"taxonomy":"post_tag","embeddable":true,"href":"https:\/\/herzogtum-direkt.de\/index.php\/wp-json\/wp\/v2\/tags?post=76930"}],"curies":[{"name":"wp","href":"https:\/\/api.w.org\/{rel}","templated":true}]}}