{"id":7675,"date":"2018-10-04T11:37:49","date_gmt":"2018-10-04T09:37:49","guid":{"rendered":"https:\/\/herzogtum-direkt.de\/?p=7675"},"modified":"2018-10-04T11:37:49","modified_gmt":"2018-10-04T09:37:49","slug":"der-falsche-feind-irans-rolle-in-nahost-und-der-westen","status":"publish","type":"post","link":"https:\/\/herzogtum-direkt.de\/index.php\/2018\/10\/04\/der-falsche-feind-irans-rolle-in-nahost-und-der-westen\/","title":{"rendered":"&#8218;Der falsche Feind?&#8216; &#8211; Irans Rolle in Nahost und der Westen"},"content":{"rendered":"<figure id=\"attachment_1429\" aria-describedby=\"caption-attachment-1429\" style=\"width: 202px\" class=\"wp-caption alignleft\"><a href=\"https:\/\/2021.herzogtum-direkt.de\/wp-content\/uploads\/2018\/03\/1281_11108_1_g.jpg\"><img fetchpriority=\"high\" decoding=\"async\" class=\"size-medium wp-image-1429\" src=\"https:\/\/2021.herzogtum-direkt.de\/wp-content\/uploads\/2018\/03\/1281_11108_1_g-202x300.jpg\" alt=\"\" width=\"202\" height=\"300\" srcset=\"https:\/\/herzogtum-direkt.de\/wp-content\/uploads\/2018\/03\/1281_11108_1_g-202x300.jpg 202w, https:\/\/herzogtum-direkt.de\/wp-content\/uploads\/2018\/03\/1281_11108_1_g-282x420.jpg 282w, https:\/\/herzogtum-direkt.de\/wp-content\/uploads\/2018\/03\/1281_11108_1_g.jpg 336w\" sizes=\"(max-width: 202px) 100vw, 202px\" \/><\/a><figcaption id=\"caption-attachment-1429\" class=\"wp-caption-text\">Dr. Udo Metzinger ist seit vielen Jahren in der Politischen Bildungsarbeit t\u00e4tig, u.a. im Netzwerk Politische Bildung in der Bundeswehr, an verschiedenen Akademien und f\u00fcr viele freie Tr\u00e4ger der Politischen Bildung. Foto: hfr<\/figcaption><\/figure>\n<p><strong>Ratzeburg (pm).<\/strong> In der politischen Bildungsreihe der Ratzeburger Volkshochschule richtet sich der Blick am Freitag, 19. Oktober 2018, um 19 Uhr im Ratssaal des Rathauses auf den Iran. Die Aufk\u00fcndigung des Atomabkommens durch die Trump-Administration hat die Lage im Nahen Osten ver\u00e4ndert. Amerika kehrt unter Trump zur alten Eind\u00e4mmungs- und Konfrontationspolitik gegen\u00fcber dem Iran zur\u00fcck. Die Europ\u00e4er verfolgen andere Ziele.<\/p>\n<p>Dr Udo Metzinger analysiert in seinem Vortrag die komplizierte Rolle, die der Iran im Nahen und Mittleren Osten spielt, bespricht den saudi-arabisch-iranischen Macht- und Religionskonflikt, beschreibt die amerikanisch-europ\u00e4ische Position unter Obama und findet vielleicht Ans\u00e4tze, Trumps Kehrtwende zu erkl\u00e4ren und deren Folgen abzusch\u00e4tzen.<\/p>\n<p>Dr. Udo Metzinger ist seit vielen Jahren in der Politischen Bildungsarbeit t\u00e4tig, u.a. im Netzwerk Politische Bildung in der Bundeswehr, an verschiedenen Akademien und f\u00fcr viele freie Tr\u00e4ger der Politischen Bildung.<\/p>\n<p>Der Vortrag wird in Kooperation mit dem Verein Miteinander leben e.V. durchgef\u00fchrt und gef\u00f6rdert durch das Bundesprogramm \u201eDemokratie leben!\u201c des Bundesministerium f\u00fcr Familie, Senioren, Frauen und Jugend im Rahmen der \u201ePartnerschaft f\u00fcr Demokratie der Stadt Ratzeburg und des Amtes Lauenburgische Seen\u201c. Der Eintritt ist frei.<\/p>\n","protected":false},"excerpt":{"rendered":"<p>Ratzeburg (pm). In der politischen Bildungsreihe der Ratzeburger Volkshochschule richtet sich der Blick am Freitag, 19. Oktober 2018, um 19 Uhr im Ratssaal des Rathauses auf den Iran. Die Aufk\u00fcndigung des Atomabkommens durch die Trump-Administration hat die Lage im Nahen Osten ver\u00e4ndert. Amerika kehrt unter Trump zur alten Eind\u00e4mmungs- und Konfrontationspolitik gegen\u00fcber dem Iran zur\u00fcck. [&hellip;]<\/p>\n","protected":false},"author":2,"featured_media":1429,"comment_status":"open","ping_status":"closed","sticky":false,"template":"","format":"standard","meta":{"jnews-multi-image_gallery":[],"jnews_single_post":[],"jnews_primary_category":[],"jnews_social_meta":[],"jnews_override_counter":[],"jnews_post_split":[],"footnotes":""},"categories":[64],"tags":[1515,1516,682],"class_list":["post-7675","post","type-post","status-publish","format-standard","has-post-thumbnail","hentry","category-ratzeburg","tag-iran","tag-trump","tag-vhs-ratzeburg"],"_links":{"self":[{"href":"https:\/\/herzogtum-direkt.de\/index.php\/wp-json\/wp\/v2\/posts\/7675","targetHints":{"allow":["GET"]}}],"collection":[{"href":"https:\/\/herzogtum-direkt.de\/index.php\/wp-json\/wp\/v2\/posts"}],"about":[{"href":"https:\/\/herzogtum-direkt.de\/index.php\/wp-json\/wp\/v2\/types\/post"}],"author":[{"embeddable":true,"href":"https:\/\/herzogtum-direkt.de\/index.php\/wp-json\/wp\/v2\/users\/2"}],"replies":[{"embeddable":true,"href":"https:\/\/herzogtum-direkt.de\/index.php\/wp-json\/wp\/v2\/comments?post=7675"}],"version-history":[{"count":1,"href":"https:\/\/herzogtum-direkt.de\/index.php\/wp-json\/wp\/v2\/posts\/7675\/revisions"}],"predecessor-version":[{"id":7676,"href":"https:\/\/herzogtum-direkt.de\/index.php\/wp-json\/wp\/v2\/posts\/7675\/revisions\/7676"}],"wp:featuredmedia":[{"embeddable":true,"href":"https:\/\/herzogtum-direkt.de\/index.php\/wp-json\/wp\/v2\/media\/1429"}],"wp:attachment":[{"href":"https:\/\/herzogtum-direkt.de\/index.php\/wp-json\/wp\/v2\/media?parent=7675"}],"wp:term":[{"taxonomy":"category","embeddable":true,"href":"https:\/\/herzogtum-direkt.de\/index.php\/wp-json\/wp\/v2\/categories?post=7675"},{"taxonomy":"post_tag","embeddable":true,"href":"https:\/\/herzogtum-direkt.de\/index.php\/wp-json\/wp\/v2\/tags?post=7675"}],"curies":[{"name":"wp","href":"https:\/\/api.w.org\/{rel}","templated":true}]}}