{"id":7602,"date":"2018-10-01T09:27:51","date_gmt":"2018-10-01T07:27:51","guid":{"rendered":"https:\/\/herzogtum-direkt.de\/?p=7602"},"modified":"2018-10-01T09:29:23","modified_gmt":"2018-10-01T07:29:23","slug":"doku-dienstag-papst-franziskus-im-kino-in-moelln","status":"publish","type":"post","link":"https:\/\/herzogtum-direkt.de\/index.php\/2018\/10\/01\/doku-dienstag-papst-franziskus-im-kino-in-moelln\/","title":{"rendered":"Doku-Dienstag: &#8218;Papst Franziskus&#8216; im Kino in M\u00f6lln"},"content":{"rendered":"<p><strong>M\u00f6lln (pm).<\/strong> Die katholische Kirche steckt derzeit in ihrer gr\u00f6\u00dften Krise. Alle Hoffnungen ruhen auf einem Mann, der angetreten ist, sie grundlegend zu erneuern: Papst Franziskus. Aus aktuellem Anlass zeigt das Kino in M\u00f6lln daher an diesem Doku-Dienstag den neuen Dokumentarfilm von Wim Wenders.<\/p>\n<p>Im Zentrum seines Papst-Portr\u00e4ts stehen die Gedanken von Franziskus, alle ihm wichtigen Themen, aktuelle Fragen zu globalen Herausforderungen und sein Reformbestreben innerhalb der Kirche. Das visuelle Konzept des Filmes l\u00e4sst den Zuschauer mit dem Papst von Angesicht zu Angesicht sein. Ein Gespr\u00e4ch zwischen ihm und \u2013 im wahrsten Sinne \u2013 der Welt entsteht. Papst Franziskus teilt seine Vision einer Kirche, die von tiefer Sorge um die Armen gepr\u00e4gt ist, spricht \u00fcber Umweltfragen, soziale Gerechtigkeit und sein Engagement f\u00fcr Frieden an den Kriegsschaupl\u00e4tzen dieser Welt und zwischen den Weltreligionen. \u201ePapst Franziskus &#8211; Ein Mann seines Wortes\u201c l\u00e4uft am kommenden Dienstag um 19.30 Uhr im M\u00f6llner Augustinum.<\/p>\n<p>&nbsp;<\/p>\n<div class=\"brlbs-cmpnt-container brlbs-cmpnt-content-blocker brlbs-cmpnt-with-individual-styles\" data-borlabs-cookie-content-blocker-id=\"youtube-content-blocker\" data-borlabs-cookie-content=\"PGlmcmFtZSBzcmM9Imh0dHBzOi8vd3d3LnlvdXR1YmUtbm9jb29raWUuY29tL2VtYmVkL1p5UWVHbHczSWJFIiB3aWR0aD0iOTkwIiBoZWlnaHQ9IjU1NyIgZnJhbWVib3JkZXI9IjAiIGFsbG93ZnVsbHNjcmVlbj0iYWxsb3dmdWxsc2NyZWVuIj48L2lmcmFtZT4=\">\n<div class=\"brlbs-cmpnt-cb-preset-c brlbs-cmpnt-cb-youtube\">\n<div class=\"brlbs-cmpnt-cb-thumbnail\" style=\"background-image: url('https:\/\/herzogtum-direkt.de\/wp-content\/uploads\/borlabs-cookie\/1\/yt_ZyQeGlw3IbE_hqdefault.jpg')\"><\/div>\n<div class=\"brlbs-cmpnt-cb-main\">\n<div class=\"brlbs-cmpnt-cb-play-button\"><\/div>\n<div class=\"brlbs-cmpnt-cb-content\">\n<p class=\"brlbs-cmpnt-cb-description\">Sie sehen gerade einen Platzhalterinhalt von <strong>YouTube<\/strong>. Um auf den eigentlichen Inhalt zuzugreifen, klicken Sie auf die Schaltfl\u00e4che unten. Bitte beachten Sie, dass dabei Daten an Drittanbieter weitergegeben werden.<\/p>\n<p> <a class=\"brlbs-cmpnt-cb-provider-toggle\" href=\"#\" data-borlabs-cookie-show-provider-information role=\"button\">Mehr Informationen<\/a> <\/div>\n<div class=\"brlbs-cmpnt-cb-buttons\"> <a class=\"brlbs-cmpnt-cb-btn\" href=\"#\" data-borlabs-cookie-unblock role=\"button\">Inhalt entsperren<\/a> <a class=\"brlbs-cmpnt-cb-btn\" href=\"#\" data-borlabs-cookie-accept-service role=\"button\" style=\"display: inherit\">Erforderlichen Service akzeptieren und Inhalte entsperren<\/a> <\/div><\/div><\/div>\n<\/div>\n","protected":false},"excerpt":{"rendered":"<p>M\u00f6lln (pm). Die katholische Kirche steckt derzeit in ihrer gr\u00f6\u00dften Krise. Alle Hoffnungen ruhen auf einem Mann, der angetreten ist, sie grundlegend zu erneuern: Papst Franziskus. Aus aktuellem Anlass zeigt das Kino in M\u00f6lln daher an diesem Doku-Dienstag den neuen Dokumentarfilm von Wim Wenders. Im Zentrum seines Papst-Portr\u00e4ts stehen die Gedanken von Franziskus, alle ihm [&hellip;]<\/p>\n","protected":false},"author":2,"featured_media":4434,"comment_status":"open","ping_status":"closed","sticky":false,"template":"","format":"standard","meta":{"jnews-multi-image_gallery":[],"jnews_single_post":[],"jnews_primary_category":[],"jnews_social_meta":[],"jnews_override_counter":[],"jnews_post_split":[],"footnotes":""},"categories":[70,2],"tags":[143,292],"class_list":["post-7602","post","type-post","status-publish","format-standard","has-post-thumbnail","hentry","category-kultur","category-startseite","tag-doku-dienstag","tag-kino-moelln"],"_links":{"self":[{"href":"https:\/\/herzogtum-direkt.de\/index.php\/wp-json\/wp\/v2\/posts\/7602","targetHints":{"allow":["GET"]}}],"collection":[{"href":"https:\/\/herzogtum-direkt.de\/index.php\/wp-json\/wp\/v2\/posts"}],"about":[{"href":"https:\/\/herzogtum-direkt.de\/index.php\/wp-json\/wp\/v2\/types\/post"}],"author":[{"embeddable":true,"href":"https:\/\/herzogtum-direkt.de\/index.php\/wp-json\/wp\/v2\/users\/2"}],"replies":[{"embeddable":true,"href":"https:\/\/herzogtum-direkt.de\/index.php\/wp-json\/wp\/v2\/comments?post=7602"}],"version-history":[{"count":1,"href":"https:\/\/herzogtum-direkt.de\/index.php\/wp-json\/wp\/v2\/posts\/7602\/revisions"}],"predecessor-version":[{"id":7603,"href":"https:\/\/herzogtum-direkt.de\/index.php\/wp-json\/wp\/v2\/posts\/7602\/revisions\/7603"}],"wp:featuredmedia":[{"embeddable":true,"href":"https:\/\/herzogtum-direkt.de\/index.php\/wp-json\/wp\/v2\/media\/4434"}],"wp:attachment":[{"href":"https:\/\/herzogtum-direkt.de\/index.php\/wp-json\/wp\/v2\/media?parent=7602"}],"wp:term":[{"taxonomy":"category","embeddable":true,"href":"https:\/\/herzogtum-direkt.de\/index.php\/wp-json\/wp\/v2\/categories?post=7602"},{"taxonomy":"post_tag","embeddable":true,"href":"https:\/\/herzogtum-direkt.de\/index.php\/wp-json\/wp\/v2\/tags?post=7602"}],"curies":[{"name":"wp","href":"https:\/\/api.w.org\/{rel}","templated":true}]}}