{"id":7559,"date":"2018-09-28T10:53:48","date_gmt":"2018-09-28T08:53:48","guid":{"rendered":"https:\/\/herzogtum-direkt.de\/?p=7559"},"modified":"2018-09-28T10:53:48","modified_gmt":"2018-09-28T08:53:48","slug":"themensamstag-im-museum-vergessene-arbeit","status":"publish","type":"post","link":"https:\/\/herzogtum-direkt.de\/index.php\/2018\/09\/28\/themensamstag-im-museum-vergessene-arbeit\/","title":{"rendered":"Themensamstag im Museum &#8218;vergessene Arbeit&#8216;"},"content":{"rendered":"<p><strong>Steinhorst (pm).<\/strong> Am Sonnabend, 6. Oktober 2018, ist das Museum \u201eVergessene Arbeit\u201c des Heimatbundes und Geschichtsvereins Herzogtum Lauenburg- Bezirksgruppe Steinhorst \u2013 Sandesneben im ehemaligen Kuhstall der Dom\u00e4ne Steinhorst (Schulstra\u00dfe 10) wieder in Zeit von 14 bis 17 Uhr ge\u00f6ffnet. Dies ist der letzte Themensamstag im Jahr 2018.<\/p>\n<p>Im Mittelpunkt stehen \u201eSprichw\u00f6rter und Redensarten\u201c. Aus der Liste der 400 deutschen Redewendungen, die man bei Wikipedia findet, hat Museumsmitarbeiter J\u00fcrgen Lycko eine willk\u00fcrliche Auswahl von 40 Sprichw\u00f6rtern herausgesucht und deren Entstehung und Hintergrund beschrieben. Hier\u00fcber erfahren sie beim Besuch des Museums mehr.<\/p>\n<p>Die Mitarbeiter des Museums stehen dar\u00fcber hinaus mit ihrem Fachwissen in Landwirtschaft, Handwerk sowie Hauswirtschaft und Feuerwehrwesen f\u00fcr Erkl\u00e4rungen bereit. Au\u00dferdem sind eine Radiosammlung, die Schulstube sowie Buchdruck und \u2013binderei zu sehen.<\/p>\n<p>Ausk\u00fcnfte und erg\u00e4nzende Informationen erh\u00e4lt man bei Wolfgang Bentin (Tel. 04501 \/ 1062) oder unter <a href=\"http:\/\/www.museum-steinhorst.de\" target=\"_blank\" rel=\"noopener\">www.museum-steinhorst.de<\/a>. Das Museum hat bis Ende Oktober 2018 weiterhin jeden Mittwoch von 9 bis 12 Uhr ge\u00f6ffnet.<\/p>\n","protected":false},"excerpt":{"rendered":"<p>Steinhorst (pm). Am Sonnabend, 6. Oktober 2018, ist das Museum \u201eVergessene Arbeit\u201c des Heimatbundes und Geschichtsvereins Herzogtum Lauenburg- Bezirksgruppe Steinhorst \u2013 Sandesneben im ehemaligen Kuhstall der Dom\u00e4ne Steinhorst (Schulstra\u00dfe 10) wieder in Zeit von 14 bis 17 Uhr ge\u00f6ffnet. Dies ist der letzte Themensamstag im Jahr 2018. Im Mittelpunkt stehen \u201eSprichw\u00f6rter und Redensarten\u201c. Aus der [&hellip;]<\/p>\n","protected":false},"author":2,"featured_media":7560,"comment_status":"open","ping_status":"closed","sticky":false,"template":"","format":"standard","meta":{"jnews-multi-image_gallery":[],"jnews_single_post":[],"jnews_primary_category":[],"jnews_social_meta":[],"jnews_override_counter":[],"jnews_post_split":[],"footnotes":""},"categories":[70],"tags":[872,722,1380,723],"class_list":["post-7559","post","type-post","status-publish","format-standard","has-post-thumbnail","hentry","category-kultur","tag-amt-sandesneben-nusse","tag-museum-steinhorst","tag-museum-vergessene-arbeit","tag-steinhorst"],"_links":{"self":[{"href":"https:\/\/herzogtum-direkt.de\/index.php\/wp-json\/wp\/v2\/posts\/7559","targetHints":{"allow":["GET"]}}],"collection":[{"href":"https:\/\/herzogtum-direkt.de\/index.php\/wp-json\/wp\/v2\/posts"}],"about":[{"href":"https:\/\/herzogtum-direkt.de\/index.php\/wp-json\/wp\/v2\/types\/post"}],"author":[{"embeddable":true,"href":"https:\/\/herzogtum-direkt.de\/index.php\/wp-json\/wp\/v2\/users\/2"}],"replies":[{"embeddable":true,"href":"https:\/\/herzogtum-direkt.de\/index.php\/wp-json\/wp\/v2\/comments?post=7559"}],"version-history":[{"count":1,"href":"https:\/\/herzogtum-direkt.de\/index.php\/wp-json\/wp\/v2\/posts\/7559\/revisions"}],"predecessor-version":[{"id":7562,"href":"https:\/\/herzogtum-direkt.de\/index.php\/wp-json\/wp\/v2\/posts\/7559\/revisions\/7562"}],"wp:featuredmedia":[{"embeddable":true,"href":"https:\/\/herzogtum-direkt.de\/index.php\/wp-json\/wp\/v2\/media\/7560"}],"wp:attachment":[{"href":"https:\/\/herzogtum-direkt.de\/index.php\/wp-json\/wp\/v2\/media?parent=7559"}],"wp:term":[{"taxonomy":"category","embeddable":true,"href":"https:\/\/herzogtum-direkt.de\/index.php\/wp-json\/wp\/v2\/categories?post=7559"},{"taxonomy":"post_tag","embeddable":true,"href":"https:\/\/herzogtum-direkt.de\/index.php\/wp-json\/wp\/v2\/tags?post=7559"}],"curies":[{"name":"wp","href":"https:\/\/api.w.org\/{rel}","templated":true}]}}