{"id":75213,"date":"2025-08-08T11:00:38","date_gmt":"2025-08-08T10:00:38","guid":{"rendered":"https:\/\/herzogtum-direkt.de\/?p=75213"},"modified":"2025-08-08T11:00:38","modified_gmt":"2025-08-08T10:00:38","slug":"badeverbot-blaualgen-im-gudower-see-und-weiterhin-im-moellner-luisenbad","status":"publish","type":"post","link":"https:\/\/herzogtum-direkt.de\/index.php\/2025\/08\/08\/badeverbot-blaualgen-im-gudower-see-und-weiterhin-im-moellner-luisenbad\/","title":{"rendered":"Badeverbot: Blaualgen im Gudower See und weiterhin im M\u00f6llner Luisenbad"},"content":{"rendered":"<p style=\"font-weight: 400;\"><strong>Gudow\/M\u00f6lln (pm).<\/strong> Der Fachdienst Gesundheit der Kreisverwaltung Herzogtum Lauenburg hat am Freitag, 8. August eine Massenentwicklung von Blaualgen im Gudower See in Gudow festgestellt. Der \u00f6rtlichen Ordnungsbeh\u00f6rde des Amtes B\u00fcchen wurde empfohlen, f\u00fcr die Badem\u00f6glichkeit am Gudower See ein vorl\u00e4ufiges Badeverbot auszusprechen und mit Hinweistafeln dar\u00fcber zu informieren.<\/p>\n<figure id=\"attachment_63618\" aria-describedby=\"caption-attachment-63618\" style=\"width: 300px\" class=\"wp-caption alignnone\"><img fetchpriority=\"high\" decoding=\"async\" class=\"size-medium wp-image-63618\" src=\"https:\/\/herzogtum-direkt.de\/wp-content\/uploads\/2024\/08\/Wasser-Badesee-Algen-Baden-Pixabay-300x225.jpg\" alt=\"\" width=\"300\" height=\"225\" srcset=\"https:\/\/herzogtum-direkt.de\/wp-content\/uploads\/2024\/08\/Wasser-Badesee-Algen-Baden-Pixabay-300x225.jpg 300w, https:\/\/herzogtum-direkt.de\/wp-content\/uploads\/2024\/08\/Wasser-Badesee-Algen-Baden-Pixabay-768x576.jpg 768w, https:\/\/herzogtum-direkt.de\/wp-content\/uploads\/2024\/08\/Wasser-Badesee-Algen-Baden-Pixabay-750x563.jpg 750w, https:\/\/herzogtum-direkt.de\/wp-content\/uploads\/2024\/08\/Wasser-Badesee-Algen-Baden-Pixabay.jpg 1000w\" sizes=\"(max-width: 300px) 100vw, 300px\" \/><figcaption id=\"caption-attachment-63618\" class=\"wp-caption-text\">Foto: Image by <a href=\"https:\/\/pixabay.com\/users\/thedigitalartist-202249\/?utm_source=link-attribution&amp;utm_medium=referral&amp;utm_campaign=image&amp;utm_content=8369405\">Pete Linforth<\/a> from <a href=\"https:\/\/pixabay.com\/\/?utm_source=link-attribution&amp;utm_medium=referral&amp;utm_campaign=image&amp;utm_content=8369405\">Pixabay<\/a>, hfr<\/figcaption><\/figure>\n<p style=\"font-weight: 400;\">Auch an der Badestelle Luisenbad des Schulsees in M\u00f6lln wird das bis zum 8. August 2025 angeordnete Badeverbot auf Grund der anhaltenden Blaualgenbelastung von der Stadt M\u00f6lln auf Empfehlung des Gesundheitsamtes vorerst bis zum 15. August 2025 verl\u00e4ngert.<\/p>\n<p style=\"font-weight: 400;\"><strong>Hintergrund:<\/strong> Blaualgen k\u00f6nnen giftig sein. Nach dem Kontakt mit Blaualgen k\u00f6nnen Hautreizungen und durch Verschlucken von blaualgenhaltigem Wasser \u00dcbelkeit, Erbrechen oder Durchfall auftreten. Bei dem Auftreten derartiger Symptome nach dem Baden in blaualgenhaltigem Wasser sollte ein Arzt aufgesucht werden.<\/p>\n<p style=\"font-weight: 400;\">In nat\u00fcrlichen Badegew\u00e4ssern k\u00f6nnen sich bei bestimmten Wetterbedingungen Blaualgen stark vermehren und das Badevergn\u00fcgen beeintr\u00e4chtigen. Derartige Entwicklungen sind meist nicht vorhersehbar oder \u00e4ndern sich sehr rasch. Die Massenvermehrungen k\u00f6nnen sich ebenso innerhalb weniger Tage oder sogar Stunden wieder aufl\u00f6sen. Sobald das Baden wieder gefahrlos m\u00f6glich ist, wird das Gesundheitsamt die \u00d6ffentlichkeit dar\u00fcber unterrichten.<\/p>\n","protected":false},"excerpt":{"rendered":"<p>Gudow\/M\u00f6lln (pm). Der Fachdienst Gesundheit der Kreisverwaltung Herzogtum Lauenburg hat am Freitag, 8. August eine Massenentwicklung von Blaualgen im Gudower See in Gudow festgestellt. Der \u00f6rtlichen Ordnungsbeh\u00f6rde des Amtes B\u00fcchen wurde empfohlen, f\u00fcr die Badem\u00f6glichkeit am Gudower See ein vorl\u00e4ufiges Badeverbot auszusprechen und mit Hinweistafeln dar\u00fcber zu informieren. Auch an der Badestelle Luisenbad des Schulsees [&hellip;]<\/p>\n","protected":false},"author":2,"featured_media":43553,"comment_status":"closed","ping_status":"closed","sticky":false,"template":"","format":"standard","meta":{"jnews-multi-image_gallery":[],"jnews_single_post":{"format":"standard","override":[{"template":"1","parallax":"1","fullscreen":"1","layout":"right-sidebar","sidebar":"default-sidebar","second_sidebar":"default-sidebar","sticky_sidebar":"1","share_position":"top","share_float_style":"share-monocrhome","show_view_counter":"1","show_featured":"1","show_post_meta":"1","show_post_author":"1","show_post_author_image":"1","show_post_date":"1","post_date_format":"default","post_date_format_custom":"Y\/m\/d","post_reading_time_wpm":"300","post_calculate_word_method":"str_word_count","show_zoom_button":"0","zoom_button_out_step":"2","zoom_button_in_step":"3","show_post_tag":"1","show_popup_post":"1","number_popup_post":"1","show_author_box":"1","show_post_related":"1","show_inline_post_related":"0"}],"image_override":[{"single_post_thumbnail_size":"crop-500","single_post_gallery_size":"crop-500"}],"trending_post_position":"meta","trending_post_label":"Trending","sponsored_post_label":"Sponsored by","disable_ad":"0","subtitle":""},"jnews_primary_category":[],"jnews_social_meta":[],"jnews_override_counter":{"view_counter_number":"0","share_counter_number":"0","like_counter_number":"0","dislike_counter_number":"0"},"jnews_post_split":{"post_split":[{"template":"1","tag":"h2","numbering":"asc","mode":"normal","first":"0","enable_toc":"0","toc_type":"normal"}]},"footnotes":""},"categories":[75,63,66],"tags":[2344,978,2456,1179],"class_list":["post-75213","post","type-post","status-publish","format-standard","has-post-thumbnail","hentry","category-gesundheit","category-herzogtum-lauenburg","category-moelln","tag-badeverbot","tag-blaualgen","tag-gudower-see","tag-luisenbad-moelln"],"_links":{"self":[{"href":"https:\/\/herzogtum-direkt.de\/index.php\/wp-json\/wp\/v2\/posts\/75213","targetHints":{"allow":["GET"]}}],"collection":[{"href":"https:\/\/herzogtum-direkt.de\/index.php\/wp-json\/wp\/v2\/posts"}],"about":[{"href":"https:\/\/herzogtum-direkt.de\/index.php\/wp-json\/wp\/v2\/types\/post"}],"author":[{"embeddable":true,"href":"https:\/\/herzogtum-direkt.de\/index.php\/wp-json\/wp\/v2\/users\/2"}],"replies":[{"embeddable":true,"href":"https:\/\/herzogtum-direkt.de\/index.php\/wp-json\/wp\/v2\/comments?post=75213"}],"version-history":[{"count":1,"href":"https:\/\/herzogtum-direkt.de\/index.php\/wp-json\/wp\/v2\/posts\/75213\/revisions"}],"predecessor-version":[{"id":75214,"href":"https:\/\/herzogtum-direkt.de\/index.php\/wp-json\/wp\/v2\/posts\/75213\/revisions\/75214"}],"wp:featuredmedia":[{"embeddable":true,"href":"https:\/\/herzogtum-direkt.de\/index.php\/wp-json\/wp\/v2\/media\/43553"}],"wp:attachment":[{"href":"https:\/\/herzogtum-direkt.de\/index.php\/wp-json\/wp\/v2\/media?parent=75213"}],"wp:term":[{"taxonomy":"category","embeddable":true,"href":"https:\/\/herzogtum-direkt.de\/index.php\/wp-json\/wp\/v2\/categories?post=75213"},{"taxonomy":"post_tag","embeddable":true,"href":"https:\/\/herzogtum-direkt.de\/index.php\/wp-json\/wp\/v2\/tags?post=75213"}],"curies":[{"name":"wp","href":"https:\/\/api.w.org\/{rel}","templated":true}]}}