{"id":73845,"date":"2025-06-30T07:51:17","date_gmt":"2025-06-30T06:51:17","guid":{"rendered":"https:\/\/herzogtum-direkt.de\/?p=73845"},"modified":"2025-07-01T08:21:37","modified_gmt":"2025-07-01T07:21:37","slug":"keine-wiedereroeffnung-der-ratzeburger-seebadeanstalt-im-sommer-2025","status":"publish","type":"post","link":"https:\/\/herzogtum-direkt.de\/index.php\/2025\/06\/30\/keine-wiedereroeffnung-der-ratzeburger-seebadeanstalt-im-sommer-2025\/","title":{"rendered":"Keine Wiederer\u00f6ffnung der Ratzeburger Seebadeanstalt im Sommer 2025"},"content":{"rendered":"<p style=\"font-weight: 400;\"><strong>Ratzeburg (pm).<\/strong> Die Seebadeanstalt an der Schlosswiese bleibt in diesem Jahr geschlossen. Aufgrund unvorhergesehener Engp\u00e4sse bei der Materiallieferung sowie einem ungeplanten Personalmangel bei der f\u00fcr den Stegbau ausf\u00fchrenden Firma ist eine Wiederer\u00f6ffnung der Ratzeburger Seebadeanstalt in diesem Jahr nicht m\u00f6glich.<\/p>\n<p style=\"font-weight: 400;\">B\u00fcrgermeister Eckhard Graf stellt mit Bedauern fest: \u201eWir haben uns diese Entscheidung nicht leicht gemacht. Es ist aber nicht zu verantworten, dass der Badebetrieb aufgenommen wird, obwohl die Bauma\u00dfnahmen noch nicht vollendet und die Gesamtanlage noch nicht baulich abgenommen werden konnte. Vor dem Hintergrund, dass die Sicherheit der Badeg\u00e4ste h\u00f6chste Priorit\u00e4t genie\u00dft, ist eine andere Entscheidung nicht m\u00f6glich. Alle Beteiligten bedauern diese Nachricht sehr, da wir uns alle auf die kommende Badesaison gefreut hatten. Im Ergebnis m\u00fcssen wir daher schweren Herzens mitteilen, dass die Wiederer\u00f6ffnung erst mit der Badesaison 2026 erfolgen kann. Wir arbeiten intensiv daran, die notwendigen Voraussetzungen zu schaffen, um Ihnen dann wieder ein sch\u00f6nes und sicheres Badeerlebnis in der Seebadeanstalt bieten zu k\u00f6nnen.\u201c<\/p>\n<p style=\"font-weight: 400;\">Der bereits auf Sicherheit gepr\u00fcfte und abgenommene neue Spielplatz l\u00e4dt jedoch bereits ab 1. Juli zum Entdecken ein. Und auch die neuen P\u00e4chterinnen und P\u00e4chter im Geb\u00e4ude der Seebadeanstalt k\u00f6nnen zum Gl\u00fcck wie geplant \u00f6ffnen. Ab 1. Juli bietet der &#8222;Kiosk an der Schlosswiese&#8220; diverse herzhafte und s\u00fc\u00dfe Speisen und Getr\u00e4nke an, die Betreiber freuen sich auf viele kleine und gro\u00dfe G\u00e4ste. Das &#8222;Atelier am See&#8220; mit Kreativangeboten plant seine Er\u00f6ffnung am 11. Juli.<\/p>\n<p style=\"font-weight: 400;\">Den Badeg\u00e4sten in Ratzeburg steht in dieser Saison die durch die DLRG bewachte Badestelle am Gro\u00dfen K\u00fcchensee an der Aqua-Siwa-Schwimmhalle weiterhin zur Verf\u00fcgung.<\/p>\n","protected":false},"excerpt":{"rendered":"<p>Ratzeburg (pm). Die Seebadeanstalt an der Schlosswiese bleibt in diesem Jahr geschlossen. Aufgrund unvorhergesehener Engp\u00e4sse bei der Materiallieferung sowie einem ungeplanten Personalmangel bei der f\u00fcr den Stegbau ausf\u00fchrenden Firma ist eine Wiederer\u00f6ffnung der Ratzeburger Seebadeanstalt in diesem Jahr nicht m\u00f6glich. B\u00fcrgermeister Eckhard Graf stellt mit Bedauern fest: \u201eWir haben uns diese Entscheidung nicht leicht gemacht. [&hellip;]<\/p>\n","protected":false},"author":2,"featured_media":62279,"comment_status":"closed","ping_status":"closed","sticky":false,"template":"","format":"standard","meta":{"jnews-multi-image_gallery":[],"jnews_single_post":{"format":"standard","override":[{"template":"1","parallax":"1","fullscreen":"1","layout":"right-sidebar","sidebar":"default-sidebar","second_sidebar":"default-sidebar","sticky_sidebar":"1","share_position":"top","share_float_style":"share-monocrhome","show_view_counter":"1","show_featured":"1","show_post_meta":"1","show_post_author":"1","show_post_author_image":"1","show_post_date":"1","post_date_format":"default","post_date_format_custom":"Y\/m\/d","post_reading_time_wpm":"300","post_calculate_word_method":"str_word_count","show_zoom_button":"0","zoom_button_out_step":"2","zoom_button_in_step":"3","show_post_tag":"1","show_popup_post":"1","number_popup_post":"1","show_author_box":"1","show_post_related":"1","show_inline_post_related":"0"}],"image_override":[{"single_post_thumbnail_size":"crop-500","single_post_gallery_size":"crop-500"}],"trending_post_position":"meta","trending_post_label":"Trending","sponsored_post_label":"Sponsored by","disable_ad":"0","subtitle":"Der neue Spielplatz, der 'Kiosk an der Schlosswiese' und das 'Atelier an See' er\u00f6ffnen trotzdem"},"jnews_primary_category":[],"jnews_social_meta":[],"jnews_override_counter":{"view_counter_number":"0","share_counter_number":"0","like_counter_number":"0","dislike_counter_number":"0"},"jnews_post_split":{"post_split":[{"template":"1","tag":"h2","numbering":"asc","mode":"normal","first":"0","enable_toc":"0","toc_type":"normal"}]},"footnotes":""},"categories":[63,64,2],"tags":[293,2780],"class_list":["post-73845","post","type-post","status-publish","format-standard","has-post-thumbnail","hentry","category-herzogtum-lauenburg","category-ratzeburg","category-startseite","tag-dlrg-ratzeburg","tag-seebadeanstalt-schlosswiese"],"_links":{"self":[{"href":"https:\/\/herzogtum-direkt.de\/index.php\/wp-json\/wp\/v2\/posts\/73845","targetHints":{"allow":["GET"]}}],"collection":[{"href":"https:\/\/herzogtum-direkt.de\/index.php\/wp-json\/wp\/v2\/posts"}],"about":[{"href":"https:\/\/herzogtum-direkt.de\/index.php\/wp-json\/wp\/v2\/types\/post"}],"author":[{"embeddable":true,"href":"https:\/\/herzogtum-direkt.de\/index.php\/wp-json\/wp\/v2\/users\/2"}],"replies":[{"embeddable":true,"href":"https:\/\/herzogtum-direkt.de\/index.php\/wp-json\/wp\/v2\/comments?post=73845"}],"version-history":[{"count":1,"href":"https:\/\/herzogtum-direkt.de\/index.php\/wp-json\/wp\/v2\/posts\/73845\/revisions"}],"predecessor-version":[{"id":73846,"href":"https:\/\/herzogtum-direkt.de\/index.php\/wp-json\/wp\/v2\/posts\/73845\/revisions\/73846"}],"wp:featuredmedia":[{"embeddable":true,"href":"https:\/\/herzogtum-direkt.de\/index.php\/wp-json\/wp\/v2\/media\/62279"}],"wp:attachment":[{"href":"https:\/\/herzogtum-direkt.de\/index.php\/wp-json\/wp\/v2\/media?parent=73845"}],"wp:term":[{"taxonomy":"category","embeddable":true,"href":"https:\/\/herzogtum-direkt.de\/index.php\/wp-json\/wp\/v2\/categories?post=73845"},{"taxonomy":"post_tag","embeddable":true,"href":"https:\/\/herzogtum-direkt.de\/index.php\/wp-json\/wp\/v2\/tags?post=73845"}],"curies":[{"name":"wp","href":"https:\/\/api.w.org\/{rel}","templated":true}]}}