{"id":73204,"date":"2025-06-09T10:28:51","date_gmt":"2025-06-09T09:28:51","guid":{"rendered":"https:\/\/herzogtum-direkt.de\/?p=73204"},"modified":"2025-06-09T10:28:51","modified_gmt":"2025-06-09T09:28:51","slug":"jahreshauptversammlung-2025-der-spd-geesthacht","status":"publish","type":"post","link":"https:\/\/herzogtum-direkt.de\/index.php\/2025\/06\/09\/jahreshauptversammlung-2025-der-spd-geesthacht\/","title":{"rendered":"Jahreshauptversammlung 2025 der SPD Geesthacht"},"content":{"rendered":"<p><strong>Geesthacht (pm).<\/strong> Auf einer gut besuchten Jahreshauptversammlung pr\u00e4sentierte Geesthachts SPD-Vorsitzender Muammer Kazanci einen R\u00fcckblick auf 2024 und die ersten Monate 2025. Als Gast und Mitglied im Geesthachter Ortsverein konnte er die SPD-Bundestagsabgeordnete Dr. Nina Scheer begr\u00fc\u00dfen.<\/p>\n<p>Mit zahlreichen Aktivit\u00e4ten und Veranstaltungen wie der Beteiligung am Festumzug 100 Jahre Stadtrechte, der allj\u00e4hrlichen Ausfahrt am 3. Oktober, dem SPD-Gr\u00fcnkohlessen, dem Grillabend, \u00f6ffentlichen monatlichen Mitgliederversammlungen und Diskussionsveranstaltungen zur Pflege, zur Situation am Geesthachter Krankenhaus und zur Europawahl ist die Geesthachter SPD sehr aktiv gewesen. \u201eEin H\u00f6hepunkt Anfang dieses Jahres war der Besuch des ehemaligen luxemburgischen Au\u00dfenministers Jean Asselborn in Geesthacht. Er hat unsere Besucher und uns begeistert mit seinen klaren Worten zum Thema &#8218;Wege zum Frieden&#8216;. Stolz sind wir auf die Weihnachtswunschaktion f\u00fcr bed\u00fcrftige Kinder, die sich dank der Unterst\u00fctzung aus der Bev\u00f6lkerung gut entwickelt. Gefordert waren wir durch den vorgezogenen Bundestagswahlkampf. Mit f\u00fcnf Infost\u00e4nden, einem Seniorenfr\u00fchst\u00fcck, Plakaten und Verteilaktionen haben wir uns engagiert. Auf das gute Erst-Stimmen-Ergebnis unserer Bundestagsabgeordneten Nina Scheer sind wir stolz und freuen uns auf weitere f\u00fcnf Jahre gemeinsamer politischer Aktivit\u00e4ten\u201c, blickte Muammer Kazanci auf die letzten zw\u00f6lf Monate zur\u00fcck.<\/p>\n<p>Die Mitgliederzahl der Geesthachter SPD ist stabil. Es gab dreizehn Neuzug\u00e4nge seit Anfang 2024 bei elf Austritten, Umz\u00fcgen und verstorbenen Mitgliedern. Nina Scheer informierte \u00fcber die ersten Wochen der neuen Regierungskoalition und die besonderen Herausforderungen durch die internationalen Konflikte. \u00dcber aktuelle kommunale Themen berichtete die SPD-Fraktionsvorsitzende Petra Burmeister. Bei Nachwahlen zum Vorstand wurde Ratsmitglied Alexander Ullrich neuer Kassenwart. Er \u00fcbernimmt das Amt von Silke Wengorra. Als Delegierte f\u00fcr den SPD-Kreisparteitag wurden gew\u00e4hlt: Nina Scheer, Muammer Kazanci, Olaf Schulze, Bernward Peterburs, Silke Wengorra, Brigitte Alex.<\/p>\n","protected":false},"excerpt":{"rendered":"<p>Geesthacht (pm). Auf einer gut besuchten Jahreshauptversammlung pr\u00e4sentierte Geesthachts SPD-Vorsitzender Muammer Kazanci einen R\u00fcckblick auf 2024 und die ersten Monate 2025. Als Gast und Mitglied im Geesthachter Ortsverein konnte er die SPD-Bundestagsabgeordnete Dr. Nina Scheer begr\u00fc\u00dfen. Mit zahlreichen Aktivit\u00e4ten und Veranstaltungen wie der Beteiligung am Festumzug 100 Jahre Stadtrechte, der allj\u00e4hrlichen Ausfahrt am 3. Oktober, [&hellip;]<\/p>\n","protected":false},"author":2,"featured_media":73205,"comment_status":"closed","ping_status":"closed","sticky":false,"template":"","format":"standard","meta":{"jnews-multi-image_gallery":[],"jnews_single_post":{"subtitle":"","format":"standard","override":[{"template":"1","parallax":"1","fullscreen":"1","layout":"right-sidebar","sidebar":"default-sidebar","second_sidebar":"default-sidebar","sticky_sidebar":"1","share_position":"top","share_float_style":"share-monocrhome","show_view_counter":"1","show_featured":"1","show_post_meta":"1","show_post_author":"1","show_post_author_image":"1","show_post_date":"1","post_date_format":"default","post_date_format_custom":"Y\/m\/d","post_reading_time_wpm":"300","post_calculate_word_method":"str_word_count","show_zoom_button":"0","zoom_button_out_step":"2","zoom_button_in_step":"3","show_post_tag":"1","show_popup_post":"1","number_popup_post":"1","show_author_box":"1","show_post_related":"1","show_inline_post_related":"0"}],"image_override":[{"single_post_thumbnail_size":"crop-500","single_post_gallery_size":"crop-500"}],"trending_post_position":"meta","trending_post_label":"Trending","sponsored_post_label":"Sponsored by","disable_ad":"0"},"jnews_primary_category":[],"jnews_social_meta":[],"jnews_override_counter":{"view_counter_number":"0","share_counter_number":"0","like_counter_number":"0","dislike_counter_number":"0"},"jnews_post_split":{"post_split":[{"template":"1","tag":"h2","numbering":"asc","mode":"normal","first":"0","enable_toc":"0","toc_type":"normal"}]},"footnotes":""},"categories":[2625,63],"tags":[],"class_list":["post-73204","post","type-post","status-publish","format-standard","has-post-thumbnail","hentry","category-geesthacht","category-herzogtum-lauenburg"],"_links":{"self":[{"href":"https:\/\/herzogtum-direkt.de\/index.php\/wp-json\/wp\/v2\/posts\/73204","targetHints":{"allow":["GET"]}}],"collection":[{"href":"https:\/\/herzogtum-direkt.de\/index.php\/wp-json\/wp\/v2\/posts"}],"about":[{"href":"https:\/\/herzogtum-direkt.de\/index.php\/wp-json\/wp\/v2\/types\/post"}],"author":[{"embeddable":true,"href":"https:\/\/herzogtum-direkt.de\/index.php\/wp-json\/wp\/v2\/users\/2"}],"replies":[{"embeddable":true,"href":"https:\/\/herzogtum-direkt.de\/index.php\/wp-json\/wp\/v2\/comments?post=73204"}],"version-history":[{"count":1,"href":"https:\/\/herzogtum-direkt.de\/index.php\/wp-json\/wp\/v2\/posts\/73204\/revisions"}],"predecessor-version":[{"id":73206,"href":"https:\/\/herzogtum-direkt.de\/index.php\/wp-json\/wp\/v2\/posts\/73204\/revisions\/73206"}],"wp:featuredmedia":[{"embeddable":true,"href":"https:\/\/herzogtum-direkt.de\/index.php\/wp-json\/wp\/v2\/media\/73205"}],"wp:attachment":[{"href":"https:\/\/herzogtum-direkt.de\/index.php\/wp-json\/wp\/v2\/media?parent=73204"}],"wp:term":[{"taxonomy":"category","embeddable":true,"href":"https:\/\/herzogtum-direkt.de\/index.php\/wp-json\/wp\/v2\/categories?post=73204"},{"taxonomy":"post_tag","embeddable":true,"href":"https:\/\/herzogtum-direkt.de\/index.php\/wp-json\/wp\/v2\/tags?post=73204"}],"curies":[{"name":"wp","href":"https:\/\/api.w.org\/{rel}","templated":true}]}}