{"id":73110,"date":"2025-06-06T04:16:43","date_gmt":"2025-06-06T03:16:43","guid":{"rendered":"https:\/\/herzogtum-direkt.de\/?p=73110"},"modified":"2025-06-04T10:28:09","modified_gmt":"2025-06-04T09:28:09","slug":"blumen-tanz-und-musik-zum-mittsommer-jubilaeum","status":"publish","type":"post","link":"https:\/\/herzogtum-direkt.de\/index.php\/2025\/06\/06\/blumen-tanz-und-musik-zum-mittsommer-jubilaeum\/","title":{"rendered":"Blumen, Tanz und Musik zum Mittsommer-Jubil\u00e4um"},"content":{"rendered":"<p><strong>Ratzeburg (pm).<\/strong> In diesem Jahr gibt es ein ganz besonderes schwedisches Mittsommerfest in Ratzeburg: zum zehnten Mal wird am Sonnabend, 21. Juni, der l\u00e4ngste Tag des Jahres hier gemeinsam gefeiert. G\u00fcnter Klose hat das Fest 2016 aus der Taufe gehoben und dieses Jahr wird es in Kooperation mit dem Kreismuseum veranstaltet.<\/p>\n<p>Das Familienfest f\u00fcr Jung und alt wird wieder nach schwedischer Tradition mit viel Livemusik und Tanz begangen. Ab 17 Uhr beginnt f\u00fcr alle das gemeinsame Schm\u00fccken der Majst\u00e5ng \/ Mittsommerbaum mit mitgebrachten Blumen und Zweigen. Nach dem Aufrichten der Majst\u00e5ng zu Livemusik mit Geigen, Nyckelharpa und Akkordeon wird mit allen getanzt.<\/p>\n<p>Es werden einfachen T\u00e4nze angeleitet, bei denen alle mitmachen k\u00f6nnen. In den Tanzpausen macht man es sich mit dem selbst mitgebrachten Picknick mit der eigenen Decke auf der Wiese mit Blick \u00fcber den See gem\u00fctlich und l\u00e4\u00dft sich von der Musik in die schwedische Weite entf\u00fchren.\u00a0Ein sch\u00f6ner Anblick ist es, wenn die M\u00e4dchen und Frauen, wie in Schweden, mit Blumenkr\u00e4nzen im Haar erscheinen.<\/p>\n<figure id=\"attachment_73111\" aria-describedby=\"caption-attachment-73111\" style=\"width: 1024px\" class=\"wp-caption alignnone\"><img fetchpriority=\"high\" decoding=\"async\" class=\"size-full wp-image-73111\" src=\"https:\/\/herzogtum-direkt.de\/wp-content\/uploads\/2025\/06\/Mittsommer-Rz-01.jpg\" alt=\"\" width=\"1024\" height=\"528\" srcset=\"https:\/\/herzogtum-direkt.de\/wp-content\/uploads\/2025\/06\/Mittsommer-Rz-01.jpg 1024w, https:\/\/herzogtum-direkt.de\/wp-content\/uploads\/2025\/06\/Mittsommer-Rz-01-600x309.jpg 600w, https:\/\/herzogtum-direkt.de\/wp-content\/uploads\/2025\/06\/Mittsommer-Rz-01-768x396.jpg 768w\" sizes=\"(max-width: 1024px) 100vw, 1024px\" \/><figcaption id=\"caption-attachment-73111\" class=\"wp-caption-text\">Foto: G\u00fcnter Klose<\/figcaption><\/figure>\n<p>Das Ganze findet statt auf der Wiese zwischen dem Kreismuseum und dem A.-P.-Weber Museum in Blickweite des Doms. Aus diesem Anla\u00df bleibt das A.-P.-Weber Museum an dem Tag bis 19 Uhr ge\u00f6ffnet. Das Fest endet, wenn das letzte Picknick verzehrt ist und der letzte Musiker sein Instrument einpackt.<\/p>\n","protected":false},"excerpt":{"rendered":"<p>Ratzeburg (pm). In diesem Jahr gibt es ein ganz besonderes schwedisches Mittsommerfest in Ratzeburg: zum zehnten Mal wird am Sonnabend, 21. Juni, der l\u00e4ngste Tag des Jahres hier gemeinsam gefeiert. G\u00fcnter Klose hat das Fest 2016 aus der Taufe gehoben und dieses Jahr wird es in Kooperation mit dem Kreismuseum veranstaltet. Das Familienfest f\u00fcr Jung [&hellip;]<\/p>\n","protected":false},"author":2,"featured_media":73112,"comment_status":"closed","ping_status":"closed","sticky":false,"template":"","format":"standard","meta":{"jnews-multi-image_gallery":[],"jnews_single_post":{"format":"standard","override":[{"template":"1","parallax":"1","fullscreen":"1","layout":"right-sidebar","sidebar":"default-sidebar","second_sidebar":"default-sidebar","sticky_sidebar":"1","share_position":"top","share_float_style":"share-monocrhome","show_view_counter":"1","show_featured":"1","show_post_meta":"1","show_post_author":"1","show_post_author_image":"1","show_post_date":"1","post_date_format":"default","post_date_format_custom":"Y\/m\/d","post_reading_time_wpm":"300","post_calculate_word_method":"str_word_count","show_zoom_button":"0","zoom_button_out_step":"2","zoom_button_in_step":"3","show_post_tag":"1","show_popup_post":"1","number_popup_post":"1","show_author_box":"1","show_post_related":"1","show_inline_post_related":"0"}],"image_override":[{"single_post_thumbnail_size":"crop-500","single_post_gallery_size":"crop-500"}],"trending_post_position":"meta","trending_post_label":"Trending","sponsored_post_label":"Sponsored by","disable_ad":"0","subtitle":"Schwedisches Mittsommerfest in Ratzeburg am 21. Juni 2025"},"jnews_primary_category":[],"jnews_social_meta":[],"jnews_override_counter":{"view_counter_number":"0","share_counter_number":"0","like_counter_number":"0","dislike_counter_number":"0"},"jnews_post_split":{"post_split":[{"template":"1","tag":"h2","numbering":"asc","mode":"normal","first":"0","enable_toc":"0","toc_type":"normal"}]},"footnotes":""},"categories":[63,64,2],"tags":[1070,114],"class_list":["post-73110","post","type-post","status-publish","format-standard","has-post-thumbnail","hentry","category-herzogtum-lauenburg","category-ratzeburg","category-startseite","tag-mittsommer","tag-ratzeburg"],"_links":{"self":[{"href":"https:\/\/herzogtum-direkt.de\/index.php\/wp-json\/wp\/v2\/posts\/73110","targetHints":{"allow":["GET"]}}],"collection":[{"href":"https:\/\/herzogtum-direkt.de\/index.php\/wp-json\/wp\/v2\/posts"}],"about":[{"href":"https:\/\/herzogtum-direkt.de\/index.php\/wp-json\/wp\/v2\/types\/post"}],"author":[{"embeddable":true,"href":"https:\/\/herzogtum-direkt.de\/index.php\/wp-json\/wp\/v2\/users\/2"}],"replies":[{"embeddable":true,"href":"https:\/\/herzogtum-direkt.de\/index.php\/wp-json\/wp\/v2\/comments?post=73110"}],"version-history":[{"count":1,"href":"https:\/\/herzogtum-direkt.de\/index.php\/wp-json\/wp\/v2\/posts\/73110\/revisions"}],"predecessor-version":[{"id":73113,"href":"https:\/\/herzogtum-direkt.de\/index.php\/wp-json\/wp\/v2\/posts\/73110\/revisions\/73113"}],"wp:featuredmedia":[{"embeddable":true,"href":"https:\/\/herzogtum-direkt.de\/index.php\/wp-json\/wp\/v2\/media\/73112"}],"wp:attachment":[{"href":"https:\/\/herzogtum-direkt.de\/index.php\/wp-json\/wp\/v2\/media?parent=73110"}],"wp:term":[{"taxonomy":"category","embeddable":true,"href":"https:\/\/herzogtum-direkt.de\/index.php\/wp-json\/wp\/v2\/categories?post=73110"},{"taxonomy":"post_tag","embeddable":true,"href":"https:\/\/herzogtum-direkt.de\/index.php\/wp-json\/wp\/v2\/tags?post=73110"}],"curies":[{"name":"wp","href":"https:\/\/api.w.org\/{rel}","templated":true}]}}