{"id":73107,"date":"2025-06-06T04:00:58","date_gmt":"2025-06-06T03:00:58","guid":{"rendered":"https:\/\/herzogtum-direkt.de\/?p=73107"},"modified":"2025-06-09T10:33:30","modified_gmt":"2025-06-09T09:33:30","slug":"hitzeaktionstag-gesundheitsministerium-macht-auf-aktions-und-informationsangebote-zum-thema-hitzeschutz-in-schleswig-holstein-aufmerksam","status":"publish","type":"post","link":"https:\/\/herzogtum-direkt.de\/index.php\/2025\/06\/06\/hitzeaktionstag-gesundheitsministerium-macht-auf-aktions-und-informationsangebote-zum-thema-hitzeschutz-in-schleswig-holstein-aufmerksam\/","title":{"rendered":"Hitzeaktionstag: Gesundheitsministerium macht auf Aktions- und Informationsangebote zum Thema Hitzeschutz in Schleswig-Holstein aufmerksam"},"content":{"rendered":"<p><strong>Kiel (pm).<\/strong> Anl\u00e4sslich des bundesweiten Hitzeaktionstages unter dem Motto \u201eHitzeschutz f\u00fcr alle\u201c am 4. Juni 2025 macht das Gesundheitsministerium auf verschiedene Aktionen und Informationsangebote zum Thema Hitzeschutz in Schleswig-Holstein aufmerksam. Diese Aktionen und Angebote haben die Beteiligten in den vergangenen Monaten zum Teil mit Unterst\u00fctzung des Landes vorbereitet. Sie sollen f\u00fcr die gesundheitlichen Gefahren von Hitzeperioden sensibilisieren und \u00fcber geeignete Schutzma\u00dfnahmen informieren.<\/p>\n<p>Gesundheitsministerin Kerstin von der Decken betont: \u201eAls Land zwischen den Meeren sind wir in Schleswig-Holstein zwar weniger stark von Hitze betroffen als andere Bundesl\u00e4nder. Jedoch steigt auch bei uns die Hitzebelastung, was auch Auswirkungen auf die Gesundheit der Menschen in Schleswig-Holstein hat. Vor allem f\u00fcr vulnerable Gruppen wie S\u00e4uglinge und Kinder, \u00e4ltere und multimorbide Menschen, schwangere Frauen, chronisch Erkrankte sowie Menschen, die h\u00e4ufig einer hohen Sonneneinstrahlung ausgesetzt sind, k\u00f6nnen Hitzeperioden mit erh\u00f6hten Gesundheitsgefahren einhergehen. Ich freue mich, dass es dank der Initiative verschiedener Akteurinnen und Akteure gelungen ist, wichtige Aktions- und Informationsangebote zum Thema Hitzeschutz f\u00fcr die Menschen in Schleswig-Holstein bereitzustellen, die weit \u00fcber diesen Hitzeaktionstag hinaus von Bedeutung sind.\u201c<\/p>\n<p>Zu den Aktions- und Informationsangeboten in Schleswig-Holstein:<\/p>\n<p>\u00b7 Die Akteure der Steuerungsgruppe zur Umsetzung der Landesrahmenvereinbarung in Schleswig-Holstein haben mit Unterst\u00fctzung des Gesundheitsministeriums 3000 Hitzewarnaufkleber erstellen lassen. Diese k\u00f6nnen als optischer Hinweis bei einer Raumtemperatur von \u00fcber 28 Grad in Innenr\u00e4umen platziert werden. Die Aufkleber sind mit QR-Codes versehen, die auf die Webseite der Landesvereinigung f\u00fcr Gesundheitsf\u00f6rderung in Schleswig-Holstein (LVGFSH) mit Informationen zum Umgang mit Hitze f\u00fchren. Die Aufkleber werden w\u00e4hrend der Sommermonate von den Gesundheits\u00e4mtern der Kreise und kreisfreien St\u00e4dte an interessierte Institutionen und Einrichtungen ausgegeben.<\/p>\n<p>\u00b7 Auch die Kreise selbst engagieren sich im Bereich Hitzeschutz. Beispielsweise plant der Kreis Segeberg in Kooperation mit der Arbeitsgemeinschaft Dermatologische Pr\u00e4vention das Aufstellen hinweisgebender UV-Index-Tafeln an prominenten Stellen mit hohem Publikumsverkehr wie zum Beispiel Schwimmb\u00e4dern, Parkanlagen oder Marktpl\u00e4tzen. Weitere Kreise beteiligen sich durch eigene Informationsangebote und \u00f6ffentlichkeitswirksame Kampagnen am Hitzeaktionstag und kl\u00e4ren ebenfalls \u00fcber die Gefahren von Hitze sowie geeignete Verhaltensweisen auf.<\/p>\n<p>\u00b7 Die LVGFSH hat einen Hitze-Aktions-Monat ins Leben gerufen. Sie bietet ab dem 4. Juni w\u00f6chentlich (immer mittwochs bis Ende Juni) kostenlose digitale Veranstaltungen mit verschiedenen Themenschwerpunkten zum Thema Hitzeschutz an. So stehen zum Beispiel Themen wie Ern\u00e4hrung in Hitzeperioden und psychische Belastungen durch den Klimawandel im Fokus. Weitere Informationen auch zu Anmeldem\u00f6glichkeiten gibt es unter: LVGFSH: Klima &amp; Gesundheit.<\/p>\n<p>\u00b7 Das Land hat seinen Internetauftritt \u00fcberarbeitet und stellt unter schleswig-holstein.de &#8211; Umweltbezogener Gesundheitsschutz &#8211; Hitzeschutz in Schleswig-Holstein umfassende Informationen zum Thema Hitzeschutz bereit. Dort sind Handlungsempfehlungen bei Hitzeereignissen und weitere Informationen etwa zu beh\u00f6rdlichen Ma\u00dfnahmen zum Hitzeschutz oder Informationen f\u00fcr Kitas und Schulen, Krankenh\u00e4user und Pflegeeinrichtungen, Arbeitnehmerinnen und Arbeitnehmer sowie vulnerable Gruppen abrufbar.<\/p>\n<p>Weitere Informationen zum bundesweiten Hitzeaktionstag gibt es unter <a href=\"http:\/\/hitzeaktionstag.de\" target=\"_blank\" rel=\"noopener\">hitzeaktionstag.de<\/a>.<\/p>\n","protected":false},"excerpt":{"rendered":"<p>Kiel (pm). Anl\u00e4sslich des bundesweiten Hitzeaktionstages unter dem Motto \u201eHitzeschutz f\u00fcr alle\u201c am 4. Juni 2025 macht das Gesundheitsministerium auf verschiedene Aktionen und Informationsangebote zum Thema Hitzeschutz in Schleswig-Holstein aufmerksam. Diese Aktionen und Angebote haben die Beteiligten in den vergangenen Monaten zum Teil mit Unterst\u00fctzung des Landes vorbereitet. Sie sollen f\u00fcr die gesundheitlichen Gefahren von [&hellip;]<\/p>\n","protected":false},"author":2,"featured_media":5620,"comment_status":"closed","ping_status":"closed","sticky":false,"template":"","format":"standard","meta":{"jnews-multi-image_gallery":[],"jnews_single_post":{"subtitle":"","format":"standard","override":[{"template":"1","parallax":"1","fullscreen":"1","layout":"right-sidebar","sidebar":"default-sidebar","second_sidebar":"default-sidebar","sticky_sidebar":"1","share_position":"top","share_float_style":"share-monocrhome","show_view_counter":"1","show_featured":"1","show_post_meta":"1","show_post_author":"1","show_post_author_image":"1","show_post_date":"1","post_date_format":"default","post_date_format_custom":"Y\/m\/d","post_reading_time_wpm":"300","post_calculate_word_method":"str_word_count","show_zoom_button":"0","zoom_button_out_step":"2","zoom_button_in_step":"3","show_post_tag":"1","show_popup_post":"1","number_popup_post":"1","show_author_box":"1","show_post_related":"1","show_inline_post_related":"0"}],"image_override":[{"single_post_thumbnail_size":"crop-500","single_post_gallery_size":"crop-500"}],"trending_post_position":"meta","trending_post_label":"Trending","sponsored_post_label":"Sponsored by","disable_ad":"0"},"jnews_primary_category":[],"jnews_social_meta":[],"jnews_override_counter":{"view_counter_number":"0","share_counter_number":"0","like_counter_number":"0","dislike_counter_number":"0"},"jnews_post_split":{"post_split":[{"template":"1","tag":"h2","numbering":"asc","mode":"normal","first":"0","enable_toc":"0","toc_type":"normal"}]},"footnotes":""},"categories":[75,2],"tags":[1184,4055,3412,2300],"class_list":["post-73107","post","type-post","status-publish","format-standard","has-post-thumbnail","hentry","category-gesundheit","category-startseite","tag-hitze","tag-hitzeschutz","tag-hitzewelle","tag-sommerhitze"],"_links":{"self":[{"href":"https:\/\/herzogtum-direkt.de\/index.php\/wp-json\/wp\/v2\/posts\/73107","targetHints":{"allow":["GET"]}}],"collection":[{"href":"https:\/\/herzogtum-direkt.de\/index.php\/wp-json\/wp\/v2\/posts"}],"about":[{"href":"https:\/\/herzogtum-direkt.de\/index.php\/wp-json\/wp\/v2\/types\/post"}],"author":[{"embeddable":true,"href":"https:\/\/herzogtum-direkt.de\/index.php\/wp-json\/wp\/v2\/users\/2"}],"replies":[{"embeddable":true,"href":"https:\/\/herzogtum-direkt.de\/index.php\/wp-json\/wp\/v2\/comments?post=73107"}],"version-history":[{"count":1,"href":"https:\/\/herzogtum-direkt.de\/index.php\/wp-json\/wp\/v2\/posts\/73107\/revisions"}],"predecessor-version":[{"id":73108,"href":"https:\/\/herzogtum-direkt.de\/index.php\/wp-json\/wp\/v2\/posts\/73107\/revisions\/73108"}],"wp:featuredmedia":[{"embeddable":true,"href":"https:\/\/herzogtum-direkt.de\/index.php\/wp-json\/wp\/v2\/media\/5620"}],"wp:attachment":[{"href":"https:\/\/herzogtum-direkt.de\/index.php\/wp-json\/wp\/v2\/media?parent=73107"}],"wp:term":[{"taxonomy":"category","embeddable":true,"href":"https:\/\/herzogtum-direkt.de\/index.php\/wp-json\/wp\/v2\/categories?post=73107"},{"taxonomy":"post_tag","embeddable":true,"href":"https:\/\/herzogtum-direkt.de\/index.php\/wp-json\/wp\/v2\/tags?post=73107"}],"curies":[{"name":"wp","href":"https:\/\/api.w.org\/{rel}","templated":true}]}}