{"id":72238,"date":"2025-05-07T07:43:05","date_gmt":"2025-05-07T06:43:05","guid":{"rendered":"https:\/\/herzogtum-direkt.de\/?p=72238"},"modified":"2025-05-07T07:43:05","modified_gmt":"2025-05-07T06:43:05","slug":"wenn-ausserirdische-auf-der-couch-landen-autorenlesung-mit-matthias-kroener","status":"publish","type":"post","link":"https:\/\/herzogtum-direkt.de\/index.php\/2025\/05\/07\/wenn-ausserirdische-auf-der-couch-landen-autorenlesung-mit-matthias-kroener\/","title":{"rendered":"Wenn Au\u00dferirdische auf der Couch landen \u2013 Autorenlesung mit Matthias Kr\u00f6ner"},"content":{"rendered":"<p><strong>M\u00f6lln (pm).<\/strong> Was passiert, wenn Au\u00dferirdische pl\u00f6tzlich im Garten landen? Diese Frage besch\u00e4ftigte die Sch\u00fclerinnen und Sch\u00fcler des 2. Jahrgangs der Till-Eulenspiegel-Schule in M\u00f6lln, als sie am Mittwoch, 30. April 2025, eine ganz besondere Begegnung hatten: Der Kinderbuchautor Matthias Kr\u00f6ner entf\u00fchrte sie auf eine spannende Reise in die Welt von \u201eDie Couch\u201c, einem Abenteuer, in dem ein gew\u00f6hnlicher Junge namens Linus einer Gruppe von Au\u00dferirdischen begegnet \u2013 und sie auf der Couch zum Verweilen einl\u00e4dt.<\/p>\n<p>&nbsp;<\/p>\n<p>F\u00fcr die Kinder war es ein spannendes Ereigni<\/p>\n<figure id=\"attachment_46323\" aria-describedby=\"caption-attachment-46323\" style=\"width: 300px\" class=\"wp-caption aligncenter\"><img fetchpriority=\"high\" decoding=\"async\" class=\"size-medium wp-image-46323\" src=\"https:\/\/herzogtum-direkt.de\/wp-content\/uploads\/2022\/12\/Lachen-Kinder-Ferien-Weihnachtsferien-geschlossen-Familie-Pixabay-300x200.jpg\" alt=\"\" width=\"300\" height=\"200\" srcset=\"https:\/\/herzogtum-direkt.de\/wp-content\/uploads\/2022\/12\/Lachen-Kinder-Ferien-Weihnachtsferien-geschlossen-Familie-Pixabay-300x200.jpg 300w, https:\/\/herzogtum-direkt.de\/wp-content\/uploads\/2022\/12\/Lachen-Kinder-Ferien-Weihnachtsferien-geschlossen-Familie-Pixabay-768x511.jpg 768w, https:\/\/herzogtum-direkt.de\/wp-content\/uploads\/2022\/12\/Lachen-Kinder-Ferien-Weihnachtsferien-geschlossen-Familie-Pixabay-750x500.jpg 750w, https:\/\/herzogtum-direkt.de\/wp-content\/uploads\/2022\/12\/Lachen-Kinder-Ferien-Weihnachtsferien-geschlossen-Familie-Pixabay.jpg 1000w\" sizes=\"(max-width: 300px) 100vw, 300px\" \/><figcaption id=\"caption-attachment-46323\" class=\"wp-caption-text\">Foto: Image by <a href=\"https:\/\/pixabay.com\/users\/white77-185772\/?utm_source=link-attribution&amp;utm_medium=referral&amp;utm_campaign=image&amp;utm_content=286152\">Kris<\/a> from <a href=\"https:\/\/pixabay.com\/\/?utm_source=link-attribution&amp;utm_medium=referral&amp;utm_campaign=image&amp;utm_content=286152\">Pixabay<\/a>, hfr<\/figcaption><\/figure>\n<p>s, einem echten Autor zu begegnen und live einer fantasievollen Geschichte zu lauschen. In \u201eDie Couch\u201c entdeckt Linus eines Nachts ein Ufo, das in seinem Garten landet. Vier roboterhafte Au\u00dferirdische steigen aus und verk\u00fcnden, sie wollten die Erde erobern. Linus begegnet ihnen mit Einfallsreichtum: Er serviert Schokopudding und l\u00e4dt sie ein, sich auf seiner Couch auszuruhen. Das Sofa ist so bequem, dass die fremden Besucher ihre Mission zunehmend vergessen.<\/p>\n<p>Begleitet wurde die Lesung von gro\u00dffl\u00e4chigen Illustrationen des K\u00fcnstlers Jan Sa\u00dfe, der auch durch seine Zeichnungen f\u00fcr Reihen wie \u201eDie drei ??? Kids\u201c oder \u201ePumuckl\u201c bekannt ist.<\/p>\n<p>Matthias Kr\u00f6ner, geboren 1977 in N\u00fcrnberg, lebt mit seiner Familie in Ratzeburg. Er schreibt neben Kinderb\u00fcchern auch Lyrik, Reisef\u00fchrer und Radiogeschichten. Sein Roman \u201eDer Billabongk\u00f6nig\u201c wurde 2023 f\u00fcr den Deutschen Jugendliteraturpreis nominiert.<\/p>\n<p>Mit eindrucksvoller Stimme und lebendiger Darstellung zog der Autor die Kinder in seinen Bann \u2013 die au\u00dferirdischen Figuren schienen beim Zuh\u00f6ren fast zum Leben zu erwachen. Zahlreiche Fragen hatte er im Gep\u00e4ck, mit denen er das Vorwissen der Kinder zu Ufos und Au\u00dferirdischen aktivierte \u2013 und sie dazu einlud, eigene Vermutungen dar\u00fcber zu \u00e4u\u00dfern, wie die Geschichte wohl weitergehen k\u00f6nnte, bevor er mit dem Vorlesen fortfuhr. Wer passende Ideen oder richtige Antworten lieferte, konnte sich \u00fcber eine kleine pers\u00f6nliche \u00dcberraschung vom Autor freuen.<\/p>\n<p>Auch neugierige Fragen zum Schreiben, zu seinem Alltag als Autor und zur Entstehung eines Buches beantwortete Matthias Kr\u00f6ner mit Geduld und Begeisterung. Am Ende war die Botschaft bei den jungen Zuh\u00f6rerinnen und Zuh\u00f6rern klar: Lesen ist richtig cool \u2013 besonders, wenn man eine Geschichte direkt vom Autor erleben darf.<\/p>\n<p>\u201eEin herzlicher Dank gilt dem Friedrich-B\u00f6decker-Kreis, der diese besondere Lesung unterst\u00fctzt hat und damit zur F\u00f6rderung der Lesefreude an Schulen beitr\u00e4gt\u201c, sagen die Verantwortlichen.<\/p>\n","protected":false},"excerpt":{"rendered":"<p>M\u00f6lln (pm). Was passiert, wenn Au\u00dferirdische pl\u00f6tzlich im Garten landen? Diese Frage besch\u00e4ftigte die Sch\u00fclerinnen und Sch\u00fcler des 2. Jahrgangs der Till-Eulenspiegel-Schule in M\u00f6lln, als sie am Mittwoch, 30. April 2025, eine ganz besondere Begegnung hatten: Der Kinderbuchautor Matthias Kr\u00f6ner entf\u00fchrte sie auf eine spannende Reise in die Welt von \u201eDie Couch\u201c, einem Abenteuer, in [&hellip;]<\/p>\n","protected":false},"author":2,"featured_media":72239,"comment_status":"closed","ping_status":"closed","sticky":false,"template":"","format":"standard","meta":{"jnews-multi-image_gallery":[],"jnews_single_post":{"subtitle":"","format":"standard","override":[{"template":"1","parallax":"1","fullscreen":"1","layout":"right-sidebar","sidebar":"default-sidebar","second_sidebar":"default-sidebar","sticky_sidebar":"1","share_position":"top","share_float_style":"share-monocrhome","show_view_counter":"1","show_featured":"1","show_post_meta":"1","show_post_author":"1","show_post_author_image":"1","show_post_date":"1","post_date_format":"default","post_date_format_custom":"Y\/m\/d","post_reading_time_wpm":"300","post_calculate_word_method":"str_word_count","show_zoom_button":"0","zoom_button_out_step":"2","zoom_button_in_step":"3","show_post_tag":"1","show_popup_post":"1","number_popup_post":"1","show_author_box":"1","show_post_related":"1","show_inline_post_related":"0"}],"image_override":[{"single_post_thumbnail_size":"crop-500","single_post_gallery_size":"crop-500"}],"trending_post_position":"meta","trending_post_label":"Trending","sponsored_post_label":"Sponsored by","disable_ad":"0"},"jnews_primary_category":[],"jnews_social_meta":[],"jnews_override_counter":{"view_counter_number":"0","share_counter_number":"0","like_counter_number":"0","dislike_counter_number":"0"},"jnews_post_split":{"post_split":[{"template":"1","tag":"h2","numbering":"asc","mode":"normal","first":"0","enable_toc":"0","toc_type":"normal"}]},"footnotes":""},"categories":[74,66],"tags":[640,1251],"class_list":["post-72238","post","type-post","status-publish","format-standard","has-post-thumbnail","hentry","category-jugend-direkt","category-moelln","tag-lesung","tag-till-eulenspiegel-schule-moelln"],"_links":{"self":[{"href":"https:\/\/herzogtum-direkt.de\/index.php\/wp-json\/wp\/v2\/posts\/72238","targetHints":{"allow":["GET"]}}],"collection":[{"href":"https:\/\/herzogtum-direkt.de\/index.php\/wp-json\/wp\/v2\/posts"}],"about":[{"href":"https:\/\/herzogtum-direkt.de\/index.php\/wp-json\/wp\/v2\/types\/post"}],"author":[{"embeddable":true,"href":"https:\/\/herzogtum-direkt.de\/index.php\/wp-json\/wp\/v2\/users\/2"}],"replies":[{"embeddable":true,"href":"https:\/\/herzogtum-direkt.de\/index.php\/wp-json\/wp\/v2\/comments?post=72238"}],"version-history":[{"count":1,"href":"https:\/\/herzogtum-direkt.de\/index.php\/wp-json\/wp\/v2\/posts\/72238\/revisions"}],"predecessor-version":[{"id":72240,"href":"https:\/\/herzogtum-direkt.de\/index.php\/wp-json\/wp\/v2\/posts\/72238\/revisions\/72240"}],"wp:featuredmedia":[{"embeddable":true,"href":"https:\/\/herzogtum-direkt.de\/index.php\/wp-json\/wp\/v2\/media\/72239"}],"wp:attachment":[{"href":"https:\/\/herzogtum-direkt.de\/index.php\/wp-json\/wp\/v2\/media?parent=72238"}],"wp:term":[{"taxonomy":"category","embeddable":true,"href":"https:\/\/herzogtum-direkt.de\/index.php\/wp-json\/wp\/v2\/categories?post=72238"},{"taxonomy":"post_tag","embeddable":true,"href":"https:\/\/herzogtum-direkt.de\/index.php\/wp-json\/wp\/v2\/tags?post=72238"}],"curies":[{"name":"wp","href":"https:\/\/api.w.org\/{rel}","templated":true}]}}