{"id":71648,"date":"2025-04-15T07:25:20","date_gmt":"2025-04-15T06:25:20","guid":{"rendered":"https:\/\/herzogtum-direkt.de\/?p=71648"},"modified":"2025-04-15T09:23:29","modified_gmt":"2025-04-15T08:23:29","slug":"endlich-wieder-badespass-in-moelln-das-staedtische-luisenbad-oeffnet-seine-tore","status":"publish","type":"post","link":"https:\/\/herzogtum-direkt.de\/index.php\/2025\/04\/15\/endlich-wieder-badespass-in-moelln-das-staedtische-luisenbad-oeffnet-seine-tore\/","title":{"rendered":"Endlich wieder Badespa\u00df in M\u00f6lln: Das st\u00e4dtische Luisenbad \u00f6ffnet seine Tore"},"content":{"rendered":"<p><strong>M\u00f6lln (pm). <\/strong>Die Vorfreude steigt, denn das st\u00e4dtische Luisenbad startet in die diesj\u00e4hrige Badesaison! Ab Donnerstag, 1. Mai 2025, hei\u00dft das beliebte Freibad seine gro\u00dfen und kleinen Badeg\u00e4ste herzlich willkommen.<\/p>\n<figure id=\"attachment_71650\" aria-describedby=\"caption-attachment-71650\" style=\"width: 600px\" class=\"wp-caption aligncenter\"><img fetchpriority=\"high\" decoding=\"async\" class=\"size-medium wp-image-71650\" src=\"https:\/\/herzogtum-direkt.de\/wp-content\/uploads\/2025\/04\/Luisenbad-Moelln.-Foto-Thomas-Ebelt-hfr-600x399.jpg\" alt=\"\" width=\"600\" height=\"399\" srcset=\"https:\/\/herzogtum-direkt.de\/wp-content\/uploads\/2025\/04\/Luisenbad-Moelln.-Foto-Thomas-Ebelt-hfr-600x399.jpg 600w, https:\/\/herzogtum-direkt.de\/wp-content\/uploads\/2025\/04\/Luisenbad-Moelln.-Foto-Thomas-Ebelt-hfr-768x511.jpg 768w, https:\/\/herzogtum-direkt.de\/wp-content\/uploads\/2025\/04\/Luisenbad-Moelln.-Foto-Thomas-Ebelt-hfr.jpg 1000w\" sizes=\"(max-width: 600px) 100vw, 600px\" \/><figcaption id=\"caption-attachment-71650\" class=\"wp-caption-text\">Das Luisenbad in M\u00f6lln ist bei gro\u00dfen und kleinen G\u00e4sten beliebt. Foto: Stadt M\u00f6lln, Thomas Ebelt, hfr<\/figcaption><\/figure>\n<p>Ein erfrischender Sprung ins k\u00fchle Nass, entspannte Stunden auf der Liegewiese und fr\u00f6hliches Planschen \u2013 all das ist ab dem Maifeiertag wieder im Luisenbad m\u00f6glich.<\/p>\n<p><strong>\u00d6ffnungszeiten im Mai:<\/strong><\/p>\n<p>Um den Saisonstart einzul\u00e4uten, \u00f6ffnet das Luisenbad im Mai zun\u00e4chst an den Feiertagen und Wochenenden seine Pforten:<\/p>\n<ul>\n<li><strong>freitags:<\/strong> 13 Uhr \u2013 18 Uhr<\/li>\n<li><strong>samstags, sonntags und feiertags:<\/strong> 12 Uhr \u2013 18 Uhr<\/li>\n<\/ul>\n<p>Eine Badeaufsicht sorgt w\u00e4hrend der \u00d6ffnungszeiten f\u00fcr die Sicherheit.<\/p>\n<p>Die Stadt M\u00f6lln freut sich darauf, zahlreiche Badeg\u00e4ste im Luisenbad begr\u00fc\u00dfen zu d\u00fcrfen und w\u00fcnscht allen eine sonnige und erholsame Badesaison!\u00a0Aktuelle Informationen zu den \u00d6ffnungszeiten in den Sommermonaten und eventuellen \u00c4nderungen finden Interessierte jederzeit unter <a href=\"http:\/\/www.moelln-tourismus.de\/poi\/luisenbad-am-schulsee\" target=\"_blank\" rel=\"noopener\">www.moelln-tourismus.de\/poi\/luisenbad-am-schulsee<\/a>.<\/p>\n","protected":false},"excerpt":{"rendered":"<p>M\u00f6lln (pm). Die Vorfreude steigt, denn das st\u00e4dtische Luisenbad startet in die diesj\u00e4hrige Badesaison! Ab Donnerstag, 1. Mai 2025, hei\u00dft das beliebte Freibad seine gro\u00dfen und kleinen Badeg\u00e4ste herzlich willkommen. Ein erfrischender Sprung ins k\u00fchle Nass, entspannte Stunden auf der Liegewiese und fr\u00f6hliches Planschen \u2013 all das ist ab dem Maifeiertag wieder im Luisenbad m\u00f6glich. [&hellip;]<\/p>\n","protected":false},"author":2,"featured_media":71649,"comment_status":"closed","ping_status":"closed","sticky":false,"template":"","format":"standard","meta":{"jnews-multi-image_gallery":[],"jnews_single_post":{"subtitle":"","format":"standard","override":[{"template":"1","parallax":"1","fullscreen":"1","layout":"right-sidebar","sidebar":"default-sidebar","second_sidebar":"default-sidebar","sticky_sidebar":"1","share_position":"top","share_float_style":"share-monocrhome","show_view_counter":"1","show_featured":"1","show_post_meta":"1","show_post_author":"1","show_post_author_image":"1","show_post_date":"1","post_date_format":"default","post_date_format_custom":"Y\/m\/d","post_reading_time_wpm":"300","post_calculate_word_method":"str_word_count","show_zoom_button":"0","zoom_button_out_step":"2","zoom_button_in_step":"3","show_post_tag":"1","show_popup_post":"1","number_popup_post":"1","show_author_box":"1","show_post_related":"1","show_inline_post_related":"0"}],"image_override":[{"single_post_thumbnail_size":"crop-500","single_post_gallery_size":"crop-500"}],"trending_post_position":"meta","trending_post_label":"Trending","sponsored_post_label":"Sponsored by","disable_ad":"0"},"jnews_primary_category":[],"jnews_social_meta":[],"jnews_override_counter":{"view_counter_number":"0","share_counter_number":"0","like_counter_number":"0","dislike_counter_number":"0"},"jnews_post_split":{"post_split":[{"template":"1","tag":"h2","numbering":"asc","mode":"normal","first":"0","enable_toc":"0","toc_type":"normal"}]},"footnotes":""},"categories":[63,66],"tags":[2343,1179,703],"class_list":["post-71648","post","type-post","status-publish","format-standard","has-post-thumbnail","hentry","category-herzogtum-lauenburg","category-moelln","tag-baden","tag-luisenbad-moelln","tag-tourismus"],"_links":{"self":[{"href":"https:\/\/herzogtum-direkt.de\/index.php\/wp-json\/wp\/v2\/posts\/71648","targetHints":{"allow":["GET"]}}],"collection":[{"href":"https:\/\/herzogtum-direkt.de\/index.php\/wp-json\/wp\/v2\/posts"}],"about":[{"href":"https:\/\/herzogtum-direkt.de\/index.php\/wp-json\/wp\/v2\/types\/post"}],"author":[{"embeddable":true,"href":"https:\/\/herzogtum-direkt.de\/index.php\/wp-json\/wp\/v2\/users\/2"}],"replies":[{"embeddable":true,"href":"https:\/\/herzogtum-direkt.de\/index.php\/wp-json\/wp\/v2\/comments?post=71648"}],"version-history":[{"count":1,"href":"https:\/\/herzogtum-direkt.de\/index.php\/wp-json\/wp\/v2\/posts\/71648\/revisions"}],"predecessor-version":[{"id":71651,"href":"https:\/\/herzogtum-direkt.de\/index.php\/wp-json\/wp\/v2\/posts\/71648\/revisions\/71651"}],"wp:featuredmedia":[{"embeddable":true,"href":"https:\/\/herzogtum-direkt.de\/index.php\/wp-json\/wp\/v2\/media\/71649"}],"wp:attachment":[{"href":"https:\/\/herzogtum-direkt.de\/index.php\/wp-json\/wp\/v2\/media?parent=71648"}],"wp:term":[{"taxonomy":"category","embeddable":true,"href":"https:\/\/herzogtum-direkt.de\/index.php\/wp-json\/wp\/v2\/categories?post=71648"},{"taxonomy":"post_tag","embeddable":true,"href":"https:\/\/herzogtum-direkt.de\/index.php\/wp-json\/wp\/v2\/tags?post=71648"}],"curies":[{"name":"wp","href":"https:\/\/api.w.org\/{rel}","templated":true}]}}