{"id":71199,"date":"2025-04-01T08:35:05","date_gmt":"2025-04-01T07:35:05","guid":{"rendered":"https:\/\/herzogtum-direkt.de\/?p=71199"},"modified":"2025-04-01T08:35:05","modified_gmt":"2025-04-01T07:35:05","slug":"den-alten-moellner-friedhof-neu-entdecken","status":"publish","type":"post","link":"https:\/\/herzogtum-direkt.de\/index.php\/2025\/04\/01\/den-alten-moellner-friedhof-neu-entdecken\/","title":{"rendered":"Den alten M\u00f6llner Friedhof neu entdecken"},"content":{"rendered":"<p><strong>M\u00f6lln (pm).<\/strong> Friedh\u00f6fe sind nicht nur Orte der Trauer, des Abschiednehmens und des Gedenkens an die Verstorbenen. In ihrer Anlage und in der Gestaltung der einzelnen Grabst\u00e4tten spiegeln sich zugleich Kultur und Geschichte derjenigen, die hier ihre Toten begraben. So sind die Friedh\u00f6fe ein besonderer Teil unseres Gemeinwesens.<\/p>\n<figure id=\"attachment_60138\" aria-describedby=\"caption-attachment-60138\" style=\"width: 193px\" class=\"wp-caption aligncenter\"><img fetchpriority=\"high\" decoding=\"async\" class=\"size-medium wp-image-60138\" src=\"https:\/\/herzogtum-direkt.de\/wp-content\/uploads\/2024\/04\/Friedhof-Moelln-Foto-Ebelt-hfr-193x300.jpg\" alt=\"\" width=\"193\" height=\"300\" srcset=\"https:\/\/herzogtum-direkt.de\/wp-content\/uploads\/2024\/04\/Friedhof-Moelln-Foto-Ebelt-hfr-193x300.jpg 193w, https:\/\/herzogtum-direkt.de\/wp-content\/uploads\/2024\/04\/Friedhof-Moelln-Foto-Ebelt-hfr.jpg 500w\" sizes=\"(max-width: 193px) 100vw, 193px\" \/><figcaption id=\"caption-attachment-60138\" class=\"wp-caption-text\">Etliche Grabsteine auf dem alten Friedhof in M\u00f6lln verbergen interessante Geschichten. Foto: Thomas Ebelt, M\u00f6lln, hfr<\/figcaption><\/figure>\n<p>Der 1840 eingeweihte M\u00f6llner Friedhof am Gudower Weg ist reich an Gr\u00e4bern und Gedenkst\u00e4tten, die von der wechselvollen Geschichte der Stadt k\u00fcnden. Eine F\u00fchrung zur Geschichte des Alten Friedhofs in M\u00f6lln, zu historischen und aktuellen Grabst\u00e4tten bietet Stadtarchivar Christian Lopau am Donnerstagabend, 10. April 2025, um 17 Uhr an. Treffpunkt f\u00fcr diesen Rundgang ist der Friedhofseingang an der Hindenburgstra\u00dfe (gegen\u00fcber vom Parkplatz am \u201eQuellenhof\u201c). Eine Anmeldung ist nicht erforderlich. Die F\u00fchrung wird kostenfrei angeboten.<\/p>\n","protected":false},"excerpt":{"rendered":"<p>M\u00f6lln (pm). Friedh\u00f6fe sind nicht nur Orte der Trauer, des Abschiednehmens und des Gedenkens an die Verstorbenen. In ihrer Anlage und in der Gestaltung der einzelnen Grabst\u00e4tten spiegeln sich zugleich Kultur und Geschichte derjenigen, die hier ihre Toten begraben. So sind die Friedh\u00f6fe ein besonderer Teil unseres Gemeinwesens. Der 1840 eingeweihte M\u00f6llner Friedhof am Gudower [&hellip;]<\/p>\n","protected":false},"author":2,"featured_media":50942,"comment_status":"closed","ping_status":"closed","sticky":false,"template":"","format":"standard","meta":{"jnews-multi-image_gallery":[],"jnews_single_post":{"subtitle":"","format":"standard","override":[{"template":"1","parallax":"1","fullscreen":"1","layout":"right-sidebar","sidebar":"default-sidebar","second_sidebar":"default-sidebar","sticky_sidebar":"1","share_position":"top","share_float_style":"share-monocrhome","show_view_counter":"1","show_featured":"1","show_post_meta":"1","show_post_author":"1","show_post_author_image":"1","show_post_date":"1","post_date_format":"default","post_date_format_custom":"Y\/m\/d","post_reading_time_wpm":"300","post_calculate_word_method":"str_word_count","show_zoom_button":"0","zoom_button_out_step":"2","zoom_button_in_step":"3","show_post_tag":"1","show_popup_post":"1","number_popup_post":"1","show_author_box":"1","show_post_related":"1","show_inline_post_related":"0"}],"image_override":[{"single_post_thumbnail_size":"crop-500","single_post_gallery_size":"crop-500"}],"trending_post_position":"meta","trending_post_label":"Trending","sponsored_post_label":"Sponsored by","disable_ad":"0"},"jnews_primary_category":[],"jnews_social_meta":[],"jnews_override_counter":{"view_counter_number":"0","share_counter_number":"0","like_counter_number":"0","dislike_counter_number":"0"},"jnews_post_split":{"post_split":[{"template":"1","tag":"h2","numbering":"asc","mode":"normal","first":"0","enable_toc":"0","toc_type":"normal"}]},"footnotes":""},"categories":[63,70,66],"tags":[254,2433,3236],"class_list":["post-71199","post","type-post","status-publish","format-standard","has-post-thumbnail","hentry","category-herzogtum-lauenburg","category-kultur","category-moelln","tag-archiv","tag-friedhof","tag-fuehrung"],"_links":{"self":[{"href":"https:\/\/herzogtum-direkt.de\/index.php\/wp-json\/wp\/v2\/posts\/71199","targetHints":{"allow":["GET"]}}],"collection":[{"href":"https:\/\/herzogtum-direkt.de\/index.php\/wp-json\/wp\/v2\/posts"}],"about":[{"href":"https:\/\/herzogtum-direkt.de\/index.php\/wp-json\/wp\/v2\/types\/post"}],"author":[{"embeddable":true,"href":"https:\/\/herzogtum-direkt.de\/index.php\/wp-json\/wp\/v2\/users\/2"}],"replies":[{"embeddable":true,"href":"https:\/\/herzogtum-direkt.de\/index.php\/wp-json\/wp\/v2\/comments?post=71199"}],"version-history":[{"count":1,"href":"https:\/\/herzogtum-direkt.de\/index.php\/wp-json\/wp\/v2\/posts\/71199\/revisions"}],"predecessor-version":[{"id":71200,"href":"https:\/\/herzogtum-direkt.de\/index.php\/wp-json\/wp\/v2\/posts\/71199\/revisions\/71200"}],"wp:featuredmedia":[{"embeddable":true,"href":"https:\/\/herzogtum-direkt.de\/index.php\/wp-json\/wp\/v2\/media\/50942"}],"wp:attachment":[{"href":"https:\/\/herzogtum-direkt.de\/index.php\/wp-json\/wp\/v2\/media?parent=71199"}],"wp:term":[{"taxonomy":"category","embeddable":true,"href":"https:\/\/herzogtum-direkt.de\/index.php\/wp-json\/wp\/v2\/categories?post=71199"},{"taxonomy":"post_tag","embeddable":true,"href":"https:\/\/herzogtum-direkt.de\/index.php\/wp-json\/wp\/v2\/tags?post=71199"}],"curies":[{"name":"wp","href":"https:\/\/api.w.org\/{rel}","templated":true}]}}