{"id":71032,"date":"2025-03-28T04:30:47","date_gmt":"2025-03-28T03:30:47","guid":{"rendered":"https:\/\/herzogtum-direkt.de\/?p=71032"},"modified":"2025-03-26T11:35:06","modified_gmt":"2025-03-26T10:35:06","slug":"von-niendorf-stecknitz-in-die-welt-die-kuenstlerin-mathilde-block","status":"publish","type":"post","link":"https:\/\/herzogtum-direkt.de\/index.php\/2025\/03\/28\/von-niendorf-stecknitz-in-die-welt-die-kuenstlerin-mathilde-block\/","title":{"rendered":"\u201eVon Niendorf\/Stecknitz in die Welt \u2013 die K\u00fcnstlerin Mathilde Block&#8220;"},"content":{"rendered":"<p><strong>Niendorf an der Stecknitz (pm).\u00a0<\/strong>Die neue Vortragsreihe des A. Paul Weber-Museums \u201eKunsthappen&#8220; beleuchtet das Werk und Leben von K\u00fcnstlerinnen und K\u00fcnstlern aus und im Lauenburgischen und f\u00fchrt die G\u00e4ste auf eine Entdeckungsreise durch die letzten 200 Jahre. Besucherinnen und Besucher lernen dabei verschiedene regionale K\u00fcnstlerinnen und K\u00fcnstler kennen und tauchen in ihr Werk und Leben ein.<\/p>\n<p>Nach Jean Louis Wensel, der im M\u00e4rz vorgestellt wurde, ist im April nun eine K\u00fcnstlerin an der Reihe: Die Malerin Mathilde Block, geboren 1850 in Niendorf\/Stecknitz, ist viel in der Welt herumgekommen, nahm sogar an einer Ausstellung anl\u00e4sslich der Weltausstellung in St. Louis 1904 teil, hinterlie\u00df aber auch Werke hier vor Ort im Lauenburgischen. So findet man heute noch in zahlreichen Kirchen im Herzogtum Lauenburg Spuren von Mathilde Block. Auch das Malen von Portr\u00e4ts war f\u00fcr sie ein wichtiges Instrument, verdiente sie sich mit solchen Auftragsarbeiten doch ihren Lebensunterhalt.<\/p>\n<p>Mit dem ungew\u00f6hnlichen Lebensweg dieser K\u00fcnstlerin und mit ihrem Werk besch\u00e4ftigt sich die Leiterin der Kreismuseen, Dr. Anke M\u00fchrenberg, am Donnerstag, dem 3. April 2025, um 19 Uhr im Gartensaal des A. Paul Weber-Museums. Der Eintritt zum Vortrag ist frei, der Vortragsraum ist leider nicht barrierefrei zu erreichen. Weitere Informationen zur Vortragsreihe finden sich unter <a href=\"http:\/\/www.apaulwebermuseum.de\" target=\"_blank\" rel=\"noopener\">www.apaulwebermuseum.de<\/a><\/p>\n","protected":false},"excerpt":{"rendered":"<p>Niendorf an der Stecknitz (pm).\u00a0Die neue Vortragsreihe des A. Paul Weber-Museums \u201eKunsthappen&#8220; beleuchtet das Werk und Leben von K\u00fcnstlerinnen und K\u00fcnstlern aus und im Lauenburgischen und f\u00fchrt die G\u00e4ste auf eine Entdeckungsreise durch die letzten 200 Jahre. Besucherinnen und Besucher lernen dabei verschiedene regionale K\u00fcnstlerinnen und K\u00fcnstler kennen und tauchen in ihr Werk und Leben [&hellip;]<\/p>\n","protected":false},"author":2,"featured_media":71033,"comment_status":"closed","ping_status":"closed","sticky":false,"template":"","format":"standard","meta":{"jnews-multi-image_gallery":[],"jnews_single_post":{"format":"standard","override":[{"template":"1","parallax":"1","fullscreen":"1","layout":"right-sidebar","sidebar":"default-sidebar","second_sidebar":"default-sidebar","sticky_sidebar":"1","share_position":"top","share_float_style":"share-monocrhome","show_view_counter":"1","show_featured":"1","show_post_meta":"1","show_post_author":"1","show_post_author_image":"1","show_post_date":"1","post_date_format":"default","post_date_format_custom":"Y\/m\/d","post_reading_time_wpm":"300","post_calculate_word_method":"str_word_count","show_zoom_button":"0","zoom_button_out_step":"2","zoom_button_in_step":"3","show_post_tag":"1","show_popup_post":"1","number_popup_post":"1","show_author_box":"1","show_post_related":"1","show_inline_post_related":"0"}],"image_override":[{"single_post_thumbnail_size":"crop-500","single_post_gallery_size":"crop-500"}],"trending_post_position":"meta","trending_post_label":"Trending","sponsored_post_label":"Sponsored by","disable_ad":"0","subtitle":"Vortrag von Dr. Anke M\u00fchrenberg, Leiterin der Kreismuseen, Donnerstag, 3. April 2025, 19 Uhr, A. Paul Weber-Museum"},"jnews_primary_category":[],"jnews_social_meta":[],"jnews_override_counter":{"view_counter_number":"0","share_counter_number":"0","like_counter_number":"0","dislike_counter_number":"0"},"jnews_post_split":{"post_split":[{"template":"1","tag":"h2","numbering":"asc","mode":"normal","first":"0","enable_toc":"0","toc_type":"normal"}]},"footnotes":""},"categories":[68,70],"tags":[2181],"class_list":["post-71032","post","type-post","status-publish","format-standard","has-post-thumbnail","hentry","category-amt-breitenfelde","category-kultur","tag-niendorf-an-der-stecknitz"],"_links":{"self":[{"href":"https:\/\/herzogtum-direkt.de\/index.php\/wp-json\/wp\/v2\/posts\/71032","targetHints":{"allow":["GET"]}}],"collection":[{"href":"https:\/\/herzogtum-direkt.de\/index.php\/wp-json\/wp\/v2\/posts"}],"about":[{"href":"https:\/\/herzogtum-direkt.de\/index.php\/wp-json\/wp\/v2\/types\/post"}],"author":[{"embeddable":true,"href":"https:\/\/herzogtum-direkt.de\/index.php\/wp-json\/wp\/v2\/users\/2"}],"replies":[{"embeddable":true,"href":"https:\/\/herzogtum-direkt.de\/index.php\/wp-json\/wp\/v2\/comments?post=71032"}],"version-history":[{"count":1,"href":"https:\/\/herzogtum-direkt.de\/index.php\/wp-json\/wp\/v2\/posts\/71032\/revisions"}],"predecessor-version":[{"id":71034,"href":"https:\/\/herzogtum-direkt.de\/index.php\/wp-json\/wp\/v2\/posts\/71032\/revisions\/71034"}],"wp:featuredmedia":[{"embeddable":true,"href":"https:\/\/herzogtum-direkt.de\/index.php\/wp-json\/wp\/v2\/media\/71033"}],"wp:attachment":[{"href":"https:\/\/herzogtum-direkt.de\/index.php\/wp-json\/wp\/v2\/media?parent=71032"}],"wp:term":[{"taxonomy":"category","embeddable":true,"href":"https:\/\/herzogtum-direkt.de\/index.php\/wp-json\/wp\/v2\/categories?post=71032"},{"taxonomy":"post_tag","embeddable":true,"href":"https:\/\/herzogtum-direkt.de\/index.php\/wp-json\/wp\/v2\/tags?post=71032"}],"curies":[{"name":"wp","href":"https:\/\/api.w.org\/{rel}","templated":true}]}}