{"id":70981,"date":"2025-03-26T04:14:11","date_gmt":"2025-03-26T03:14:11","guid":{"rendered":"https:\/\/herzogtum-direkt.de\/?p=70981"},"modified":"2025-03-25T15:16:23","modified_gmt":"2025-03-25T14:16:23","slug":"geesthacht-naechstes-strassenprojekt-beginnt","status":"publish","type":"post","link":"https:\/\/herzogtum-direkt.de\/index.php\/2025\/03\/26\/geesthacht-naechstes-strassenprojekt-beginnt\/","title":{"rendered":"Geesthacht: N\u00e4chstes Stra\u00dfenprojekt beginnt"},"content":{"rendered":"<p><strong>Geesthacht (pm).<\/strong> Seit dem 21. M\u00e4rz 2025 kann der Verkehr an der Geesthachter Stra\u00dfe wieder ungehindert rollen. Die dortigen Bauma\u00dfnahmen sind demnach eine Woche fr\u00fcher abgeschlossen als geplant. Wie bereits angek\u00fcndigt, beginnt nun das n\u00e4chste Stra\u00dfenprojekt in der Geesthachter Innenstadt, dass zu einer Verbesserung der Infrastruktur in Geesthacht f\u00fchren wird: Die Verlegung von Strom- und Wasserleitungen im Bereich der D\u00fcneberger Stra\u00dfe.<\/p>\n<p>Verkehrsteilnehmende m\u00f6gen sich etwas fr\u00fcher als bisher angek\u00fcndigt auf Verkehrsbehinderungen an der Steglitzer Stra\u00dfe einstellen: Bereits ab Donnerstag, 27. M\u00e4rz 2025, wird diese zwischen den Einm\u00fcndungen der D\u00fcneberger Stra\u00dfe und der D\u00fcnenstra\u00dfe gesperrt.\u00a0Die Sperrung erfolgt im Zuge der umfangreichen Bauma\u00dfnahmen, die ab 31. M\u00e4rz an der D\u00fcneberger Stra\u00dfe beginnt. Bis zum 30. Juni 2025 wird die Stra\u00dfe zwischen der Einm\u00fcndung der Spandauer Stra\u00dfe und der Kreuzung W\u00e4rderstra\u00dfe\/Steinstra\u00dfe\/D\u00fcnenstra\u00dfe\/D\u00fcneberger Stra\u00dfe gesperrt. Grund hierf\u00fcr ist die Verlegung von Strom- und Wasserleitungen im Auftrag der Stadtwerke Geesthacht.<\/p>\n<p>Verkehrsteilnehmende werden gebeten, den ausgeschilderten Umleitungsstrecken zu folgen. Diese f\u00fchren aus Lauenburg kommend von der Steinstra\u00dfe \u00fcber W\u00e4rderstra\u00dfe, Am Schleusenkanal, Heuweg und Spandauer Stra\u00dfe zur D\u00fcneberger Stra\u00dfe und von dort weiter zur Geesthachter Stra\u00dfe. Verkehrsteilnehmende, die aus Hamburg kommen, m\u00f6gen diese Umleitungsstrecke in anderer Fahrtrichtung nutzen.<\/p>\n<p>Anwohnende und Anliegende der Lichterfelder Stra\u00dfe und des gesperrten Bereichs der D\u00fcneberger Stra\u00dfe werden trotz der Bauma\u00dfnahmen Zugang zu ihren Grundst\u00fccken haben. Sie werden von der ausf\u00fchrenden Firma \u00fcber die Bauma\u00dfnahme und deren Folgen gesondert informiert.\u00a0Informationen zur Verlegung von Bushaltestellen w\u00e4hrend der Bauarbeiten erhalten \u00d6PNV-Nutzende \u00fcber entsprechende Aush\u00e4nge an den betroffenen Haltestellen.<\/p>\n","protected":false},"excerpt":{"rendered":"<p>Geesthacht (pm). Seit dem 21. M\u00e4rz 2025 kann der Verkehr an der Geesthachter Stra\u00dfe wieder ungehindert rollen. Die dortigen Bauma\u00dfnahmen sind demnach eine Woche fr\u00fcher abgeschlossen als geplant. Wie bereits angek\u00fcndigt, beginnt nun das n\u00e4chste Stra\u00dfenprojekt in der Geesthachter Innenstadt, dass zu einer Verbesserung der Infrastruktur in Geesthacht f\u00fchren wird: Die Verlegung von Strom- und [&hellip;]<\/p>\n","protected":false},"author":2,"featured_media":65526,"comment_status":"closed","ping_status":"closed","sticky":false,"template":"","format":"standard","meta":{"jnews-multi-image_gallery":[],"jnews_single_post":{"subtitle":"","format":"standard","override":[{"template":"1","parallax":"1","fullscreen":"1","layout":"right-sidebar","sidebar":"default-sidebar","second_sidebar":"default-sidebar","sticky_sidebar":"1","share_position":"top","share_float_style":"share-monocrhome","show_view_counter":"1","show_featured":"1","show_post_meta":"1","show_post_author":"1","show_post_author_image":"1","show_post_date":"1","post_date_format":"default","post_date_format_custom":"Y\/m\/d","post_reading_time_wpm":"300","post_calculate_word_method":"str_word_count","show_zoom_button":"0","zoom_button_out_step":"2","zoom_button_in_step":"3","show_post_tag":"1","show_popup_post":"1","number_popup_post":"1","show_author_box":"1","show_post_related":"1","show_inline_post_related":"0"}],"image_override":[{"single_post_thumbnail_size":"crop-500","single_post_gallery_size":"crop-500"}],"trending_post_position":"meta","trending_post_label":"Trending","sponsored_post_label":"Sponsored by","disable_ad":"0"},"jnews_primary_category":[],"jnews_social_meta":[],"jnews_override_counter":{"view_counter_number":"0","share_counter_number":"0","like_counter_number":"0","dislike_counter_number":"0"},"jnews_post_split":{"post_split":[{"template":"1","tag":"h2","numbering":"asc","mode":"normal","first":"0","enable_toc":"0","toc_type":"normal"}]},"footnotes":""},"categories":[2625,63],"tags":[249],"class_list":["post-70981","post","type-post","status-publish","format-standard","has-post-thumbnail","hentry","category-geesthacht","category-herzogtum-lauenburg","tag-geesthacht"],"_links":{"self":[{"href":"https:\/\/herzogtum-direkt.de\/index.php\/wp-json\/wp\/v2\/posts\/70981","targetHints":{"allow":["GET"]}}],"collection":[{"href":"https:\/\/herzogtum-direkt.de\/index.php\/wp-json\/wp\/v2\/posts"}],"about":[{"href":"https:\/\/herzogtum-direkt.de\/index.php\/wp-json\/wp\/v2\/types\/post"}],"author":[{"embeddable":true,"href":"https:\/\/herzogtum-direkt.de\/index.php\/wp-json\/wp\/v2\/users\/2"}],"replies":[{"embeddable":true,"href":"https:\/\/herzogtum-direkt.de\/index.php\/wp-json\/wp\/v2\/comments?post=70981"}],"version-history":[{"count":1,"href":"https:\/\/herzogtum-direkt.de\/index.php\/wp-json\/wp\/v2\/posts\/70981\/revisions"}],"predecessor-version":[{"id":70982,"href":"https:\/\/herzogtum-direkt.de\/index.php\/wp-json\/wp\/v2\/posts\/70981\/revisions\/70982"}],"wp:featuredmedia":[{"embeddable":true,"href":"https:\/\/herzogtum-direkt.de\/index.php\/wp-json\/wp\/v2\/media\/65526"}],"wp:attachment":[{"href":"https:\/\/herzogtum-direkt.de\/index.php\/wp-json\/wp\/v2\/media?parent=70981"}],"wp:term":[{"taxonomy":"category","embeddable":true,"href":"https:\/\/herzogtum-direkt.de\/index.php\/wp-json\/wp\/v2\/categories?post=70981"},{"taxonomy":"post_tag","embeddable":true,"href":"https:\/\/herzogtum-direkt.de\/index.php\/wp-json\/wp\/v2\/tags?post=70981"}],"curies":[{"name":"wp","href":"https:\/\/api.w.org\/{rel}","templated":true}]}}