{"id":70931,"date":"2025-03-25T10:01:40","date_gmt":"2025-03-25T09:01:40","guid":{"rendered":"https:\/\/herzogtum-direkt.de\/?p=70931"},"modified":"2025-03-25T11:10:08","modified_gmt":"2025-03-25T10:10:08","slug":"rund-1-200-menschen-im-kreis-leiden-an-schlafstoerungen","status":"publish","type":"post","link":"https:\/\/herzogtum-direkt.de\/index.php\/2025\/03\/25\/rund-1-200-menschen-im-kreis-leiden-an-schlafstoerungen\/","title":{"rendered":"Rund 1.200 Menschen im Kreis leiden an Schlafst\u00f6rungen"},"content":{"rendered":"<p><strong>Herzogtum Lauenburg (pm). <\/strong>Tiefe Augenringe, ein Knick in der Leistungsf\u00e4higkeit, verpasste Termine: Die Umstellung von Winter- auf Sommerzeit vom 29. auf den 30. M\u00e4rz macht so manchem im Kreis Herzogtum Lauenburg zu schaffen. Die k\u00fcrzeste Nacht des Jahres kann den K\u00f6rper nachhaltig durcheinanderbringen. \u201eDurch die fehlende Stunde bei der Zeitumstellung auf die Sommerzeit wird der gewohnte Lebensrhythmus gest\u00f6rt und f\u00fchrt bei vielen Menschen zu gesundheitlichen Problemen\u201c, sagt AOK-Serviceregionsleiter Reinhard Wunsch. Wer ohnehin unter Schlafst\u00f6rungen leidet, dem f\u00e4llt die Zeitumstellung besonders schwer. Manche k\u00f6nnen deshalb sogar ihrer Arbeit nicht nachgehen. Nach einer Auswertung der AOK entfielen im Jahr 2024 allein bei den AOK-versicherten Besch\u00e4ftigten im Kreis Herzogtum Lauenburg insgesamt 1.983 Fehltage auf nichtorganische Schlafst\u00f6rungen. \u201eDie Menschen leiden dann etwa unter M\u00fcdigkeit, Bluthochdruck, Schlafst\u00f6rungen und Konzentrationsschw\u00e4che\u201c, so Wunsch.<\/p>\n<p>Die Zeitumstellung ist f\u00fcr viele Menschen ein \u00c4rgernis. Nicht nur, weil manche Uhren von Hand umgestellt werden m\u00fcssen, sondern auch, weil der innere Schlaf- und Biorhythmus durcheinanderger\u00e4t. Besonders empfindlich reagieren S\u00e4uglinge, die gerade ihren Schlafrhythmus gefunden haben. Wer aber dauerhaft unter Schlafst\u00f6rungen leidet, sollte den Ursachen auf den Grund gehen: Zu viel Stress oder fettes Essen, private Probleme, zu viel Koffein oder Alkohol, aber auch k\u00f6rperliche oder psychische Erkrankungen oder Nebenwirkungen von Medikamenten &#8211; es gibt viele Ursachen f\u00fcr schlechten Schlaf. Manche k\u00f6nnen aufgrund von Schlafst\u00f6rungen sogar ihrer Arbeit nicht mehr nachgehen. 1.200 AOK-Versicherte im Kreis Herzogtum Lauenburg leiden an nichtorganischen Schlafst\u00f6rungen. Aber auch bei anderen Erwachsenen k\u00f6nnen nach der Zeitumstellung Beschwerden auftreten, die bis zu einer Woche andauern k\u00f6nnen.<\/p>\n<figure id=\"attachment_70932\" aria-describedby=\"caption-attachment-70932\" style=\"width: 600px\" class=\"wp-caption alignnone\"><img fetchpriority=\"high\" decoding=\"async\" class=\"size-medium wp-image-70932\" src=\"https:\/\/herzogtum-direkt.de\/wp-content\/uploads\/2025\/03\/AOK-Gesundheit-Schlafstoerungen-2025-600x400.jpg\" alt=\"\" width=\"600\" height=\"400\" srcset=\"https:\/\/herzogtum-direkt.de\/wp-content\/uploads\/2025\/03\/AOK-Gesundheit-Schlafstoerungen-2025-600x400.jpg 600w, https:\/\/herzogtum-direkt.de\/wp-content\/uploads\/2025\/03\/AOK-Gesundheit-Schlafstoerungen-2025-768x512.jpg 768w, https:\/\/herzogtum-direkt.de\/wp-content\/uploads\/2025\/03\/AOK-Gesundheit-Schlafstoerungen-2025.jpg 1000w\" sizes=\"(max-width: 600px) 100vw, 600px\" \/><figcaption id=\"caption-attachment-70932\" class=\"wp-caption-text\">Die k\u00fcrzeste Nacht im Kreis Herzogtum Lauenburg steht bevor: Die Uhr wird am 30. M\u00e4rz um zwei Uhr um eine Stunde vorgestellt. Foto: AOK, Colourbox, hfr.<\/figcaption><\/figure>\n<p>Die Folgen k\u00f6nnen gravierend sein: Ist der Schlafrhythmus gest\u00f6rt, kann es zu dauerhaften, gesundheitlichen Problemen kommen. Schlafmangel f\u00fchrt zu M\u00fcdigkeit, Konzentrationsproblemen und Leistungsverlust, kann langfristig aber auch Erkrankungen zum Beispiel des Herz-Kreislauf-Systems verursachen oder die Entstehung von Diabetes oder psychischen Problemen beg\u00fcnstigen. Auch das Gehirn braucht regelm\u00e4\u00dfig Regenerationsphasen, in denen es nicht immer wieder von au\u00dfen angesteuert wird. \u201eEs ist wichtig, die eigenen Batterien durch einen gesunden Schlaf wieder aufzuladen. Ausreichend Schlaf steigert unser Wohlbefinden und unsere Lebensqualit\u00e4t\u201c, so Wunsch.<\/p>\n<p>Wichtig ist die Einhaltung der sogenannten Schlafhygiene. Dazu geh\u00f6rt eine angenehme Schlafumgebung mit k\u00fchler Raumtemperatur, der Verzicht auf schwere Mahlzeiten vor dem Schlafengehen sowie auf Koffein, Alkohol und Nikotin. Auch mehr Bewegung im Alltag, ein Spaziergang kann helfen, den nat\u00fcrlichen Schlafrhythmus wieder zu finden. Zur Bew\u00e4ltigung von Schlafst\u00f6rungen bietet auch der liveonline-Kurs \u201aSchlaf gut\u2018 der AOK NordWest Unterst\u00fctzung. Die Teilnehmenden erfahren alles \u00fcber Schlaf- und Psychohygiene und k\u00f6nnen sich untereinander austauschen. Lassen sich die Schlafprobleme nicht beheben und leiden Betroffene h\u00e4ufig und regelm\u00e4\u00dfig unter Abgeschlagenheit und Konzentrationsproblemen, sollte ein Arzt aufgesucht werden. Weitere Informationen unter <a href=\"http:\/\/www.aok.de\/nw\" target=\"_blank\" rel=\"noopener\">www.aok.de\/nw<\/a> Stichwort \u201aSchlaf\u2018 in der Rubrik Gesundheitsmagazin.<\/p>\n","protected":false},"excerpt":{"rendered":"<p>Herzogtum Lauenburg (pm). Tiefe Augenringe, ein Knick in der Leistungsf\u00e4higkeit, verpasste Termine: Die Umstellung von Winter- auf Sommerzeit vom 29. auf den 30. M\u00e4rz macht so manchem im Kreis Herzogtum Lauenburg zu schaffen. Die k\u00fcrzeste Nacht des Jahres kann den K\u00f6rper nachhaltig durcheinanderbringen. \u201eDurch die fehlende Stunde bei der Zeitumstellung auf die Sommerzeit wird der [&hellip;]<\/p>\n","protected":false},"author":2,"featured_media":70933,"comment_status":"closed","ping_status":"closed","sticky":false,"template":"","format":"standard","meta":{"jnews-multi-image_gallery":[],"jnews_single_post":{"format":"standard","override":[{"template":"1","parallax":"1","fullscreen":"1","layout":"right-sidebar","sidebar":"default-sidebar","second_sidebar":"default-sidebar","sticky_sidebar":"1","share_position":"top","share_float_style":"share-monocrhome","show_view_counter":"1","show_featured":"1","show_post_meta":"1","show_post_author":"1","show_post_author_image":"1","show_post_date":"1","post_date_format":"default","post_date_format_custom":"Y\/m\/d","post_reading_time_wpm":"300","post_calculate_word_method":"str_word_count","show_zoom_button":"0","zoom_button_out_step":"2","zoom_button_in_step":"3","show_post_tag":"1","show_popup_post":"1","number_popup_post":"1","show_author_box":"1","show_post_related":"1","show_inline_post_related":"0"}],"image_override":[{"single_post_thumbnail_size":"crop-500","single_post_gallery_size":"crop-500"}],"trending_post_position":"meta","trending_post_label":"Trending","sponsored_post_label":"Sponsored by","disable_ad":"0","subtitle":"Umstellung auf Sommerzeit am 30. M\u00e4rz wird bei vielen den Schlaf- und Biorhythmus durcheinanderbringen"},"jnews_primary_category":[],"jnews_social_meta":[],"jnews_override_counter":{"view_counter_number":"0","share_counter_number":"0","like_counter_number":"0","dislike_counter_number":"0"},"jnews_post_split":{"post_split":[{"template":"1","tag":"h2","numbering":"asc","mode":"normal","first":"0","enable_toc":"0","toc_type":"normal"}]},"footnotes":""},"categories":[75,63,2],"tags":[1105,1330],"class_list":["post-70931","post","type-post","status-publish","format-standard","has-post-thumbnail","hentry","category-gesundheit","category-herzogtum-lauenburg","category-startseite","tag-aok","tag-zeitumstellung"],"_links":{"self":[{"href":"https:\/\/herzogtum-direkt.de\/index.php\/wp-json\/wp\/v2\/posts\/70931","targetHints":{"allow":["GET"]}}],"collection":[{"href":"https:\/\/herzogtum-direkt.de\/index.php\/wp-json\/wp\/v2\/posts"}],"about":[{"href":"https:\/\/herzogtum-direkt.de\/index.php\/wp-json\/wp\/v2\/types\/post"}],"author":[{"embeddable":true,"href":"https:\/\/herzogtum-direkt.de\/index.php\/wp-json\/wp\/v2\/users\/2"}],"replies":[{"embeddable":true,"href":"https:\/\/herzogtum-direkt.de\/index.php\/wp-json\/wp\/v2\/comments?post=70931"}],"version-history":[{"count":3,"href":"https:\/\/herzogtum-direkt.de\/index.php\/wp-json\/wp\/v2\/posts\/70931\/revisions"}],"predecessor-version":[{"id":70955,"href":"https:\/\/herzogtum-direkt.de\/index.php\/wp-json\/wp\/v2\/posts\/70931\/revisions\/70955"}],"wp:featuredmedia":[{"embeddable":true,"href":"https:\/\/herzogtum-direkt.de\/index.php\/wp-json\/wp\/v2\/media\/70933"}],"wp:attachment":[{"href":"https:\/\/herzogtum-direkt.de\/index.php\/wp-json\/wp\/v2\/media?parent=70931"}],"wp:term":[{"taxonomy":"category","embeddable":true,"href":"https:\/\/herzogtum-direkt.de\/index.php\/wp-json\/wp\/v2\/categories?post=70931"},{"taxonomy":"post_tag","embeddable":true,"href":"https:\/\/herzogtum-direkt.de\/index.php\/wp-json\/wp\/v2\/tags?post=70931"}],"curies":[{"name":"wp","href":"https:\/\/api.w.org\/{rel}","templated":true}]}}