{"id":70120,"date":"2025-03-03T12:11:56","date_gmt":"2025-03-03T11:11:56","guid":{"rendered":"https:\/\/herzogtum-direkt.de\/?p=70120"},"modified":"2025-03-03T12:31:17","modified_gmt":"2025-03-03T11:31:17","slug":"herz-einschalten-rassismus-ausschalten-4","status":"publish","type":"post","link":"https:\/\/herzogtum-direkt.de\/index.php\/2025\/03\/03\/herz-einschalten-rassismus-ausschalten-4\/","title":{"rendered":"Herz einschalten \u2013 Rassismus ausschalten"},"content":{"rendered":"\n<p><strong>Ratzeburg (pm).<\/strong> \u00bbHerz einschalten \u2013 Rassismus ausschalten\u00ab &#8211; unter diesem Motto sind die Stadt Ratzeburg und das Amt Lauenburgische Seen im vergangenen Jahr der &#8218;Europ\u00e4ischen St\u00e4dtekoalition gegen Rassismus&#8216; (European Coalition of Cities against Racism \u2013 ECCAR) mit jeweils einstimmigem Beschluss der Stadtvertretung und des Amtsausschusses beigetreten. Damit wurde die Verantwortung und Verpflichtung \u00fcbernommen, in den Gemeinden und all ihren Institutionen ein Miteinander frei von Rassismus, Diskriminierung und Vorurteilen jeglicher Art zu schaffen. Daf\u00fcr werden im Jahresverlauf wiederkehrend kostenfreie Workshops mit erfahrenen Antirassismustrainerinnen und -trainer f\u00fcr Verwaltungen, Betriebe, soziale Einrichtungen oder Verein angeboten. Sie sollen f\u00fcr Rassismus und Diskriminierung sensibilisieren, einfache und praxisnahe Konzepte zu deren \u00dcberwindung vermitteln und Betroffene st\u00e4rken. Alle Workshops richten sich nach den Bed\u00fcrfnissen der anfragenden Institutionen und k\u00f6nnen in einem Zeitrahmen von 3 \u2013 4 Stunden auch &#8218;inhouse&#8216; angeboten werden.<\/p>\n\n\n\n<p>Inhalte k\u00f6nnen sein:<\/p>\n\n\n\n<pre class=\"wp-block-code\"><code>Grundlagen von Rassismus und Diskriminierung \u2013 Begriffe, Mechanismen und strukturelle Zusammenh\u00e4nge verstehen\nAlltagsrassismus und unbewusste Vorurteile \u2013 Diskriminierung im Alltag erkennen und reflektieren\nKritisches Wei\u00dfsein und Privilegien \u2013 Die eigene Position hinterfragen, Verantwortung \u00fcbernehmen und Verb\u00fcndetenschaft (Allyship) praktizieren\nRassismus in Institutionen und Gesellschaft \u2013 Herausforderungen und L\u00f6sungsans\u00e4tze f\u00fcr ein diskriminierungsfreies Umfeld\nHandlungsm\u00f6glichkeiten und Zivilcourage \u2013 Strategien zur aktiven Bek\u00e4mpfung von Rassismus entwickeln\nEmpowerment und Solidarit\u00e4t \u2013 Betroffene st\u00e4rken und gemeinsames Engagement f\u00f6rdern<\/code><\/pre>\n\n\n\n<p>Die Workshops k\u00f6nnen f\u00fcr Gruppen mit bis zu 20 Personen durchgef\u00fchrt werden. Sie orientierten sich immer an den Interessen und Fragen der Teilnehmenden, zielen in einem offenen Diskurs ohne Schuldzuweisung auf Selbstreflexion, Selbsterkenntnis und auf Verantwortungs\u00fcbernahme. \u201eUm Rassismus und Diskriminierung in unserer Gesellschaft zu \u00fcberwinden, brauchen wir Empathie, Wissen, Haltung und \u00dcberzeugung. Wir alle k\u00f6nnen dazu einen Beitrag leisten, wenn wir uns dieser Aufgabe aktiv zuwenden. Darin m\u00f6chten wir Sie mit unseren Workshopangeboten unterst\u00fctzen&#8220;, sagt B\u00fcrgermeister Eckhard Graf. \u201eRassismus und Diskriminierung betrifft uns alle und fordert uns alle gleicherma\u00dfen heraus. Wir d\u00fcrfen hier nicht wegschauen, sondern m\u00fcssen unsere Blicke bewusst sch\u00e4rfen&#8220;, so Amtsvorsteher Heinz Dohrendorff.<\/p>\n\n\n\n<p>\u201eRassismus und Diskriminierung sind tief in unseren gesellschaftlichen Strukturen verankert. Aber Ver\u00e4nderung beginnt mit Wissen, Selbstreflexion und Mut. In unseren Workshops schaffen wir einen Raum f\u00fcr ehrlichen Austausch, kritische Auseinandersetzung und gemeinsames Lernen. Mein Ziel ist es, Menschen zu bef\u00e4higen, Rassismus zu erkennen, ihre eigenen Privilegien zu hinterfragen und aktiv f\u00fcr eine gerechtere Gesellschaft einzutreten&#8220;, erkl\u00e4rt Antirassismus-Trainer Evans Gumbe aus Ratzeburg. Er bietet ganz konkret w\u00e4hrend der &#8218;Internationalen Wochen gegen Rassismus&#8216; Ende M\u00e4rz zwei kostenlose Workshops an, am Dienstag, 18. M\u00e4rz 2025, in der Zeit von 14.30 bis 18 Uhr oder von 17 bis 21 Uhr und am Dienstag, 25. M\u00e4rz 2025, in der Zeit von 17 bis 21 Uhr. Der Durchf\u00fchrungsort kann gemeinsam festgelegt werden.<\/p>\n\n\n\n<p>Die Workshops k\u00f6nnen via Email an <a href=\"mailto:sauer@ratzeburg.de\" target=\"_blank\" rel=\"noreferrer noopener\">sauer@ratzeburg.de<\/a> oder unter der Telefonnummer 04541-8000114 angefragt werden. Sie werden gef\u00f6rdert durch die &#8218;Partnerschaft f\u00fcr Demokratie&#8216; der Stadt Ratzeburg und des Amtes Lauenburgische Seen im Rahmen des Bundesprogramms &#8218;Demokratie leben!&#8216;.<\/p>\n","protected":false},"excerpt":{"rendered":"<p>Ratzeburg (pm). \u00bbHerz einschalten \u2013 Rassismus ausschalten\u00ab &#8211; unter diesem Motto sind die Stadt Ratzeburg und das Amt Lauenburgische Seen im vergangenen Jahr der &#8218;Europ\u00e4ischen St\u00e4dtekoalition gegen Rassismus&#8216; (European Coalition of Cities against Racism \u2013 ECCAR) mit jeweils einstimmigem Beschluss der Stadtvertretung und des Amtsausschusses beigetreten. Damit wurde die Verantwortung und Verpflichtung \u00fcbernommen, in den [&hellip;]<\/p>\n","protected":false},"author":2,"featured_media":70124,"comment_status":"closed","ping_status":"closed","sticky":false,"template":"","format":"standard","meta":{"jnews-multi-image_gallery":[],"jnews_single_post":{"format":"standard","override":[{"template":"1","parallax":"1","fullscreen":"1","layout":"right-sidebar","sidebar":"default-sidebar","second_sidebar":"default-sidebar","sticky_sidebar":"1","share_position":"top","share_float_style":"share-monocrhome","show_view_counter":"1","show_featured":"1","show_post_meta":"1","show_post_author":"1","show_post_author_image":"1","show_post_date":"1","post_date_format":"default","post_date_format_custom":"Y\/m\/d","post_reading_time_wpm":"300","post_calculate_word_method":"str_word_count","show_zoom_button":"0","zoom_button_out_step":"2","zoom_button_in_step":"3","show_post_tag":"1","show_popup_post":"1","number_popup_post":"1","show_author_box":"1","show_post_related":"1","show_inline_post_related":"0"}],"image_override":[{"single_post_thumbnail_size":"crop-500","single_post_gallery_size":"crop-500"}],"trending_post_position":"meta","trending_post_label":"Trending","sponsored_post_label":"Sponsored by","disable_ad":"0","subtitle":"Kostenlose Workshopangebote zur Arbeit gegen Rassismus und Diskriminierung \u2026 zur Schulung, zur Fortbildung, zur St\u00e4rkung vor Ort"},"jnews_primary_category":[],"jnews_social_meta":[],"jnews_override_counter":{"view_counter_number":"0","share_counter_number":"0","like_counter_number":"0","dislike_counter_number":"0"},"jnews_post_split":{"post_split":[{"template":"1","tag":"h2","numbering":"asc","mode":"normal","first":"0","enable_toc":"0","toc_type":"normal"}]},"footnotes":""},"categories":[69,63,64,2],"tags":[1061,1858,1365,114],"class_list":["post-70120","post","type-post","status-publish","format-standard","has-post-thumbnail","hentry","category-amt-lauenburgische-seen","category-herzogtum-lauenburg","category-ratzeburg","category-startseite","tag-alltagsrassismus","tag-diskriminierung","tag-rassismus","tag-ratzeburg"],"_links":{"self":[{"href":"https:\/\/herzogtum-direkt.de\/index.php\/wp-json\/wp\/v2\/posts\/70120","targetHints":{"allow":["GET"]}}],"collection":[{"href":"https:\/\/herzogtum-direkt.de\/index.php\/wp-json\/wp\/v2\/posts"}],"about":[{"href":"https:\/\/herzogtum-direkt.de\/index.php\/wp-json\/wp\/v2\/types\/post"}],"author":[{"embeddable":true,"href":"https:\/\/herzogtum-direkt.de\/index.php\/wp-json\/wp\/v2\/users\/2"}],"replies":[{"embeddable":true,"href":"https:\/\/herzogtum-direkt.de\/index.php\/wp-json\/wp\/v2\/comments?post=70120"}],"version-history":[{"count":1,"href":"https:\/\/herzogtum-direkt.de\/index.php\/wp-json\/wp\/v2\/posts\/70120\/revisions"}],"predecessor-version":[{"id":70125,"href":"https:\/\/herzogtum-direkt.de\/index.php\/wp-json\/wp\/v2\/posts\/70120\/revisions\/70125"}],"wp:featuredmedia":[{"embeddable":true,"href":"https:\/\/herzogtum-direkt.de\/index.php\/wp-json\/wp\/v2\/media\/70124"}],"wp:attachment":[{"href":"https:\/\/herzogtum-direkt.de\/index.php\/wp-json\/wp\/v2\/media?parent=70120"}],"wp:term":[{"taxonomy":"category","embeddable":true,"href":"https:\/\/herzogtum-direkt.de\/index.php\/wp-json\/wp\/v2\/categories?post=70120"},{"taxonomy":"post_tag","embeddable":true,"href":"https:\/\/herzogtum-direkt.de\/index.php\/wp-json\/wp\/v2\/tags?post=70120"}],"curies":[{"name":"wp","href":"https:\/\/api.w.org\/{rel}","templated":true}]}}