{"id":69626,"date":"2025-02-22T06:10:00","date_gmt":"2025-02-22T04:10:00","guid":{"rendered":"https:\/\/herzogtum-direkt.de\/?p=69626"},"modified":"2025-02-19T12:16:12","modified_gmt":"2025-02-19T10:16:12","slug":"diskussion-landnutzung-vs-naturschutzklimakrise-biodiversitaetskrise-ueberlebenskrise","status":"publish","type":"post","link":"https:\/\/herzogtum-direkt.de\/index.php\/2025\/02\/22\/diskussion-landnutzung-vs-naturschutzklimakrise-biodiversitaetskrise-ueberlebenskrise\/","title":{"rendered":"Diskussion: Landnutzung vs. Naturschutz,Klimakrise, Biodiversit\u00e4tskrise, \u00dcberlebenskrise"},"content":{"rendered":"\n<p><strong>M\u00f6lln (pm).<\/strong> Mit Kurzreferaten, im Fachdialog und im Austausch mit dem Publikum wird sich diese Veranstaltung der Stiftung Herzogtum Lauenburg mit dem Verlust an \u00d6kosystemen und Biodiversit\u00e4t sowie den m\u00f6glichen Gegenma\u00dfnahmen befassen. Sie findet am Freitag, 28. Februar um 19.30 Uhr im Stadthauptmannshof statt (Hauptstr. 150, 23879 M\u00f6lln). Der Eintritt ist frei.<\/p>\n\n\n\n<p>\u201eMit der Ver\u00e4nderung und Schw\u00e4chung der genetischen Vielfalt unserer belebten Mitwelt werden wir in unserem Wohlbefinden, in unserer Wirtschaftlichkeit, vielleicht sogar in unserer \u00dcberlebensf\u00e4higkeit bedroht. Wie k\u00f6nnen wir Wege aus dieser Krise finden? Wie tauglich sind die zahlreichen fachlichen und politischen Initiativen hierzu? Die \u00d6kologisierung der Land- und Forstwirtschaft kommt nicht wirklich voran. Derweil verringern sich Vitalit\u00e4t, Produktivit\u00e4t und Anpassungsf\u00e4higkeit der Landnutzungssysteme.\u201c Zwei Vordenker und erfahrene Landnutzer im Kreis Herzogtum Lauenburg werden hierzu&nbsp;ihre Vorstellungen erl\u00e4utern: Alfons Wiesler-Trapp, Kreisdom\u00e4ne Fredeburg und Dr. Lutz F\u00e4hser, ehemaliger Leiter des Stadtwaldes L\u00fcbeck.<\/p>\n\n\n\n<figure class=\"wp-block-image size-large\"><img fetchpriority=\"high\" decoding=\"async\" width=\"1024\" height=\"682\" src=\"https:\/\/herzogtum-direkt.de\/wp-content\/uploads\/2021\/01\/winter-wald-holz-1024x682.jpeg\" alt=\"\" class=\"wp-image-28115\" srcset=\"https:\/\/herzogtum-direkt.de\/wp-content\/uploads\/2021\/01\/winter-wald-holz-1024x682.jpeg 1024w, https:\/\/herzogtum-direkt.de\/wp-content\/uploads\/2021\/01\/winter-wald-holz-300x200.jpeg 300w, https:\/\/herzogtum-direkt.de\/wp-content\/uploads\/2021\/01\/winter-wald-holz-768x512.jpeg 768w, https:\/\/herzogtum-direkt.de\/wp-content\/uploads\/2021\/01\/winter-wald-holz-696x464.jpeg 696w, https:\/\/herzogtum-direkt.de\/wp-content\/uploads\/2021\/01\/winter-wald-holz-1068x712.jpeg 1068w, https:\/\/herzogtum-direkt.de\/wp-content\/uploads\/2021\/01\/winter-wald-holz-630x420.jpeg 630w, https:\/\/herzogtum-direkt.de\/wp-content\/uploads\/2021\/01\/winter-wald-holz.jpeg 1280w\" sizes=\"(max-width: 1024px) 100vw, 1024px\" \/><figcaption class=\"wp-element-caption\">Symbolbild: Bild von <a href=\"https:\/\/pixabay.com\/de\/users\/jwvein-5584447\/?utm_source=link-attribution&amp;utm_medium=referral&amp;utm_campaign=image&amp;utm_content=3882892\">jwvein<\/a> auf <a href=\"https:\/\/pixabay.com\/de\/?utm_source=link-attribution&amp;utm_medium=referral&amp;utm_campaign=image&amp;utm_content=3882892\">Pixabay<\/a><\/figcaption><\/figure>\n\n\n\n<p>In M\u00f6lln gibt es dar\u00fcber hinaus zwei weitere Veranstaltungen zum Thema Biodiversit\u00e4t: Am Mittwoch, 26. Februar um 19 Uhr h\u00e4lt Bini Schlamann (BUND LV Schleswig-Holstein) einen Vortrag mit dem Titel \u201eWas ist Biodiversit\u00e4t und warum sollten wir uns damit besch\u00e4ftigen?\u201c im Uhlenkolk (Waldhallenweg 11, M\u00f6lln \u2013 Eintritt frei). Am Donnerstag, 27. Februar findet von 9 Uhr bis 16.30 Uhr das 2. M\u00f6llner Biodiversit\u00e4tssymposium im Quellenhof statt (Hindenburgstr. 16, M\u00f6lln). Veranstalter sind die Integrierte Station Lauenburgische Landschaften und das Umweltzentrum Uhlenkolk. Informationen und Anmeldung unter <a href=\"http:\/\/www.umweltzentrum-uhlenkolk.de\">www.umweltzentrum-uhlenkolk.de<\/a> (Rubrik Symposien und Fachtagungen). &nbsp;&nbsp;&nbsp;&nbsp;<\/p>\n","protected":false},"excerpt":{"rendered":"<p>M\u00f6lln (pm). Mit Kurzreferaten, im Fachdialog und im Austausch mit dem Publikum wird sich diese Veranstaltung der Stiftung Herzogtum Lauenburg mit dem Verlust an \u00d6kosystemen und Biodiversit\u00e4t sowie den m\u00f6glichen Gegenma\u00dfnahmen befassen. Sie findet am Freitag, 28. Februar um 19.30 Uhr im Stadthauptmannshof statt (Hauptstr. 150, 23879 M\u00f6lln). Der Eintritt ist frei. \u201eMit der Ver\u00e4nderung [&hellip;]<\/p>\n","protected":false},"author":2,"featured_media":69627,"comment_status":"closed","ping_status":"closed","sticky":false,"template":"","format":"standard","meta":{"jnews-multi-image_gallery":[],"jnews_single_post":{"format":"standard"},"jnews_primary_category":[],"jnews_social_meta":[],"jnews_override_counter":[],"jnews_post_split":[],"footnotes":""},"categories":[63,66,1237],"tags":[1648,612,3921,752],"class_list":["post-69626","post","type-post","status-publish","format-standard","has-post-thumbnail","hentry","category-herzogtum-lauenburg","category-moelln","category-umweltnatur","tag-biodiversitaet","tag-landwirtschaft","tag-podiumsdiskussion","tag-stiftung-herzogtum-lauenburg"],"_links":{"self":[{"href":"https:\/\/herzogtum-direkt.de\/index.php\/wp-json\/wp\/v2\/posts\/69626","targetHints":{"allow":["GET"]}}],"collection":[{"href":"https:\/\/herzogtum-direkt.de\/index.php\/wp-json\/wp\/v2\/posts"}],"about":[{"href":"https:\/\/herzogtum-direkt.de\/index.php\/wp-json\/wp\/v2\/types\/post"}],"author":[{"embeddable":true,"href":"https:\/\/herzogtum-direkt.de\/index.php\/wp-json\/wp\/v2\/users\/2"}],"replies":[{"embeddable":true,"href":"https:\/\/herzogtum-direkt.de\/index.php\/wp-json\/wp\/v2\/comments?post=69626"}],"version-history":[{"count":1,"href":"https:\/\/herzogtum-direkt.de\/index.php\/wp-json\/wp\/v2\/posts\/69626\/revisions"}],"predecessor-version":[{"id":69628,"href":"https:\/\/herzogtum-direkt.de\/index.php\/wp-json\/wp\/v2\/posts\/69626\/revisions\/69628"}],"wp:featuredmedia":[{"embeddable":true,"href":"https:\/\/herzogtum-direkt.de\/index.php\/wp-json\/wp\/v2\/media\/69627"}],"wp:attachment":[{"href":"https:\/\/herzogtum-direkt.de\/index.php\/wp-json\/wp\/v2\/media?parent=69626"}],"wp:term":[{"taxonomy":"category","embeddable":true,"href":"https:\/\/herzogtum-direkt.de\/index.php\/wp-json\/wp\/v2\/categories?post=69626"},{"taxonomy":"post_tag","embeddable":true,"href":"https:\/\/herzogtum-direkt.de\/index.php\/wp-json\/wp\/v2\/tags?post=69626"}],"curies":[{"name":"wp","href":"https:\/\/api.w.org\/{rel}","templated":true}]}}