{"id":69551,"date":"2025-02-22T04:59:00","date_gmt":"2025-02-22T02:59:00","guid":{"rendered":"https:\/\/herzogtum-direkt.de\/?p=69551"},"modified":"2025-02-21T11:10:03","modified_gmt":"2025-02-21T09:10:03","slug":"wirtschaft-trifft-politik","status":"publish","type":"post","link":"https:\/\/herzogtum-direkt.de\/index.php\/2025\/02\/22\/wirtschaft-trifft-politik\/","title":{"rendered":"Wirtschaft trifft Politik"},"content":{"rendered":"\n<p><strong>Schwarzenbek (pm)<\/strong>. Der Wirtschaftsverbund Herzogtum Lauenburg (WVB) lud zu einem politischen Austausch zwischen Wirtschaft und Bundestagskandidaten ein. Im gro\u00dfen Festsaal von Schr\u00f6ders Hotel stellten sich die vier eingeladenen Kandidaten der Bundestagswahl den Fragen aus der Wirtschaft.<\/p>\n\n\n\n<p>Anwesend waren: Dr. Nina Scheer (SPD), Henri Schmidt (CDU), Konstantin von Notz (GR\u00dcNE) und Bernd Buchholz (FDP), der f\u00fcr den verhinderten FDP- Kandidaten Johannes Basier einsprang. Das Format der Veranstaltung folgte einem strukturierten Ablauf: Jeder Kandidat hatte zun\u00e4chst drei Minuten Zeit, um sich und seine wirtschaftspolitischen Schwerpunkte f\u00fcr das Herzogtum Lauenburg vorzustellen. Im Anschluss wurden ihnen von den Moderatoren des Wirtschaftsverbunds gezielt Fragen zu wirtschaftsrelevanten Themen gestellt \u2013 mit einer begrenzten Antwortzeit von ebenfalls drei Minuten pro Frage.<\/p>\n\n\n\n<p>Im Mittelpunkt der Diskussion standen Themen, die die Unternehmen im Herzogtum Lauenburg aktuell besonders besch\u00e4ftigen. Dazu geh\u00f6rten: Standf\u00f6rderung und wirtschaftliche Entwicklung, Infrastruktur und Verkehrsanbindung, B\u00fcrokratieabau und Fachkr\u00e4ftemangel, Energieversorgung und Nachhaltigkeit.<\/p>\n\n\n\n<p>Die Veranstaltung bot nicht nur Raum f\u00fcr politische Positionen, sondern erm\u00f6glichte auch einen direkten Dialog zwischen den Unternehmen und den Kandidaten. Dabei wurde deutlich, dass die Erwartungen der Wirtschaft an die Politik hoch sind \u2013 insbesondere in Bezug auf praxisnahe L\u00f6sungen, weniger B\u00fcrokratie und eine st\u00e4rkere Wahrnehmung der regionalen Bed\u00fcrfnisse auf Bundesebene.<\/p>\n\n\n\n<p>Nach der Diskussionsrunde blieb Zeit f\u00fcr pers\u00f6nliche Gespr\u00e4che, in denen sich Unternehmer und Kandidaten weiter austauschen konnten.\u201eWir freuen uns, dass sich die Kandidaten den Fragen der Wirtschaft gestellt haben. Es ist essenziell, dass wirtschaftspolitische Entscheidungen nicht \u00fcber die K\u00f6pfe der Unternehmer hinweg getroffen werden, sondern dass die politischen Vertreter unsere Herausforderungen kennen\u201c, so Doris Lehmann.Der Wirtschaftsverbund Herzogtum Lauenburg wird die Ergebnisse und Positionen aus dieser Veranstaltung weiter auswerten und die wirtschaftlichen Interessen der Region gegen\u00fcber der Politik weiterhin aktiv vertreten.<\/p>\n","protected":false},"excerpt":{"rendered":"<p>Schwarzenbek (pm). Der Wirtschaftsverbund Herzogtum Lauenburg (WVB) lud zu einem politischen Austausch zwischen Wirtschaft und Bundestagskandidaten ein. Im gro\u00dfen Festsaal von Schr\u00f6ders Hotel stellten sich die vier eingeladenen Kandidaten der Bundestagswahl den Fragen aus der Wirtschaft. Anwesend waren: Dr. Nina Scheer (SPD), Henri Schmidt (CDU), Konstantin von Notz (GR\u00dcNE) und Bernd Buchholz (FDP), der f\u00fcr [&hellip;]<\/p>\n","protected":false},"author":2,"featured_media":34504,"comment_status":"closed","ping_status":"closed","sticky":false,"template":"","format":"standard","meta":{"jnews-multi-image_gallery":[],"jnews_single_post":{"format":"standard"},"jnews_primary_category":[],"jnews_social_meta":[],"jnews_override_counter":[],"jnews_post_split":[],"footnotes":""},"categories":[95,72],"tags":[260,642],"class_list":["post-69551","post","type-post","status-publish","format-standard","has-post-thumbnail","hentry","category-aus-der-region","category-wirtschaft","tag-herzogtum-lauenburg","tag-politik"],"_links":{"self":[{"href":"https:\/\/herzogtum-direkt.de\/index.php\/wp-json\/wp\/v2\/posts\/69551","targetHints":{"allow":["GET"]}}],"collection":[{"href":"https:\/\/herzogtum-direkt.de\/index.php\/wp-json\/wp\/v2\/posts"}],"about":[{"href":"https:\/\/herzogtum-direkt.de\/index.php\/wp-json\/wp\/v2\/types\/post"}],"author":[{"embeddable":true,"href":"https:\/\/herzogtum-direkt.de\/index.php\/wp-json\/wp\/v2\/users\/2"}],"replies":[{"embeddable":true,"href":"https:\/\/herzogtum-direkt.de\/index.php\/wp-json\/wp\/v2\/comments?post=69551"}],"version-history":[{"count":3,"href":"https:\/\/herzogtum-direkt.de\/index.php\/wp-json\/wp\/v2\/posts\/69551\/revisions"}],"predecessor-version":[{"id":69740,"href":"https:\/\/herzogtum-direkt.de\/index.php\/wp-json\/wp\/v2\/posts\/69551\/revisions\/69740"}],"wp:featuredmedia":[{"embeddable":true,"href":"https:\/\/herzogtum-direkt.de\/index.php\/wp-json\/wp\/v2\/media\/34504"}],"wp:attachment":[{"href":"https:\/\/herzogtum-direkt.de\/index.php\/wp-json\/wp\/v2\/media?parent=69551"}],"wp:term":[{"taxonomy":"category","embeddable":true,"href":"https:\/\/herzogtum-direkt.de\/index.php\/wp-json\/wp\/v2\/categories?post=69551"},{"taxonomy":"post_tag","embeddable":true,"href":"https:\/\/herzogtum-direkt.de\/index.php\/wp-json\/wp\/v2\/tags?post=69551"}],"curies":[{"name":"wp","href":"https:\/\/api.w.org\/{rel}","templated":true}]}}