{"id":69201,"date":"2025-02-12T05:12:00","date_gmt":"2025-02-12T03:12:00","guid":{"rendered":"https:\/\/herzogtum-direkt.de\/?p=69201"},"modified":"2025-02-11T16:45:59","modified_gmt":"2025-02-11T14:45:59","slug":"matinee-konzert-des-landesferienkurses-fuer-musik-in-der-st-nicolai-kirche-moelln","status":"publish","type":"post","link":"https:\/\/herzogtum-direkt.de\/index.php\/2025\/02\/12\/matinee-konzert-des-landesferienkurses-fuer-musik-in-der-st-nicolai-kirche-moelln\/","title":{"rendered":"Matinee-Konzert des Landesferienkurses f\u00fcr Musik in der St. Nicolai-Kirche M\u00f6lln"},"content":{"rendered":"\n<p><strong>M\u00f6lln(pm). <\/strong>Von Brahms bis zu den Muppets, von Arvo P\u00e4rt bis Gluck: am 2. M\u00e4rz erklingen in der St. Nicolai-Kirche in M\u00f6lln Ausz\u00fcge aus dem vielf\u00e4ltigen Konzertprogramm des 73. Landesferienkurses f\u00fcr Musik.<\/p>\n\n\n\n<p>Wo kommt ein Konzertprogramm mit klassischen Orchester-Kl\u00e4ngen, historischen Musikst\u00fccken, lauten Big Band-Sounds und volumin\u00f6sem Chorgesang zustande? Beim Landesferienkurs f\u00fcr Musik. Und das schon zum 73. Mal.<\/p>\n\n\n\n<p>Der Landesferienkurs f\u00fcr Musik bringt jedes Jahr junge Musiker:innen aus ganz Deutschland zusammen. F\u00fcr 10 Tage leben und musizieren sie gemeinsam auf Schloss Noer an der Eckernf\u00f6rder Bucht und erarbeiten in unterschiedlichen Instrumentalensembles und dem gemeinsamen Chor, bestehend aus allen Teilnehmenden, unter der fachkundigen Anleitung von professionellen Dozent:innen ein umfangreiches und genre\u00fcbergreifendes Konzertprogramm.<\/p>\n\n\n\n<figure class=\"wp-block-image size-full\"><img fetchpriority=\"high\" decoding=\"async\" width=\"1000\" height=\"667\" src=\"https:\/\/herzogtum-direkt.de\/wp-content\/uploads\/2021\/05\/Moelln-Altstadt-Luft.jpg\" alt=\"\" class=\"wp-image-29710\" srcset=\"https:\/\/herzogtum-direkt.de\/wp-content\/uploads\/2021\/05\/Moelln-Altstadt-Luft.jpg 1000w, https:\/\/herzogtum-direkt.de\/wp-content\/uploads\/2021\/05\/Moelln-Altstadt-Luft-300x200.jpg 300w, https:\/\/herzogtum-direkt.de\/wp-content\/uploads\/2021\/05\/Moelln-Altstadt-Luft-768x512.jpg 768w, https:\/\/herzogtum-direkt.de\/wp-content\/uploads\/2021\/05\/Moelln-Altstadt-Luft-696x464.jpg 696w, https:\/\/herzogtum-direkt.de\/wp-content\/uploads\/2021\/05\/Moelln-Altstadt-Luft-630x420.jpg 630w\" sizes=\"(max-width: 1000px) 100vw, 1000px\" \/><figcaption class=\"wp-element-caption\">M\u00f6lln von oben. Foto: Anders<\/figcaption><\/figure>\n\n\n\n<p>Ob in den intensiven Proben oder beim Abendspaziergang zum Ostseestrand, der Kurs wird jeden Sommer von ganz unterschiedlichen T\u00f6nen gepr\u00e4gt: Gro\u00dfe, vielstimmige Orchesterwerke erklingen genauso wie Kammermusik-St\u00fccke oder schlichte Abendlieder, wohlbekannte, oft aufgef\u00fchrte Werke, genauso wie eigene Melodien spontaner Improvisationen. Das intensive, gemeinsame Musizieren schwei\u00dft die Nachwuchsmusiker:innen jedes Jahr zu einer Gemeinschaft zusammen und l\u00e4sst enge Freundschaften entstehen.<\/p>\n\n\n\n<p>Um die Gemeinschaft und die Musik des vergangenen Sommers wieder aufleben zu lassen, kommen nun rund 50 Teilnehmende des letzten Landesferienkurses noch einmal f\u00fcr ein Wochenende zusammen. Schon zum vierten Mal findet ein solches \u201eNachtreffen\u201c in M\u00f6lln statt. Zum Abschluss des Wochenendes spielen die jungen Musiker:innen Ausz\u00fcge aus dem Konzertprogramm des vergangenen Sommers als Matinee-Konzert am 2. M\u00e4rz in der St. Nicolai-Kirche und freuen sich auf ein zahlreiches Publikum.<\/p>\n\n\n\n<p>Das Konzert beginnt um 11.30 Uhr in der St. Nicolai-Kirche, Am Markt 12. Der Eintritt ist frei, um Spenden f\u00fcr den Tr\u00e4gerverein des Kurses wird gebeten.<\/p>\n\n\n\n<p><\/p>\n","protected":false},"excerpt":{"rendered":"<p>M\u00f6lln(pm). Von Brahms bis zu den Muppets, von Arvo P\u00e4rt bis Gluck: am 2. M\u00e4rz erklingen in der St. Nicolai-Kirche in M\u00f6lln Ausz\u00fcge aus dem vielf\u00e4ltigen Konzertprogramm des 73. Landesferienkurses f\u00fcr Musik. Wo kommt ein Konzertprogramm mit klassischen Orchester-Kl\u00e4ngen, historischen Musikst\u00fccken, lauten Big Band-Sounds und volumin\u00f6sem Chorgesang zustande? Beim Landesferienkurs f\u00fcr Musik. Und das schon [&hellip;]<\/p>\n","protected":false},"author":2,"featured_media":48513,"comment_status":"closed","ping_status":"closed","sticky":false,"template":"","format":"standard","meta":{"jnews-multi-image_gallery":[],"jnews_single_post":{"format":"standard"},"jnews_primary_category":[],"jnews_social_meta":[],"jnews_override_counter":[],"jnews_post_split":[],"footnotes":""},"categories":[70,66],"tags":[125,133],"class_list":["post-69201","post","type-post","status-publish","format-standard","has-post-thumbnail","hentry","category-kultur","category-moelln","tag-konzert","tag-moelln"],"_links":{"self":[{"href":"https:\/\/herzogtum-direkt.de\/index.php\/wp-json\/wp\/v2\/posts\/69201","targetHints":{"allow":["GET"]}}],"collection":[{"href":"https:\/\/herzogtum-direkt.de\/index.php\/wp-json\/wp\/v2\/posts"}],"about":[{"href":"https:\/\/herzogtum-direkt.de\/index.php\/wp-json\/wp\/v2\/types\/post"}],"author":[{"embeddable":true,"href":"https:\/\/herzogtum-direkt.de\/index.php\/wp-json\/wp\/v2\/users\/2"}],"replies":[{"embeddable":true,"href":"https:\/\/herzogtum-direkt.de\/index.php\/wp-json\/wp\/v2\/comments?post=69201"}],"version-history":[{"count":1,"href":"https:\/\/herzogtum-direkt.de\/index.php\/wp-json\/wp\/v2\/posts\/69201\/revisions"}],"predecessor-version":[{"id":69202,"href":"https:\/\/herzogtum-direkt.de\/index.php\/wp-json\/wp\/v2\/posts\/69201\/revisions\/69202"}],"wp:featuredmedia":[{"embeddable":true,"href":"https:\/\/herzogtum-direkt.de\/index.php\/wp-json\/wp\/v2\/media\/48513"}],"wp:attachment":[{"href":"https:\/\/herzogtum-direkt.de\/index.php\/wp-json\/wp\/v2\/media?parent=69201"}],"wp:term":[{"taxonomy":"category","embeddable":true,"href":"https:\/\/herzogtum-direkt.de\/index.php\/wp-json\/wp\/v2\/categories?post=69201"},{"taxonomy":"post_tag","embeddable":true,"href":"https:\/\/herzogtum-direkt.de\/index.php\/wp-json\/wp\/v2\/tags?post=69201"}],"curies":[{"name":"wp","href":"https:\/\/api.w.org\/{rel}","templated":true}]}}