{"id":68664,"date":"2025-01-27T12:42:50","date_gmt":"2025-01-27T10:42:50","guid":{"rendered":"https:\/\/herzogtum-direkt.de\/?p=68664"},"modified":"2025-01-27T12:42:50","modified_gmt":"2025-01-27T10:42:50","slug":"ratzeburger-sv-und-cheftrainer-denny-skwierczynski-beenden-zusammenarbeit","status":"publish","type":"post","link":"https:\/\/herzogtum-direkt.de\/index.php\/2025\/01\/27\/ratzeburger-sv-und-cheftrainer-denny-skwierczynski-beenden-zusammenarbeit\/","title":{"rendered":"Ratzeburger SV und Cheftrainer Denny Skwierczynski beenden Zusammenarbeit"},"content":{"rendered":"\n<p><strong>Ratzeburg (pm). <\/strong>Zum Ende der Saison 2024\/25 beenden der Ratzeburger SV und Cheftrainer Denny Skwierczynski die Zusammenarbeit nach drei erfolgreichen Jahren im beiderseitigen Einvernehmen. Das ist das Ergebnis wertsch\u00e4tzender und offener Gespr\u00e4che zwischen Vereinsf\u00fchrung und Trainer. Die Mannschaft wurde am Freitagabend im Rahmen einer Sitzung informiert.<\/p>\n\n\n\n<p>Denny Skwierczynski heuerte zur Saison 2022\/23 beim seinerzeit frischgebackenen Verbandsliga-Aufsteiger an, wo er zwischen 2001 und 2003 bereits als Spieler aktiv war. Unter Skwierczynski gelang der sofortige Durchmarsch in die Landesliga Holstein und der Einzug ins Pokalfinale. In der darauffolgenden Saison erreichte die Mannschaft als Aufsteiger einen starken f\u00fcnften Tabellenplatz und gewann erstmals nach 2001 wieder den Kreispokal Herzogtum Lauenburg. Erstmals in der Vereinsgeschichte zog der RSV in den SHFV-Landespokal ein. In der laufenden Saison erreichte das Team zum dritten Mal in Folge das Pokalfinale und rangiert derzeit auf dem vierten Platz der Landesliga.<\/p>\n\n\n\n<p>Jegor M\u00fchlisch, Sportlicher Leiter des RSV, betont: \u201eDiese sportlichen Erfolge sind das Ergebnis harter Arbeit. Wir sind dankbar f\u00fcr die \u00fcberragende Entwicklung des Teams und die vielen unvergesslichen Momente in dieser Zeit, sowohl auf als auch neben dem Platz. Mit Denny konnte sich der RSV in den h\u00f6heren Ligen des regionalen Amateurfu\u00dfballs etablieren.&#8220;<\/p>\n\n\n\n<p>Denny Skwierczynski sagt: \u201eIn ausf\u00fchrlichen und vertrauensvollen Gespr\u00e4chen haben wir uns gemeinsam dazu entschieden, die Zusammenarbeit \u00fcber den Sommer hinaus nicht fortzusetzen. Ich f\u00fchle mich weiterhin sehr wohl beim Ratzeburger SV, aber nach dann insgesamt drei Jahren ist ein guter Zeitpunkt gekommen, an dem f\u00fcr beide Seiten etwas Neues anstehen kann&#8220;<\/p>\n\n\n\n<p>Die Mannschaft legt in der kommenden Woche eine planm\u00e4\u00dfige Vorbereitungspause ein und bereitet sich anschlie\u00dfend auf die anstehenden Aufgaben und gemeinsamen Ziele in der R\u00fcckrunde vor. Diese startet am 8. M\u00e4rz mit dem Ausw\u00e4rtsspiel beim Preetzer TSV.<\/p>\n","protected":false},"excerpt":{"rendered":"<p>Ratzeburg (pm). Zum Ende der Saison 2024\/25 beenden der Ratzeburger SV und Cheftrainer Denny Skwierczynski die Zusammenarbeit nach drei erfolgreichen Jahren im beiderseitigen Einvernehmen. Das ist das Ergebnis wertsch\u00e4tzender und offener Gespr\u00e4che zwischen Vereinsf\u00fchrung und Trainer. Die Mannschaft wurde am Freitagabend im Rahmen einer Sitzung informiert. Denny Skwierczynski heuerte zur Saison 2022\/23 beim seinerzeit frischgebackenen [&hellip;]<\/p>\n","protected":false},"author":2,"featured_media":68665,"comment_status":"closed","ping_status":"closed","sticky":false,"template":"","format":"standard","meta":{"jnews-multi-image_gallery":[],"jnews_single_post":[],"jnews_primary_category":[],"jnews_social_meta":[],"jnews_override_counter":[],"jnews_post_split":[],"footnotes":""},"categories":[71,2],"tags":[374,114,357],"class_list":["post-68664","post","type-post","status-publish","format-standard","has-post-thumbnail","hentry","category-sport","category-startseite","tag-fussball","tag-ratzeburg","tag-rsv"],"_links":{"self":[{"href":"https:\/\/herzogtum-direkt.de\/index.php\/wp-json\/wp\/v2\/posts\/68664","targetHints":{"allow":["GET"]}}],"collection":[{"href":"https:\/\/herzogtum-direkt.de\/index.php\/wp-json\/wp\/v2\/posts"}],"about":[{"href":"https:\/\/herzogtum-direkt.de\/index.php\/wp-json\/wp\/v2\/types\/post"}],"author":[{"embeddable":true,"href":"https:\/\/herzogtum-direkt.de\/index.php\/wp-json\/wp\/v2\/users\/2"}],"replies":[{"embeddable":true,"href":"https:\/\/herzogtum-direkt.de\/index.php\/wp-json\/wp\/v2\/comments?post=68664"}],"version-history":[{"count":1,"href":"https:\/\/herzogtum-direkt.de\/index.php\/wp-json\/wp\/v2\/posts\/68664\/revisions"}],"predecessor-version":[{"id":68666,"href":"https:\/\/herzogtum-direkt.de\/index.php\/wp-json\/wp\/v2\/posts\/68664\/revisions\/68666"}],"wp:featuredmedia":[{"embeddable":true,"href":"https:\/\/herzogtum-direkt.de\/index.php\/wp-json\/wp\/v2\/media\/68665"}],"wp:attachment":[{"href":"https:\/\/herzogtum-direkt.de\/index.php\/wp-json\/wp\/v2\/media?parent=68664"}],"wp:term":[{"taxonomy":"category","embeddable":true,"href":"https:\/\/herzogtum-direkt.de\/index.php\/wp-json\/wp\/v2\/categories?post=68664"},{"taxonomy":"post_tag","embeddable":true,"href":"https:\/\/herzogtum-direkt.de\/index.php\/wp-json\/wp\/v2\/tags?post=68664"}],"curies":[{"name":"wp","href":"https:\/\/api.w.org\/{rel}","templated":true}]}}