{"id":67711,"date":"2024-12-25T06:23:00","date_gmt":"2024-12-25T04:23:00","guid":{"rendered":"https:\/\/herzogtum-direkt.de\/?p=67711"},"modified":"2024-12-23T13:25:33","modified_gmt":"2024-12-23T11:25:33","slug":"stellungnahme-zum-geesthachter-krankenhaus","status":"publish","type":"post","link":"https:\/\/herzogtum-direkt.de\/index.php\/2024\/12\/25\/stellungnahme-zum-geesthachter-krankenhaus\/","title":{"rendered":"Stellungnahme zum Geesthachter Krankenhaus"},"content":{"rendered":"\n<p><strong>Herzogtum Lauenburg (pm).<\/strong> Zur Situation f\u00fcr den Krankenhausstandort Geesthacht erkl\u00e4rt die \u00f6rtliche SPD-Bundestagsabgeordnete Dr. Nina Scheer:<\/p>\n\n\n\n<p>\u201eDer Krankenhausstandort Geesthacht im s\u00fcd\u00f6stlichen Schleswig-Holstein erfordert von der Schleswig-Holsteinischen Landesregierung ein klares Bekenntnis. Die au\u00dferordentlich hohe Zahl an Unterschriften der Petition f\u00fcr den Erhalt des Krankenhauses unterstreicht den \u00f6rtlichen Versorgungsbedarf. Der l\u00e4ndliche Raum ist von langen Fahrtwegen gekennzeichnet. Das Krankenhaus Geesthacht bietet f\u00fcr die Region unter anderem als Geburtsklinik oder auch mit der Notaufnahme unverzichtbare Leistungen. Diese m\u00fcssen erhalten bleiben. Kooperationen mit Standorten in benachbarten Bundesl\u00e4ndern k\u00f6nnen nur eine Erg\u00e4nzung, aber kein Ersatz f\u00fcr den Krankenhausstandort Geesthacht sein.&#8220;<\/p>\n","protected":false},"excerpt":{"rendered":"<p>Herzogtum Lauenburg (pm). Zur Situation f\u00fcr den Krankenhausstandort Geesthacht erkl\u00e4rt die \u00f6rtliche SPD-Bundestagsabgeordnete Dr. Nina Scheer: \u201eDer Krankenhausstandort Geesthacht im s\u00fcd\u00f6stlichen Schleswig-Holstein erfordert von der Schleswig-Holsteinischen Landesregierung ein klares Bekenntnis. Die au\u00dferordentlich hohe Zahl an Unterschriften der Petition f\u00fcr den Erhalt des Krankenhauses unterstreicht den \u00f6rtlichen Versorgungsbedarf. Der l\u00e4ndliche Raum ist von langen Fahrtwegen gekennzeichnet. [&hellip;]<\/p>\n","protected":false},"author":2,"featured_media":65916,"comment_status":"closed","ping_status":"closed","sticky":false,"template":"","format":"standard","meta":{"jnews-multi-image_gallery":[],"jnews_single_post":{"format":"standard","override":[{"template":"1","parallax":"1","fullscreen":"1","layout":"right-sidebar","sidebar":"default-sidebar","second_sidebar":"default-sidebar","sticky_sidebar":"1","share_position":"top","share_float_style":"share-monocrhome","show_view_counter":"1","show_featured":"1","show_post_meta":"1","show_post_author":"1","show_post_author_image":"1","show_post_date":"1","post_date_format":"default","post_date_format_custom":"Y\/m\/d","post_reading_time_wpm":"300","post_calculate_word_method":"str_word_count","show_zoom_button":"0","zoom_button_out_step":"2","zoom_button_in_step":"3","show_post_tag":"1","show_popup_post":"1","number_popup_post":"1","show_author_box":"1","show_post_related":"1","show_inline_post_related":"0"}],"image_override":[{"single_post_thumbnail_size":"crop-500","single_post_gallery_size":"crop-500"}],"trending_post_position":"meta","trending_post_label":"Trending","sponsored_post_label":"Sponsored by","disable_ad":"0","subtitle":"Nina Scheer: Landesregierung steht in Verantwortung f\u00fcr Erhalt des Krankenhauses Geesthacht"},"jnews_primary_category":[],"jnews_social_meta":[],"jnews_override_counter":{"view_counter_number":"0","share_counter_number":"0","like_counter_number":"0","dislike_counter_number":"0"},"jnews_post_split":{"post_split":[{"template":"1","tag":"h2","numbering":"asc","mode":"normal","first":"0","enable_toc":"0","toc_type":"normal"}]},"footnotes":""},"categories":[2625,75],"tags":[249,2981,467,446],"class_list":["post-67711","post","type-post","status-publish","format-standard","has-post-thumbnail","hentry","category-geesthacht","category-gesundheit","tag-geesthacht","tag-johanniter-krankenhaus-geesthacht","tag-nina-scheer","tag-spd"],"_links":{"self":[{"href":"https:\/\/herzogtum-direkt.de\/index.php\/wp-json\/wp\/v2\/posts\/67711","targetHints":{"allow":["GET"]}}],"collection":[{"href":"https:\/\/herzogtum-direkt.de\/index.php\/wp-json\/wp\/v2\/posts"}],"about":[{"href":"https:\/\/herzogtum-direkt.de\/index.php\/wp-json\/wp\/v2\/types\/post"}],"author":[{"embeddable":true,"href":"https:\/\/herzogtum-direkt.de\/index.php\/wp-json\/wp\/v2\/users\/2"}],"replies":[{"embeddable":true,"href":"https:\/\/herzogtum-direkt.de\/index.php\/wp-json\/wp\/v2\/comments?post=67711"}],"version-history":[{"count":1,"href":"https:\/\/herzogtum-direkt.de\/index.php\/wp-json\/wp\/v2\/posts\/67711\/revisions"}],"predecessor-version":[{"id":67712,"href":"https:\/\/herzogtum-direkt.de\/index.php\/wp-json\/wp\/v2\/posts\/67711\/revisions\/67712"}],"wp:featuredmedia":[{"embeddable":true,"href":"https:\/\/herzogtum-direkt.de\/index.php\/wp-json\/wp\/v2\/media\/65916"}],"wp:attachment":[{"href":"https:\/\/herzogtum-direkt.de\/index.php\/wp-json\/wp\/v2\/media?parent=67711"}],"wp:term":[{"taxonomy":"category","embeddable":true,"href":"https:\/\/herzogtum-direkt.de\/index.php\/wp-json\/wp\/v2\/categories?post=67711"},{"taxonomy":"post_tag","embeddable":true,"href":"https:\/\/herzogtum-direkt.de\/index.php\/wp-json\/wp\/v2\/tags?post=67711"}],"curies":[{"name":"wp","href":"https:\/\/api.w.org\/{rel}","templated":true}]}}