{"id":67696,"date":"2024-12-26T06:49:00","date_gmt":"2024-12-26T04:49:00","guid":{"rendered":"https:\/\/herzogtum-direkt.de\/?p=67696"},"modified":"2024-12-23T12:51:32","modified_gmt":"2024-12-23T10:51:32","slug":"orgelkonzert-zu-silvester","status":"publish","type":"post","link":"https:\/\/herzogtum-direkt.de\/index.php\/2024\/12\/26\/orgelkonzert-zu-silvester\/","title":{"rendered":"Orgelkonzert zu Silvester"},"content":{"rendered":"\n<p><strong>M\u00f6lln (pm).<\/strong> Am Dienstag, 31. Dezember 2024 findet in der St. Nicolai-Kirche in M\u00f6lln wieder das traditionelle Konzert zum Jahresausklang statt. Der Beginn der Veranstaltung ist um 19 Uhr.<\/p>\n\n\n<div class=\"wp-block-image\">\n<figure class=\"aligncenter size-full\"><img fetchpriority=\"high\" decoding=\"async\" width=\"1000\" height=\"750\" src=\"https:\/\/herzogtum-direkt.de\/wp-content\/uploads\/2022\/06\/Orgel-Moelln-2022-hfr.jpg\" alt=\"\" class=\"wp-image-41164\" srcset=\"https:\/\/herzogtum-direkt.de\/wp-content\/uploads\/2022\/06\/Orgel-Moelln-2022-hfr.jpg 1000w, https:\/\/herzogtum-direkt.de\/wp-content\/uploads\/2022\/06\/Orgel-Moelln-2022-hfr-300x225.jpg 300w, https:\/\/herzogtum-direkt.de\/wp-content\/uploads\/2022\/06\/Orgel-Moelln-2022-hfr-768x576.jpg 768w, https:\/\/herzogtum-direkt.de\/wp-content\/uploads\/2022\/06\/Orgel-Moelln-2022-hfr-750x563.jpg 750w\" sizes=\"(max-width: 1000px) 100vw, 1000px\" \/><figcaption class=\"wp-element-caption\">Die renovierte Orgel in St. Nicolai in M\u00f6lln. Foto: hfr<\/figcaption><\/figure>\n<\/div>\n\n\n<p>M\u00f6llns Kirchenmusikerin Andrea Battige wird das zu Ende gehende Jahr mit majest\u00e4tischen Kl\u00e4ngen der Scherer-B\u00fcnting-Orgel verabschieden. F\u00fcr das Konzert hat sie weihnachtliche Orgelmusik von Johann Sebastian Bach, Claude Balbastre und J\u00fcrgen Borstelmann sowie Werke von Georg B\u00f6hm und Dietrich Buxtehude ausgesucht, so dass es ein teils besinnlicher und teils festlich \u2013 fulminanter Jahresausklang werden wird.&nbsp;&nbsp;<\/p>\n","protected":false},"excerpt":{"rendered":"<p>M\u00f6lln (pm). Am Dienstag, 31. Dezember 2024 findet in der St. Nicolai-Kirche in M\u00f6lln wieder das traditionelle Konzert zum Jahresausklang statt. Der Beginn der Veranstaltung ist um 19 Uhr. M\u00f6llns Kirchenmusikerin Andrea Battige wird das zu Ende gehende Jahr mit majest\u00e4tischen Kl\u00e4ngen der Scherer-B\u00fcnting-Orgel verabschieden. F\u00fcr das Konzert hat sie weihnachtliche Orgelmusik von Johann Sebastian [&hellip;]<\/p>\n","protected":false},"author":2,"featured_media":46895,"comment_status":"closed","ping_status":"closed","sticky":false,"template":"","format":"standard","meta":{"jnews-multi-image_gallery":[],"jnews_single_post":{"format":"standard"},"jnews_primary_category":[],"jnews_social_meta":[],"jnews_override_counter":[],"jnews_post_split":[],"footnotes":""},"categories":[63,70,66],"tags":[125,133,1162],"class_list":["post-67696","post","type-post","status-publish","format-standard","has-post-thumbnail","hentry","category-herzogtum-lauenburg","category-kultur","category-moelln","tag-konzert","tag-moelln","tag-st-nicolai-kirche"],"_links":{"self":[{"href":"https:\/\/herzogtum-direkt.de\/index.php\/wp-json\/wp\/v2\/posts\/67696","targetHints":{"allow":["GET"]}}],"collection":[{"href":"https:\/\/herzogtum-direkt.de\/index.php\/wp-json\/wp\/v2\/posts"}],"about":[{"href":"https:\/\/herzogtum-direkt.de\/index.php\/wp-json\/wp\/v2\/types\/post"}],"author":[{"embeddable":true,"href":"https:\/\/herzogtum-direkt.de\/index.php\/wp-json\/wp\/v2\/users\/2"}],"replies":[{"embeddable":true,"href":"https:\/\/herzogtum-direkt.de\/index.php\/wp-json\/wp\/v2\/comments?post=67696"}],"version-history":[{"count":1,"href":"https:\/\/herzogtum-direkt.de\/index.php\/wp-json\/wp\/v2\/posts\/67696\/revisions"}],"predecessor-version":[{"id":67697,"href":"https:\/\/herzogtum-direkt.de\/index.php\/wp-json\/wp\/v2\/posts\/67696\/revisions\/67697"}],"wp:featuredmedia":[{"embeddable":true,"href":"https:\/\/herzogtum-direkt.de\/index.php\/wp-json\/wp\/v2\/media\/46895"}],"wp:attachment":[{"href":"https:\/\/herzogtum-direkt.de\/index.php\/wp-json\/wp\/v2\/media?parent=67696"}],"wp:term":[{"taxonomy":"category","embeddable":true,"href":"https:\/\/herzogtum-direkt.de\/index.php\/wp-json\/wp\/v2\/categories?post=67696"},{"taxonomy":"post_tag","embeddable":true,"href":"https:\/\/herzogtum-direkt.de\/index.php\/wp-json\/wp\/v2\/tags?post=67696"}],"curies":[{"name":"wp","href":"https:\/\/api.w.org\/{rel}","templated":true}]}}