{"id":67461,"date":"2024-12-17T11:26:32","date_gmt":"2024-12-17T09:26:32","guid":{"rendered":"https:\/\/herzogtum-direkt.de\/?p=67461"},"modified":"2024-12-18T10:12:45","modified_gmt":"2024-12-18T08:12:45","slug":"jetzt-heisst-es-daumen-druecken","status":"publish","type":"post","link":"https:\/\/herzogtum-direkt.de\/index.php\/2024\/12\/17\/jetzt-heisst-es-daumen-druecken\/","title":{"rendered":"Jetzt hei\u00dft es Daumen dr\u00fccken!"},"content":{"rendered":"\n<p><strong>M\u00f6lln (pm).<\/strong> &#8222;Geschafft&#8230; !&#8220; Barbara Kliesch, Vizepr\u00e4sidentin der Stiftung Herzogtum Lauenburg strahlt vor Freude und Aufregung, immerhin ist ein wichtiger Schritt abgeschlossen und jetzt geht es in eine ganz hei\u00dfe Phase des wohl gr\u00f6\u00dften Projektes der vergangenen Jahre. <\/p>\n\n\n\n<p>Klar, dass auch Pr\u00e4sident Klaus Schlie so kurz vor Weihnachten auf einen Erfolg im neuen Jahr hofft: &#8222;Jetzt hei\u00dft es, ganz fest die Daumen zu dr\u00fccken, um zu den ausgew\u00e4hlten Projekttr\u00e4gern von Aller.Land zu geh\u00f6ren!\u201c Dr. Anke M\u00fchrenberg, die f\u00fcr Aller.Land f\u00fcr den Kreis verantwortlich zeichnet, ist zufrieden: \u201eWir haben in den vergangenen Wochen und Monaten hart an dem Konzept gearbeitet, immer wieder abgewogen, was machbar ist und was nicht. Nun hoffen wir nat\u00fcrlich, dass unser Kreis zu den letztendlich ausgew\u00e4hlten Kreisen geh\u00f6rt.\u201c <\/p>\n\n\n\n<p>Das mit Bundesmitteln gef\u00f6rderte Beteiligungs-Projekt Aller.Land soll durch geeignete Ma\u00dfnahmen Menschen jeden Alters in l\u00e4ndlichen Regionen ansprechen, um sie zur kulturellen Teilhabe zu begeistern, zu inspirieren und &#8222;hinter dem Ofen hervorzulocken&#8220; &#8211; kurz gesagt &#8222;zu motivieren, sich bei kulturellen Projekten und Veranstaltungen selbst einzubringen und nicht nur als Gast dabei zu sein&#8220;, erl\u00e4utert Barbara Kliesch. So w\u00fcrden neue Symbiosen zwischen verschiedenen Einzelpersonen, Institutionen oder auch Vereinen entstehen, die sich kulturell in unterschiedlichster Art erg\u00e4nzen k\u00f6nnten. &#8222;Mit kreativen Ans\u00e4tzen, Workshops im Rahmen einer Ideenwerkstatt und einer kreisweiten Kartenaktion wurden weitere Bausteine zusammengetragen&#8220;, erz\u00e4hlt die Projektleiterin und Aller.Land-Expertin der Stiftung Herzogtum Lauenburg, Gudrun Neuper. <\/p>\n\n\n\n<p>&#8222;W\u00e4hrend in der Entwicklungsphase bundesweit insgesamt 96 Institutionen als Tr\u00e4ger des F\u00f6rderprogramms Aller.Land, das Teil des Bundesprogramms BULEplus (Bundesprogramm L\u00e4ndliche Entwicklung und Regionale Wertsch\u00f6pfung) ist, ber\u00fccksichtigt wurden, werden f\u00fcr die f\u00fcnfj\u00e4hrige Umsetzungsphase davon 30 Projekte ausgew\u00e4hlt und erhalten F\u00f6rdergelder.&#8220; Der erste Schritt, die Abgabe des Antrags f\u00fcr die Umsetzungsphase, sei nun abgeschlossen, freut sich Gudrun Neuper. Daf\u00fcr wurden verschiedene innovative und kreative Vorhaben zusammengestellt. \u201eDiese werden hinsichtlich der Mach- und Umsetzbarkeit gegen\u00fcber einer kritischen Jury dargelegt\u201c, so Barbara Kliesch. \u201eWir gehen mit dem Titel \u201aKultur verbindet &#8211; unser Herzogtum in Bewegung\u2018 ins Rennen.\u201c Die Jury wird im ersten Quartal des neuen Jahres ins Herzogtum kommen, um sich pers\u00f6nlich einen Eindruck zu verschaffen und einen Blick hinter die Kulissen zu werfen. <\/p>\n\n\n\n<p>Der Austausch mit den Akteuren zuk\u00fcnftiger partizipativer Veranstaltungen und die Erfahrungen vor Ort werden zus\u00e4tzlich in die Beurteilung einflie\u00dfen. Mit einer Entscheidung zum Programm Aller.Land ist Mitte 2025 zu rechnen. <\/p>\n","protected":false},"excerpt":{"rendered":"<p>M\u00f6lln (pm). &#8222;Geschafft&#8230; !&#8220; Barbara Kliesch, Vizepr\u00e4sidentin der Stiftung Herzogtum Lauenburg strahlt vor Freude und Aufregung, immerhin ist ein wichtiger Schritt abgeschlossen und jetzt geht es in eine ganz hei\u00dfe Phase des wohl gr\u00f6\u00dften Projektes der vergangenen Jahre. Klar, dass auch Pr\u00e4sident Klaus Schlie so kurz vor Weihnachten auf einen Erfolg im neuen Jahr hofft: [&hellip;]<\/p>\n","protected":false},"author":2,"featured_media":67462,"comment_status":"closed","ping_status":"closed","sticky":false,"template":"","format":"standard","meta":{"jnews-multi-image_gallery":[],"jnews_single_post":{"format":"standard","override":[{"template":"1","parallax":"1","fullscreen":"1","layout":"right-sidebar","sidebar":"default-sidebar","second_sidebar":"default-sidebar","sticky_sidebar":"1","share_position":"top","share_float_style":"share-monocrhome","show_view_counter":"1","show_featured":"1","show_post_meta":"1","show_post_author":"1","show_post_author_image":"1","show_post_date":"1","post_date_format":"default","post_date_format_custom":"Y\/m\/d","post_reading_time_wpm":"300","post_calculate_word_method":"str_word_count","show_zoom_button":"0","zoom_button_out_step":"2","zoom_button_in_step":"3","show_post_tag":"1","show_popup_post":"1","number_popup_post":"1","show_author_box":"1","show_post_related":"1","show_inline_post_related":"0"}],"image_override":[{"single_post_thumbnail_size":"crop-500","single_post_gallery_size":"crop-500"}],"trending_post_position":"meta","trending_post_label":"Trending","sponsored_post_label":"Sponsored by","disable_ad":"0","subtitle":"Antrag f\u00fcr Beteiligungs-Projekt Aller.Land abgegeben"},"jnews_primary_category":[],"jnews_social_meta":[],"jnews_override_counter":{"view_counter_number":"0","share_counter_number":"0","like_counter_number":"0","dislike_counter_number":"0"},"jnews_post_split":{"post_split":[{"template":"1","tag":"h2","numbering":"asc","mode":"normal","first":"0","enable_toc":"0","toc_type":"normal"}]},"footnotes":""},"categories":[70,2],"tags":[752],"class_list":["post-67461","post","type-post","status-publish","format-standard","has-post-thumbnail","hentry","category-kultur","category-startseite","tag-stiftung-herzogtum-lauenburg"],"_links":{"self":[{"href":"https:\/\/herzogtum-direkt.de\/index.php\/wp-json\/wp\/v2\/posts\/67461","targetHints":{"allow":["GET"]}}],"collection":[{"href":"https:\/\/herzogtum-direkt.de\/index.php\/wp-json\/wp\/v2\/posts"}],"about":[{"href":"https:\/\/herzogtum-direkt.de\/index.php\/wp-json\/wp\/v2\/types\/post"}],"author":[{"embeddable":true,"href":"https:\/\/herzogtum-direkt.de\/index.php\/wp-json\/wp\/v2\/users\/2"}],"replies":[{"embeddable":true,"href":"https:\/\/herzogtum-direkt.de\/index.php\/wp-json\/wp\/v2\/comments?post=67461"}],"version-history":[{"count":1,"href":"https:\/\/herzogtum-direkt.de\/index.php\/wp-json\/wp\/v2\/posts\/67461\/revisions"}],"predecessor-version":[{"id":67463,"href":"https:\/\/herzogtum-direkt.de\/index.php\/wp-json\/wp\/v2\/posts\/67461\/revisions\/67463"}],"wp:featuredmedia":[{"embeddable":true,"href":"https:\/\/herzogtum-direkt.de\/index.php\/wp-json\/wp\/v2\/media\/67462"}],"wp:attachment":[{"href":"https:\/\/herzogtum-direkt.de\/index.php\/wp-json\/wp\/v2\/media?parent=67461"}],"wp:term":[{"taxonomy":"category","embeddable":true,"href":"https:\/\/herzogtum-direkt.de\/index.php\/wp-json\/wp\/v2\/categories?post=67461"},{"taxonomy":"post_tag","embeddable":true,"href":"https:\/\/herzogtum-direkt.de\/index.php\/wp-json\/wp\/v2\/tags?post=67461"}],"curies":[{"name":"wp","href":"https:\/\/api.w.org\/{rel}","templated":true}]}}