{"id":67327,"date":"2024-12-12T10:23:18","date_gmt":"2024-12-12T08:23:18","guid":{"rendered":"https:\/\/herzogtum-direkt.de\/?p=67327"},"modified":"2024-12-12T10:23:18","modified_gmt":"2024-12-12T08:23:18","slug":"engagierte-stadt-war-thema-beim-parlamentarischen-abend-der-stadt-ratzeburg","status":"publish","type":"post","link":"https:\/\/herzogtum-direkt.de\/index.php\/2024\/12\/12\/engagierte-stadt-war-thema-beim-parlamentarischen-abend-der-stadt-ratzeburg\/","title":{"rendered":"\u201aEngagierte Stadt\u2018 war Thema beim parlamentarischen Abend der Stadt Ratzeburg"},"content":{"rendered":"\n<p><strong>Ratzeburg (pm). <\/strong>Auf ihrem diesj\u00e4hrigen parlamentarischen Abend Anfang November haben sich Ratzeburger Stadtvertreterinnen und Stadtvertreter einen Eindruck von der aktuellen Arbeit des bundesweiten Netzwerks &#8222;Engagierte Stadt&#8220; machen k\u00f6nnen. Andreas Grau, Seniorexpert des Zentrums f\u00fcr Nachhaltige Kommunen bei der Bertelsmann Stiftung, skizzierte in einem Vortrag in der Ratzeburger Stadtb\u00fccherei die Ziele und Aufgaben des Netzwerkes und begr\u00fcndete die Motivation der Bertelsmann Stiftung, Kommunen durch einen vernetzten und kooperativen Ansatz st\u00e4rken zu wollen.<\/p>\n\n\n\n<p>Er verwies dabei auf j\u00fcngste Studien der Bertelsmann Stiftung, in denen durchaus besorgniserregend eine Erosion des gesellschaftlichen Zusammenhalts nachgewiesen wurde. Diese Erosion begr\u00fcndet sich vor allem in einem wachsenden Vertrauensverlust in die Funktionsf\u00e4higkeit des Staates, aber auch in einem gef\u00fchlten Identit\u00e4tsverlust vieler Menschen. Hier komme, so Andreas Grau, gerade den Kommunen eine besondere Verantwortung zu. Sie gestalten ganz ma\u00dfgeblich die Lebensrealit\u00e4t und den Alltag von Menschen. In ihnen entscheidet sich, ob der Staat als funktionsf\u00e4hig wahrgenommen wird und ob es ein Gef\u00fchl von Zugeh\u00f6rigkeit gibt. &#8222;Genau deshalb engagiert sich die Bertelsmann Stiftung seit 2015 im und f\u00fcr das bundesweite Netzwerk &#8218;Engagierte Stadt&#8216;, mit dem Ziel, bleibende Engagement-Landschaften in mehr als 100 ausgew\u00e4hlten St\u00e4dten und Gemeinden Deutschlands aufzubauen. Es ist eine strategische Arbeit am gesellschaftlichen Zusammenhalt, die wissenschaftlich belegt, Fr\u00fcchte tr\u00e4gt&#8220;, sagte Andreas Grau. Kommunale Verantwortungstr\u00e4ger und engagierte B\u00fcrger finden in Engagement-Landschaft zusammen und b\u00fcndeln ihre Kr\u00e4fte zielgerichtet und abgestimmt zum Wohle der kommunalen Entwicklung und aller Menschen in ihren Kommunen.<\/p>\n\n\n<div class=\"wp-block-image\">\n<figure class=\"aligncenter size-full\"><img fetchpriority=\"high\" decoding=\"async\" width=\"1000\" height=\"667\" src=\"https:\/\/herzogtum-direkt.de\/wp-content\/uploads\/2024\/12\/Engagierte-Stadt-Ratzeburg-2024.jpg\" alt=\"\" class=\"wp-image-67329\" srcset=\"https:\/\/herzogtum-direkt.de\/wp-content\/uploads\/2024\/12\/Engagierte-Stadt-Ratzeburg-2024.jpg 1000w, https:\/\/herzogtum-direkt.de\/wp-content\/uploads\/2024\/12\/Engagierte-Stadt-Ratzeburg-2024-300x200.jpg 300w, https:\/\/herzogtum-direkt.de\/wp-content\/uploads\/2024\/12\/Engagierte-Stadt-Ratzeburg-2024-768x512.jpg 768w, https:\/\/herzogtum-direkt.de\/wp-content\/uploads\/2024\/12\/Engagierte-Stadt-Ratzeburg-2024-750x500.jpg 750w\" sizes=\"(max-width: 1000px) 100vw, 1000px\" \/><figcaption class=\"wp-element-caption\">Treffen der (Ober)B\u00fcrgermeisterInnen der &#8218;Engagierten St\u00e4dte&#8216; am 6. November 2024 in Offenbach. Foto: Jonas Reuter, hfr<\/figcaption><\/figure>\n<\/div>\n\n\n<p>Die Stadt Ratzeburg war zu Jahresbeginn als &#8222;Engagierte Stadt&#8220; in dieses Netzwerk aufgenommen worden, nachdem sie erfolgreich ein Bewerbungsverfahren mit den Themen &#8222;Demografische Stadtplanung&#8220; und &#8222;Innenstadtentwicklung&#8220; durchlaufen hatte und einen einstimmigen Beschluss der Stadtvertretung f\u00fcr die Bewerbung vorweisen konnte. Inzwischen haben sich bereits erste wichtige Impulse aus dieser Netzwerkarbeit ergeben. So konnte sich Ratzeburg als &#8222;Engagierte Stadt&#8220; eine Landesf\u00f6rderung zur Unterst\u00fctzung von ehrenamtlichen Strukturen im kommunalen Raum sichern. Anfang November nahm Ratzeburgs B\u00fcrgermeister Eckhard Graf erstmalig am &#8222;Treffen der (Ober)B\u00fcrgermeisterInnen der Engagierten St\u00e4dte&#8220; im Stadion am Bieberer Berg in Offenbach teil. Dort wurden gemeinschaftlich zentrale Themen rund um b\u00fcrgerschaftliches Engagement in den Kommunen er\u00f6rtert. Unter dem Motto &#8222;Gemeinsam f\u00fcr ein starkes Engagement&#8220; stand die Veranstaltung ganz im Zeichen von Engagement und B\u00fcrgerbeteiligung, nachhaltiger Stadtentwicklung und der St\u00e4rkung demokratischer Prozesse. Es wurden erfolgreiche Beispiele der Zusammenarbeit von verschiedenen Akteuren aus Zivilgesellschaft, Verwaltung, Wirtschaft und Wissenschaft vorgestellt.<\/p>\n\n\n\n<p>F\u00fcr viele Stadtvertreterinnen und Stadtvertreter vertiefte sich durch den Vortrag von Andreas Grau das Potenzial des bundesweiten Netzwerks &#8222;Engagierte Stadt&#8220; bei der Bew\u00e4ltigung aktueller und zuk\u00fcnftiger Herausforderungen f\u00fcr den gesellschaftlichen Zusammenhalt und f\u00fcr das Gedeihen einer engagierten Stadtgesellschaft.<\/p>\n","protected":false},"excerpt":{"rendered":"<p>Ratzeburg (pm). Auf ihrem diesj\u00e4hrigen parlamentarischen Abend Anfang November haben sich Ratzeburger Stadtvertreterinnen und Stadtvertreter einen Eindruck von der aktuellen Arbeit des bundesweiten Netzwerks &#8222;Engagierte Stadt&#8220; machen k\u00f6nnen. Andreas Grau, Seniorexpert des Zentrums f\u00fcr Nachhaltige Kommunen bei der Bertelsmann Stiftung, skizzierte in einem Vortrag in der Ratzeburger Stadtb\u00fccherei die Ziele und Aufgaben des Netzwerkes und [&hellip;]<\/p>\n","protected":false},"author":2,"featured_media":67328,"comment_status":"closed","ping_status":"closed","sticky":false,"template":"","format":"standard","meta":{"jnews-multi-image_gallery":[],"jnews_single_post":[],"jnews_primary_category":[],"jnews_social_meta":[],"jnews_override_counter":[],"jnews_post_split":[],"footnotes":""},"categories":[63,64],"tags":[3919,2231,3384,114],"class_list":["post-67327","post","type-post","status-publish","format-standard","has-post-thumbnail","hentry","category-herzogtum-lauenburg","category-ratzeburg","tag-engagierte-stadt","tag-kommunalpolitik","tag-kommunalverwaltung","tag-ratzeburg"],"_links":{"self":[{"href":"https:\/\/herzogtum-direkt.de\/index.php\/wp-json\/wp\/v2\/posts\/67327","targetHints":{"allow":["GET"]}}],"collection":[{"href":"https:\/\/herzogtum-direkt.de\/index.php\/wp-json\/wp\/v2\/posts"}],"about":[{"href":"https:\/\/herzogtum-direkt.de\/index.php\/wp-json\/wp\/v2\/types\/post"}],"author":[{"embeddable":true,"href":"https:\/\/herzogtum-direkt.de\/index.php\/wp-json\/wp\/v2\/users\/2"}],"replies":[{"embeddable":true,"href":"https:\/\/herzogtum-direkt.de\/index.php\/wp-json\/wp\/v2\/comments?post=67327"}],"version-history":[{"count":1,"href":"https:\/\/herzogtum-direkt.de\/index.php\/wp-json\/wp\/v2\/posts\/67327\/revisions"}],"predecessor-version":[{"id":67330,"href":"https:\/\/herzogtum-direkt.de\/index.php\/wp-json\/wp\/v2\/posts\/67327\/revisions\/67330"}],"wp:featuredmedia":[{"embeddable":true,"href":"https:\/\/herzogtum-direkt.de\/index.php\/wp-json\/wp\/v2\/media\/67328"}],"wp:attachment":[{"href":"https:\/\/herzogtum-direkt.de\/index.php\/wp-json\/wp\/v2\/media?parent=67327"}],"wp:term":[{"taxonomy":"category","embeddable":true,"href":"https:\/\/herzogtum-direkt.de\/index.php\/wp-json\/wp\/v2\/categories?post=67327"},{"taxonomy":"post_tag","embeddable":true,"href":"https:\/\/herzogtum-direkt.de\/index.php\/wp-json\/wp\/v2\/tags?post=67327"}],"curies":[{"name":"wp","href":"https:\/\/api.w.org\/{rel}","templated":true}]}}