{"id":67190,"date":"2024-12-07T06:45:00","date_gmt":"2024-12-07T04:45:00","guid":{"rendered":"https:\/\/herzogtum-direkt.de\/?p=67190"},"modified":"2024-12-06T13:48:10","modified_gmt":"2024-12-06T11:48:10","slug":"kinderschutzbund-freut-sich-ueber-rekordspende","status":"publish","type":"post","link":"https:\/\/herzogtum-direkt.de\/index.php\/2024\/12\/07\/kinderschutzbund-freut-sich-ueber-rekordspende\/","title":{"rendered":"Kinderschutzbund freut sich \u00fcber Rekordspende"},"content":{"rendered":"\n<p><strong>Ratzeburg (pm).<\/strong> Anl\u00e4sslich der diesj\u00e4hrigen Weihnachtsfeier der Ratzeburger SPD fand traditionell die \u00dcbergabe des Erl\u00f6ses aus dem Pflanzenflohmarkt vom 3. Oktober 2024 statt. Erstmals konnte ein vierstelliger Betrag \u00fcbergeben werden.<\/p>\n\n\n\n<p>\u201eSage und schreibe 1.100 Euro kamen in diesem Jahr zusammen\u201c, freuen Sich die Veranstaltenden. Gustaf Dreier, Vorsitzender des Kinderschutzbundes Herzogtum Lauenburg, freute sich \u00fcber die Spende. \u201eDas Geld k\u00f6nnen wir f\u00fcr unsere vielf\u00e4ltigen Aufgaben sehr gut gebrauchen,\u201c so seine Worte. Am Tag des Pflanzenflohmarktes selbst war die Organisation vor Ort vertreten, bot den Kindern ein \u201eKinderschminken\u201c an und warb mit interessantem Informationsmaterial f\u00fcr ihre Kinderlobbyarbeit.<\/p>\n\n\n\n<p>\u201eWir nehmen dieses gro\u00dfartige Ergebnis als Motivation, unsere mittlerweile seit Jahrzehnten etablierte Veranstaltung f\u00fcr den guten Zweck auch k\u00fcnftig durchzuf\u00fchren,\u201c so Erika Maeder und Dennis Haase, die beiden Vorsitzenden des SPD Ortsvereins Ratzeburg und Umgebung.<\/p>\n\n\n\n<p><\/p>\n","protected":false},"excerpt":{"rendered":"<p>Ratzeburg (pm). Anl\u00e4sslich der diesj\u00e4hrigen Weihnachtsfeier der Ratzeburger SPD fand traditionell die \u00dcbergabe des Erl\u00f6ses aus dem Pflanzenflohmarkt vom 3. Oktober 2024 statt. Erstmals konnte ein vierstelliger Betrag \u00fcbergeben werden. \u201eSage und schreibe 1.100 Euro kamen in diesem Jahr zusammen\u201c, freuen Sich die Veranstaltenden. Gustaf Dreier, Vorsitzender des Kinderschutzbundes Herzogtum Lauenburg, freute sich \u00fcber die [&hellip;]<\/p>\n","protected":false},"author":2,"featured_media":67191,"comment_status":"closed","ping_status":"closed","sticky":false,"template":"","format":"standard","meta":{"jnews-multi-image_gallery":[],"jnews_single_post":[],"jnews_primary_category":[],"jnews_social_meta":[],"jnews_override_counter":[],"jnews_post_split":[],"footnotes":""},"categories":[63,64,2],"tags":[848,114,732,3304],"class_list":["post-67190","post","type-post","status-publish","format-standard","has-post-thumbnail","hentry","category-herzogtum-lauenburg","category-ratzeburg","category-startseite","tag-kinderschutzbund","tag-ratzeburg","tag-spd-ratzeburg","tag-spenden"],"_links":{"self":[{"href":"https:\/\/herzogtum-direkt.de\/index.php\/wp-json\/wp\/v2\/posts\/67190","targetHints":{"allow":["GET"]}}],"collection":[{"href":"https:\/\/herzogtum-direkt.de\/index.php\/wp-json\/wp\/v2\/posts"}],"about":[{"href":"https:\/\/herzogtum-direkt.de\/index.php\/wp-json\/wp\/v2\/types\/post"}],"author":[{"embeddable":true,"href":"https:\/\/herzogtum-direkt.de\/index.php\/wp-json\/wp\/v2\/users\/2"}],"replies":[{"embeddable":true,"href":"https:\/\/herzogtum-direkt.de\/index.php\/wp-json\/wp\/v2\/comments?post=67190"}],"version-history":[{"count":1,"href":"https:\/\/herzogtum-direkt.de\/index.php\/wp-json\/wp\/v2\/posts\/67190\/revisions"}],"predecessor-version":[{"id":67192,"href":"https:\/\/herzogtum-direkt.de\/index.php\/wp-json\/wp\/v2\/posts\/67190\/revisions\/67192"}],"wp:featuredmedia":[{"embeddable":true,"href":"https:\/\/herzogtum-direkt.de\/index.php\/wp-json\/wp\/v2\/media\/67191"}],"wp:attachment":[{"href":"https:\/\/herzogtum-direkt.de\/index.php\/wp-json\/wp\/v2\/media?parent=67190"}],"wp:term":[{"taxonomy":"category","embeddable":true,"href":"https:\/\/herzogtum-direkt.de\/index.php\/wp-json\/wp\/v2\/categories?post=67190"},{"taxonomy":"post_tag","embeddable":true,"href":"https:\/\/herzogtum-direkt.de\/index.php\/wp-json\/wp\/v2\/tags?post=67190"}],"curies":[{"name":"wp","href":"https:\/\/api.w.org\/{rel}","templated":true}]}}