{"id":66628,"date":"2024-11-18T11:28:15","date_gmt":"2024-11-18T09:28:15","guid":{"rendered":"https:\/\/herzogtum-direkt.de\/?p=66628"},"modified":"2024-11-22T11:15:11","modified_gmt":"2024-11-22T09:15:11","slug":"ratzeburg-vom-ende-des-zweiten-weltkriegs-bis-zur-gruendung-der-bundesrepublik","status":"publish","type":"post","link":"https:\/\/herzogtum-direkt.de\/index.php\/2024\/11\/18\/ratzeburg-vom-ende-des-zweiten-weltkriegs-bis-zur-gruendung-der-bundesrepublik\/","title":{"rendered":"Ratzeburg vom Ende des Zweiten Weltkriegs bis zur Gr\u00fcndung der Bundesrepublik"},"content":{"rendered":"\n<p><strong>Ratzeburg (pm). <\/strong>&#8222;Experten vor Ort&#8220; referieren f\u00fcr &#8222;Interessierte vor Ort&#8220; &#8211; so l\u00e4sst sich das erfolgreiche Konzept der Dienstags-Vortr\u00e4ge der Ratzeburger Volkshochschule und Umland beschreiben, das sich in vielen Jahren einen treuen Publikumsstamm erarbeitet hat. Das Vortragsspektrum reicht dabei von kulturellen Themen aus Kunst oder Musik \u00fcber Naturwissenschaftliches und Anthropologisches bis hin zu geschichtlichen Schwerpunkten mit kulturhistorischen oder arch\u00e4ologischen Inhalten.<\/p>\n\n\n\n<p>Am Dienstag, 26. November 2024 um 19 Uhr wird Stadtarchivar Christian Lopau Im Ratssaal des Ratzeburger Rathauses \u00fcber Ratzeburg in der Zeit vom Ende des Zweiten Weltkriegs bis zur Gr\u00fcndung der Bundesrepublik referieren. Der Eintritt ist frei. Die Veranstaltung ist barrierefrei zu erreichen.<\/p>\n\n\n\n<p>Mit der Besetzung durch britische Truppen am 2. Mai 1945 endeten f\u00fcr die Stadt Ratzeburg der Zweite Weltkrieg und die nationalsozialistische Herrschaft. Die Stadt hatte den Krieg unzerst\u00f6rt \u00fcberstanden, aber durch die Aufnahme von Evakuierten, Fl\u00fcchtlingen und Vertriebenen hatte sich die Zahl der Einwohner in k\u00fcrzester Zeit mehr als verdoppelt. Zudem lag die Stadt nun in unmittelbarer N\u00e4he des &#8222;Eisernen Vorhangs&#8220;. Stadtarchivar Christian Lopau berichtet in seinem Vortrag, wie die Verantwortlichen in den Jahren 1945 bis 1949 auf die Herausforderungen dieser schwierigen Zeit reagierten.<\/p>\n","protected":false},"excerpt":{"rendered":"<p>Ratzeburg (pm). &#8222;Experten vor Ort&#8220; referieren f\u00fcr &#8222;Interessierte vor Ort&#8220; &#8211; so l\u00e4sst sich das erfolgreiche Konzept der Dienstags-Vortr\u00e4ge der Ratzeburger Volkshochschule und Umland beschreiben, das sich in vielen Jahren einen treuen Publikumsstamm erarbeitet hat. Das Vortragsspektrum reicht dabei von kulturellen Themen aus Kunst oder Musik \u00fcber Naturwissenschaftliches und Anthropologisches bis hin zu geschichtlichen Schwerpunkten [&hellip;]<\/p>\n","protected":false},"author":2,"featured_media":4369,"comment_status":"closed","ping_status":"closed","sticky":false,"template":"","format":"standard","meta":{"jnews-multi-image_gallery":[],"jnews_single_post":{"format":"standard","override":[{"template":"1","parallax":"1","fullscreen":"1","layout":"right-sidebar","sidebar":"default-sidebar","second_sidebar":"default-sidebar","sticky_sidebar":"1","share_position":"top","share_float_style":"share-monocrhome","show_view_counter":"1","show_featured":"1","show_post_meta":"1","show_post_author":"1","show_post_author_image":"1","show_post_date":"1","post_date_format":"default","post_date_format_custom":"Y\/m\/d","post_reading_time_wpm":"300","post_calculate_word_method":"str_word_count","show_zoom_button":"0","zoom_button_out_step":"2","zoom_button_in_step":"3","show_post_tag":"1","show_popup_post":"1","number_popup_post":"1","show_author_box":"1","show_post_related":"1","show_inline_post_related":"0"}],"image_override":[{"single_post_thumbnail_size":"crop-500","single_post_gallery_size":"crop-500"}],"trending_post_position":"meta","trending_post_label":"Trending","sponsored_post_label":"Sponsored by","disable_ad":"0","subtitle":"Dienstagsvortrag der Ratzeburger Volkshochschule"},"jnews_primary_category":[],"jnews_social_meta":[],"jnews_override_counter":{"view_counter_number":"0","share_counter_number":"0","like_counter_number":"0","dislike_counter_number":"0"},"jnews_post_split":{"post_split":[{"template":"1","tag":"h2","numbering":"asc","mode":"normal","first":"0","enable_toc":"0","toc_type":"normal"}]},"footnotes":""},"categories":[63,64],"tags":[910,114,3233,170],"class_list":["post-66628","post","type-post","status-publish","format-standard","has-post-thumbnail","hentry","category-herzogtum-lauenburg","category-ratzeburg","tag-geschichte","tag-ratzeburg","tag-volkshochschule-ratzeburg","tag-vortrag"],"_links":{"self":[{"href":"https:\/\/herzogtum-direkt.de\/index.php\/wp-json\/wp\/v2\/posts\/66628","targetHints":{"allow":["GET"]}}],"collection":[{"href":"https:\/\/herzogtum-direkt.de\/index.php\/wp-json\/wp\/v2\/posts"}],"about":[{"href":"https:\/\/herzogtum-direkt.de\/index.php\/wp-json\/wp\/v2\/types\/post"}],"author":[{"embeddable":true,"href":"https:\/\/herzogtum-direkt.de\/index.php\/wp-json\/wp\/v2\/users\/2"}],"replies":[{"embeddable":true,"href":"https:\/\/herzogtum-direkt.de\/index.php\/wp-json\/wp\/v2\/comments?post=66628"}],"version-history":[{"count":2,"href":"https:\/\/herzogtum-direkt.de\/index.php\/wp-json\/wp\/v2\/posts\/66628\/revisions"}],"predecessor-version":[{"id":66774,"href":"https:\/\/herzogtum-direkt.de\/index.php\/wp-json\/wp\/v2\/posts\/66628\/revisions\/66774"}],"wp:featuredmedia":[{"embeddable":true,"href":"https:\/\/herzogtum-direkt.de\/index.php\/wp-json\/wp\/v2\/media\/4369"}],"wp:attachment":[{"href":"https:\/\/herzogtum-direkt.de\/index.php\/wp-json\/wp\/v2\/media?parent=66628"}],"wp:term":[{"taxonomy":"category","embeddable":true,"href":"https:\/\/herzogtum-direkt.de\/index.php\/wp-json\/wp\/v2\/categories?post=66628"},{"taxonomy":"post_tag","embeddable":true,"href":"https:\/\/herzogtum-direkt.de\/index.php\/wp-json\/wp\/v2\/tags?post=66628"}],"curies":[{"name":"wp","href":"https:\/\/api.w.org\/{rel}","templated":true}]}}