{"id":6640,"date":"2018-09-01T12:42:59","date_gmt":"2018-09-01T10:42:59","guid":{"rendered":"https:\/\/herzogtum-direkt.de\/?p=6640"},"modified":"2018-09-03T09:25:03","modified_gmt":"2018-09-03T07:25:03","slug":"altstadtfest-2018-moelln-in-feucht-froehlicher-feierlaune","status":"publish","type":"post","link":"https:\/\/herzogtum-direkt.de\/index.php\/2018\/09\/01\/altstadtfest-2018-moelln-in-feucht-froehlicher-feierlaune\/","title":{"rendered":"Altstadtfest 2018: M\u00f6lln in feucht-fr\u00f6hlicher Feierlaune"},"content":{"rendered":"<p><strong>M\u00f6lln (aa).<\/strong> Das M\u00f6llner Altstadtfest 2018 ist er\u00f6ffnet. Am Freitagabend (31. August) gab B\u00fcrgermeister Jan Wiegels den offiziellen Startschuss f\u00fcr die dreit\u00e4gigen Feierlichkeiten.<\/p>\n<p>Nach dem Aufmarsch der M\u00f6llner Sch\u00fctzengilde und bevor der B\u00fcrgermeister das Mikrofon zur Hand nahm, war es erst noch an Till Eulenspiegel das Wort an alle Anwesenden zu richten. M\u00f6llns hauptamtlicher Narr ist nun genau seit einem Jahr in Amt und W\u00fcrden. So bedankte er sich bei den M\u00f6llnern f\u00fcr die freundliche und offene Aufnahme. Er f\u00fchle, dass er jetzt angekommen sei. Zudem gab er allen eine Botschaft mit auf den Weg: \u201eNarren sind bunt und nicht braun. Wir sind alle Narren!\u201c Tills komplette Ansprache sehen Sie <a href=\"https:\/\/2021.herzogtum-direkt.de\/index.php\/2018\/09\/01\/narren-sind-bunt-und-nicht-braun\/\" target=\"_blank\" rel=\"noopener\"><strong>hier<\/strong><\/a>.<\/p>\n<p>Auch B\u00fcrgermeister Wiegels attestierte Till, dass er sich in den vergangenen 365 Tagen \u201ebravour\u00f6s geschlagen\u201c habe. Weiter gab er eine Zusammenfassung, was das Altstadtfest 2018 alles zu bieten hat. Das komplette Programm finden Sie <a href=\"https:\/\/2021.herzogtum-direkt.de\/index.php\/2018\/08\/27\/musik-moellner-lauke-riesenflohmarkt-rennende-menschen-und-renn-enten-viel-programm-zum-moellner-altstadtfest-2018\/\"><strong>hier<\/strong><\/a>.<\/p>\n<p>Schlie\u00dflich kam es zum traditionellen Austausch von Nicklichkeiten beziehungsweise Geschenken zwischen M\u00f6lln und Ratzeburg. Hier war dieses Mal Ratzeburgs B\u00fcrgermeister Rainer Vo\u00df als \u201eKombattant\u201c zur Stelle. B\u00fcrgervorsteher Ottfried Feu\u00dfner konnte erstmals aufgrund privater Verpflichtungen nicht teilnehmen.<\/p>\n<p>Was Jan Wiegels f\u00fcr seinen Amtskollegen vorbereitet hatte, sehen Sie im folgenden Video:<\/p>\n<div class=\"brlbs-cmpnt-container brlbs-cmpnt-content-blocker brlbs-cmpnt-with-individual-styles\" data-borlabs-cookie-content-blocker-id=\"youtube-content-blocker\" data-borlabs-cookie-content=\"PGlmcmFtZSBzcmM9Imh0dHBzOi8vd3d3LnlvdXR1YmUtbm9jb29raWUuY29tL2VtYmVkL0RPekZqdFh1VEFFIiB3aWR0aD0iNjQwIiBoZWlnaHQ9IjM2MCIgZnJhbWVib3JkZXI9IjAiIGFsbG93ZnVsbHNjcmVlbj0iYWxsb3dmdWxsc2NyZWVuIj48L2lmcmFtZT4=\">\n<div class=\"brlbs-cmpnt-cb-preset-c brlbs-cmpnt-cb-youtube\">\n<div class=\"brlbs-cmpnt-cb-thumbnail\" style=\"background-image: url('https:\/\/herzogtum-direkt.de\/wp-content\/uploads\/borlabs-cookie\/1\/yt_DOzFjtXuTAE_hqdefault.jpg')\"><\/div>\n<div class=\"brlbs-cmpnt-cb-main\">\n<div class=\"brlbs-cmpnt-cb-play-button\"><\/div>\n<div class=\"brlbs-cmpnt-cb-content\">\n<p class=\"brlbs-cmpnt-cb-description\">Sie sehen gerade einen Platzhalterinhalt von <strong>YouTube<\/strong>. Um auf den eigentlichen Inhalt zuzugreifen, klicken Sie auf die Schaltfl\u00e4che unten. Bitte beachten Sie, dass dabei Daten an Drittanbieter weitergegeben werden.<\/p>\n<p> <a class=\"brlbs-cmpnt-cb-provider-toggle\" href=\"#\" data-borlabs-cookie-show-provider-information role=\"button\">Mehr Informationen<\/a> <\/div>\n<div class=\"brlbs-cmpnt-cb-buttons\"> <a class=\"brlbs-cmpnt-cb-btn\" href=\"#\" data-borlabs-cookie-unblock role=\"button\">Inhalt entsperren<\/a> <a class=\"brlbs-cmpnt-cb-btn\" href=\"#\" data-borlabs-cookie-accept-service role=\"button\" style=\"display: inherit\">Erforderlichen Service akzeptieren und Inhalte entsperren<\/a> <\/div><\/div><\/div>\n<\/div>\n<p>Die Retourkutsche von Rainer Vo\u00df folgte auf der Stelle. Was der Ratzeburger B\u00fcrgermeister aus seiner Tasche zauberte, sehen Sie hier:<\/p>\n<div class=\"brlbs-cmpnt-container brlbs-cmpnt-content-blocker brlbs-cmpnt-with-individual-styles\" data-borlabs-cookie-content-blocker-id=\"youtube-content-blocker\" data-borlabs-cookie-content=\"PGlmcmFtZSBzcmM9Imh0dHBzOi8vd3d3LnlvdXR1YmUtbm9jb29raWUuY29tL2VtYmVkL2VSTkV2NmhYbkhVIiB3aWR0aD0iNjQwIiBoZWlnaHQ9IjM2MCIgZnJhbWVib3JkZXI9IjAiIGFsbG93ZnVsbHNjcmVlbj0iYWxsb3dmdWxsc2NyZWVuIj48L2lmcmFtZT4=\">\n<div class=\"brlbs-cmpnt-cb-preset-c brlbs-cmpnt-cb-youtube\">\n<div class=\"brlbs-cmpnt-cb-thumbnail\" style=\"background-image: url('https:\/\/herzogtum-direkt.de\/wp-content\/uploads\/borlabs-cookie\/1\/yt_eRNEv6hXnHU_hqdefault.jpg')\"><\/div>\n<div class=\"brlbs-cmpnt-cb-main\">\n<div class=\"brlbs-cmpnt-cb-play-button\"><\/div>\n<div class=\"brlbs-cmpnt-cb-content\">\n<p class=\"brlbs-cmpnt-cb-description\">Sie sehen gerade einen Platzhalterinhalt von <strong>YouTube<\/strong>. Um auf den eigentlichen Inhalt zuzugreifen, klicken Sie auf die Schaltfl\u00e4che unten. Bitte beachten Sie, dass dabei Daten an Drittanbieter weitergegeben werden.<\/p>\n<p> <a class=\"brlbs-cmpnt-cb-provider-toggle\" href=\"#\" data-borlabs-cookie-show-provider-information role=\"button\">Mehr Informationen<\/a> <\/div>\n<div class=\"brlbs-cmpnt-cb-buttons\"> <a class=\"brlbs-cmpnt-cb-btn\" href=\"#\" data-borlabs-cookie-unblock role=\"button\">Inhalt entsperren<\/a> <a class=\"brlbs-cmpnt-cb-btn\" href=\"#\" data-borlabs-cookie-accept-service role=\"button\" style=\"display: inherit\">Erforderlichen Service akzeptieren und Inhalte entsperren<\/a> <\/div><\/div><\/div>\n<\/div>\n<p>Das gro\u00dfe Finale der Altstadtfest-Er\u00f6ffnungszeremonie sollte dann der Anstich eines Fasses \u201aM\u00f6llner Lauke\u2018 sein. Mit den Worten \u201eDabei kann man sich nur blamieren\u201c wollte Wiegels diese Aufgabe dieses Jahr lieber dem st\u00e4dtischen Narren \u00fcberlassen. Doch als ob er die folgende Panne ahnte, lehnte Till diese Ehre dankend ab. In 2017 schaffte Wiegels es noch souver\u00e4n den Zapfhahn einzuschlagen. Dieses mal hatte er Pech. Was folgte, war eine Bierdusche \u2013 ein Missgeschick, dass sicher Eingang ins Notizbuch des Ratzeburger B\u00fcrgervorstehers f\u00fcr kommende Geschenkideen finden wird.<\/p>\n<div style='display:none' class=\"jeg_preview_slider gallery_1\" data-selector='gallery_1'>\n                        <div class=\"jeg_preview_holder\">\n                            <div class=\"jeg_preview_media\">\n                        <div class=\"jeg_preview_media_holder\">\n                            <h3><\/h3>\n                            <div class=\"fullscreen-switch\">\n                                <i class=\"fa\"><\/i>\n                            <\/div>\n                            <div class=\"jeg_preview_media_content\">\n                                <div class=\"jeg_preview_media_content_holder_padding\">\n                                    <div class=\"jeg_preview_media_content_holder\"><\/div>\n                                <\/div>\n                                <div class=\"jeg_preview_media_content_navigation\">\n                                    <div class=\"prev\">\n\t\t\t\t\t\t\t\t\t\t<i class=\"fa\"><\/i>\n\t\t\t\t\t\t\t\t\t<\/div>\n                                    <div class=\"next\">\n\t\t\t\t\t\t\t\t\t\t<i class=\"fa\"><\/i>\n\t\t\t\t\t\t\t\t\t<\/div>\n                                <\/div>\n                                <div class='preview-slider-overlay'>\n                                    <div class='preloader_type preloader_dot'>\n                                        <div class=\"module-preloader jeg_preloader dot\">\n                                            <span><\/span><span><\/span><span><\/span>\n                                        <\/div>\n                                        <div class=\"module-preloader jeg_preloader circle\">\n                                            <div class=\"jnews_preloader_circle_outer\">\n                                                <div class=\"jnews_preloader_circle_inner\"><\/div>\n                                            <\/div>\n                                        <\/div>\n                                        <div class=\"module-preloader jeg_preloader square\">\n                                            <div class=\"jeg_square\">\n                                                <div class=\"jeg_square_inner\"><\/div>\n                                            <\/div>\n                                        <\/div>\n                                    <\/div>\n                                <\/div>\n                            <\/div>\n                            <div class=\"jeg_preview_control\">\n                                <div class=\"left_control\">\n                                    <div class=\"counter\"><span class=\"current\">1<\/span> von  9<\/div>\n                                    <div class=\"subtitle\"><\/div>\n                                <\/div>\n                                <div class=\"zoom\">\n                                    <span class=\"reduce\">-<\/span>\n                                    <span class=\"increase\">+<\/span>\n                                <\/div>\n                            <\/div>\n                        <\/div>\n                    <\/div>\n\n                    <div class=\"jeg_preview_bottom_slider\">\n                        <a data-id=\"0\" data-title=\"Die M\u00f6llner Sch\u00fctzengilde 2018 auf dem Weg zum Marktplatz. Foto: Anders\" data-image=\"https:\/\/herzogtum-direkt.de\/wp-content\/uploads\/2018\/09\/Altstadtfest-M\u00f6lln-2018-Sch\u00fctzen.jpg\" href=\"https:\/\/herzogtum-direkt.de\/wp-content\/uploads\/2018\/09\/Altstadtfest-M\u00f6lln-2018-Sch\u00fctzen.jpg\" class=\"jeg_preview_item active\">\n                            <div class=\"jeg_preview_item_thumbnail\">\n                                <img decoding=\"async\" width=\"120\" height=\"86\" src=\"https:\/\/herzogtum-direkt.de\/wp-content\/uploads\/2018\/09\/Altstadtfest-M\u00f6lln-2018-Sch\u00fctzen-120x86.jpg\" class=\"attachment-jnews-120x86 size-jnews-120x86\" alt=\"\" srcset=\"https:\/\/herzogtum-direkt.de\/wp-content\/uploads\/2018\/09\/Altstadtfest-M\u00f6lln-2018-Sch\u00fctzen-120x86.jpg 120w, https:\/\/herzogtum-direkt.de\/wp-content\/uploads\/2018\/09\/Altstadtfest-M\u00f6lln-2018-Sch\u00fctzen-324x235.jpg 324w, https:\/\/herzogtum-direkt.de\/wp-content\/uploads\/2018\/09\/Altstadtfest-M\u00f6lln-2018-Sch\u00fctzen-350x250.jpg 350w\" sizes=\"(max-width: 120px) 100vw, 120px\" data-full-width=\"1000\" data-full-height=\"667\" \/>\n                            <\/div>\n                        <\/a><a data-id=\"1\" data-title=\"Die M\u00f6llner Sch\u00fctzengilde nimmt Aufstellung auf dem M\u00f6llner Marktplatz. Foto: Anders\" data-image=\"https:\/\/herzogtum-direkt.de\/wp-content\/uploads\/2018\/09\/Altstadtfest-M\u00f6lln-2018-Sch\u00fctzengilde.jpg\" href=\"https:\/\/herzogtum-direkt.de\/wp-content\/uploads\/2018\/09\/Altstadtfest-M\u00f6lln-2018-Sch\u00fctzengilde.jpg\" class=\"jeg_preview_item \">\n                            <div class=\"jeg_preview_item_thumbnail\">\n                                <img decoding=\"async\" width=\"120\" height=\"86\" src=\"https:\/\/herzogtum-direkt.de\/wp-content\/uploads\/2018\/09\/Altstadtfest-M\u00f6lln-2018-Sch\u00fctzengilde-120x86.jpg\" class=\"attachment-jnews-120x86 size-jnews-120x86\" alt=\"\" srcset=\"https:\/\/herzogtum-direkt.de\/wp-content\/uploads\/2018\/09\/Altstadtfest-M\u00f6lln-2018-Sch\u00fctzengilde-120x86.jpg 120w, https:\/\/herzogtum-direkt.de\/wp-content\/uploads\/2018\/09\/Altstadtfest-M\u00f6lln-2018-Sch\u00fctzengilde-324x235.jpg 324w\" sizes=\"(max-width: 120px) 100vw, 120px\" data-full-width=\"1000\" data-full-height=\"667\" \/>\n                            <\/div>\n                        <\/a><a data-id=\"2\" data-title=\"Ines Mahnke, Gesch\u00e4ftsf\u00fchrerin vom Lebenshilfewerk M\u00f6lln-Hagenow, begr\u00fc\u00dft alle G\u00e4ste auf dem 'Markt der Begegnungen'. Foto: Anders\" data-image=\"https:\/\/herzogtum-direkt.de\/wp-content\/uploads\/2018\/09\/Altstadtfest-M\u00f6lln-2018-Mahnke.jpg\" href=\"https:\/\/herzogtum-direkt.de\/wp-content\/uploads\/2018\/09\/Altstadtfest-M\u00f6lln-2018-Mahnke.jpg\" class=\"jeg_preview_item \">\n                            <div class=\"jeg_preview_item_thumbnail\">\n                                <img decoding=\"async\" width=\"120\" height=\"86\" src=\"https:\/\/herzogtum-direkt.de\/wp-content\/uploads\/2018\/09\/Altstadtfest-M\u00f6lln-2018-Mahnke-120x86.jpg\" class=\"attachment-jnews-120x86 size-jnews-120x86\" alt=\"\" srcset=\"https:\/\/herzogtum-direkt.de\/wp-content\/uploads\/2018\/09\/Altstadtfest-M\u00f6lln-2018-Mahnke-120x86.jpg 120w, https:\/\/herzogtum-direkt.de\/wp-content\/uploads\/2018\/09\/Altstadtfest-M\u00f6lln-2018-Mahnke-324x235.jpg 324w\" sizes=\"(max-width: 120px) 100vw, 120px\" data-full-width=\"1000\" data-full-height=\"667\" \/>\n                            <\/div>\n                        <\/a><a data-id=\"3\" data-title=\"Noch sieht alles gut aus: B\u00fcrgermeister Jan Wiegels beim Fassanstich der 'M\u00f6llner Lauke'. Foto: Anders\" data-image=\"https:\/\/herzogtum-direkt.de\/wp-content\/uploads\/2018\/09\/Altstadtfest-M\u00f6lln-2018-Fass01.jpg\" href=\"https:\/\/herzogtum-direkt.de\/wp-content\/uploads\/2018\/09\/Altstadtfest-M\u00f6lln-2018-Fass01.jpg\" class=\"jeg_preview_item \">\n                            <div class=\"jeg_preview_item_thumbnail\">\n                                <img loading=\"lazy\" decoding=\"async\" width=\"120\" height=\"86\" src=\"https:\/\/herzogtum-direkt.de\/wp-content\/uploads\/2018\/09\/Altstadtfest-M\u00f6lln-2018-Fass01-120x86.jpg\" class=\"attachment-jnews-120x86 size-jnews-120x86\" alt=\"\" srcset=\"https:\/\/herzogtum-direkt.de\/wp-content\/uploads\/2018\/09\/Altstadtfest-M\u00f6lln-2018-Fass01-120x86.jpg 120w, https:\/\/herzogtum-direkt.de\/wp-content\/uploads\/2018\/09\/Altstadtfest-M\u00f6lln-2018-Fass01-324x235.jpg 324w\" sizes=\"(max-width: 120px) 100vw, 120px\" data-full-width=\"1000\" data-full-height=\"667\" \/>\n                            <\/div>\n                        <\/a><a data-id=\"4\" data-title=\"'Da kann man sich nur blamieren' unkte Wiegels noch zuvor. Foto: Anders\" data-image=\"https:\/\/herzogtum-direkt.de\/wp-content\/uploads\/2018\/09\/Altstadtfest-M\u00f6lln-2018-Fass02.jpg\" href=\"https:\/\/herzogtum-direkt.de\/wp-content\/uploads\/2018\/09\/Altstadtfest-M\u00f6lln-2018-Fass02.jpg\" class=\"jeg_preview_item \">\n                            <div class=\"jeg_preview_item_thumbnail\">\n                                <img loading=\"lazy\" decoding=\"async\" width=\"120\" height=\"86\" src=\"https:\/\/herzogtum-direkt.de\/wp-content\/uploads\/2018\/09\/Altstadtfest-M\u00f6lln-2018-Fass02-120x86.jpg\" class=\"attachment-jnews-120x86 size-jnews-120x86\" alt=\"\" srcset=\"https:\/\/herzogtum-direkt.de\/wp-content\/uploads\/2018\/09\/Altstadtfest-M\u00f6lln-2018-Fass02-120x86.jpg 120w, https:\/\/herzogtum-direkt.de\/wp-content\/uploads\/2018\/09\/Altstadtfest-M\u00f6lln-2018-Fass02-324x235.jpg 324w\" sizes=\"(max-width: 120px) 100vw, 120px\" data-full-width=\"1000\" data-full-height=\"667\" \/>\n                            <\/div>\n                        <\/a><a data-id=\"5\" data-title=\"Der Zapfhahn wollte einfach nicht rein. Foto: Anders\" data-image=\"https:\/\/herzogtum-direkt.de\/wp-content\/uploads\/2018\/09\/Altstadtfest-M\u00f6lln-2018-Fass03.jpg\" href=\"https:\/\/herzogtum-direkt.de\/wp-content\/uploads\/2018\/09\/Altstadtfest-M\u00f6lln-2018-Fass03.jpg\" class=\"jeg_preview_item \">\n                            <div class=\"jeg_preview_item_thumbnail\">\n                                <img loading=\"lazy\" decoding=\"async\" width=\"120\" height=\"86\" src=\"https:\/\/herzogtum-direkt.de\/wp-content\/uploads\/2018\/09\/Altstadtfest-M\u00f6lln-2018-Fass03-120x86.jpg\" class=\"attachment-jnews-120x86 size-jnews-120x86\" alt=\"\" srcset=\"https:\/\/herzogtum-direkt.de\/wp-content\/uploads\/2018\/09\/Altstadtfest-M\u00f6lln-2018-Fass03-120x86.jpg 120w, https:\/\/herzogtum-direkt.de\/wp-content\/uploads\/2018\/09\/Altstadtfest-M\u00f6lln-2018-Fass03-324x235.jpg 324w\" sizes=\"(max-width: 120px) 100vw, 120px\" data-full-width=\"1000\" data-full-height=\"667\" \/>\n                            <\/div>\n                        <\/a><a data-id=\"6\" data-title=\"Till rettet, was zu retten ist. Foto: Anders\" data-image=\"https:\/\/herzogtum-direkt.de\/wp-content\/uploads\/2018\/09\/Altstadtfest-M\u00f6lln-2018-Fass04.jpg\" href=\"https:\/\/herzogtum-direkt.de\/wp-content\/uploads\/2018\/09\/Altstadtfest-M\u00f6lln-2018-Fass04.jpg\" class=\"jeg_preview_item \">\n                            <div class=\"jeg_preview_item_thumbnail\">\n                                <img loading=\"lazy\" decoding=\"async\" width=\"120\" height=\"86\" src=\"https:\/\/herzogtum-direkt.de\/wp-content\/uploads\/2018\/09\/Altstadtfest-M\u00f6lln-2018-Fass04-120x86.jpg\" class=\"attachment-jnews-120x86 size-jnews-120x86\" alt=\"\" srcset=\"https:\/\/herzogtum-direkt.de\/wp-content\/uploads\/2018\/09\/Altstadtfest-M\u00f6lln-2018-Fass04-120x86.jpg 120w, https:\/\/herzogtum-direkt.de\/wp-content\/uploads\/2018\/09\/Altstadtfest-M\u00f6lln-2018-Fass04-324x235.jpg 324w\" sizes=\"(max-width: 120px) 100vw, 120px\" data-full-width=\"1000\" data-full-height=\"667\" \/>\n                            <\/div>\n                        <\/a><a data-id=\"7\" data-title=\"Von der Hand in den Mund: 'M\u00f6llner Lauke' schmeckt zur Not auch ohne Glas. Foto: Anders\" data-image=\"https:\/\/herzogtum-direkt.de\/wp-content\/uploads\/2018\/09\/Altstadtfest-M\u00f6lln-2018-Fass05.jpg\" href=\"https:\/\/herzogtum-direkt.de\/wp-content\/uploads\/2018\/09\/Altstadtfest-M\u00f6lln-2018-Fass05.jpg\" class=\"jeg_preview_item \">\n                            <div class=\"jeg_preview_item_thumbnail\">\n                                <img loading=\"lazy\" decoding=\"async\" width=\"120\" height=\"86\" src=\"https:\/\/herzogtum-direkt.de\/wp-content\/uploads\/2018\/09\/Altstadtfest-M\u00f6lln-2018-Fass05-120x86.jpg\" class=\"attachment-jnews-120x86 size-jnews-120x86\" alt=\"\" srcset=\"https:\/\/herzogtum-direkt.de\/wp-content\/uploads\/2018\/09\/Altstadtfest-M\u00f6lln-2018-Fass05-120x86.jpg 120w, https:\/\/herzogtum-direkt.de\/wp-content\/uploads\/2018\/09\/Altstadtfest-M\u00f6lln-2018-Fass05-324x235.jpg 324w\" sizes=\"(max-width: 120px) 100vw, 120px\" data-full-width=\"1000\" data-full-height=\"667\" \/>\n                            <\/div>\n                        <\/a><a data-id=\"8\" data-title=\"Am Ende blieb aber f\u00fcr jeden noch ein Schluck zum Ansto\u00dfen \u00fcbrig: (v.li.) Ratzeburgs B\u00fcrgermeister Rainer Vo\u00df, LHW-Gesch\u00e4ftsf\u00fchrerin Ines Mahnke, B\u00fcrgermeister Jan Wiegels, CDU-Landtagsabgeordnete Andrea Tschacher, Kreispr\u00e4sident Meinhard F\u00fcllner, Till Eulenspiegel, Hagenows B\u00fcrgermeisterThomas M\u00f6ller und M\u00f6llns B\u00fcrgervorsteher Jan Frederik Schlie. Foto: Anders\" data-image=\"https:\/\/herzogtum-direkt.de\/wp-content\/uploads\/2018\/09\/Altstadtfest-M\u00f6lln-2018-Prost.jpg\" href=\"https:\/\/herzogtum-direkt.de\/wp-content\/uploads\/2018\/09\/Altstadtfest-M\u00f6lln-2018-Prost.jpg\" class=\"jeg_preview_item \">\n                            <div class=\"jeg_preview_item_thumbnail\">\n                                <img loading=\"lazy\" decoding=\"async\" width=\"120\" height=\"86\" src=\"https:\/\/herzogtum-direkt.de\/wp-content\/uploads\/2018\/09\/Altstadtfest-M\u00f6lln-2018-Prost-120x86.jpg\" class=\"attachment-jnews-120x86 size-jnews-120x86\" alt=\"\" srcset=\"https:\/\/herzogtum-direkt.de\/wp-content\/uploads\/2018\/09\/Altstadtfest-M\u00f6lln-2018-Prost-120x86.jpg 120w, https:\/\/herzogtum-direkt.de\/wp-content\/uploads\/2018\/09\/Altstadtfest-M\u00f6lln-2018-Prost-324x235.jpg 324w\" sizes=\"(max-width: 120px) 100vw, 120px\" data-full-width=\"1000\" data-full-height=\"667\" \/>\n                            <\/div>\n                        <\/a>\n                    <\/div>\n                        <\/div>\n                        <div class=\"jeg_preview_description\">\n                            \n                            <div class=\"jeg_preview_description_wrapper\">\n                            \n                            <\/div>\n                        <\/div>\n                        <script>\n                            var gallery_1 = {\n                                rtl: false,\n                                native_zoom: false,\n                                zoom_max: 5,\n                                zoom_step: 40,\n                                image_sequence: [{\"src\":\"https:\\\/\\\/herzogtum-direkt.de\\\/wp-content\\\/uploads\\\/2018\\\/09\\\/Altstadtfest-M\\u00f6lln-2018-Sch\\u00fctzen.jpg\",\"w\":1000,\"h\":667,\"title\":\"Die M\\u00f6llner Sch\\u00fctzengilde 2018 auf dem Weg zum Marktplatz. Foto: Anders\"},{\"src\":\"https:\\\/\\\/herzogtum-direkt.de\\\/wp-content\\\/uploads\\\/2018\\\/09\\\/Altstadtfest-M\\u00f6lln-2018-Sch\\u00fctzengilde.jpg\",\"w\":1000,\"h\":667,\"title\":\"Die M\\u00f6llner Sch\\u00fctzengilde nimmt Aufstellung auf dem M\\u00f6llner Marktplatz. Foto: Anders\"},{\"src\":\"https:\\\/\\\/herzogtum-direkt.de\\\/wp-content\\\/uploads\\\/2018\\\/09\\\/Altstadtfest-M\\u00f6lln-2018-Mahnke.jpg\",\"w\":1000,\"h\":667,\"title\":\"Ines Mahnke, Gesch\\u00e4ftsf\\u00fchrerin vom Lebenshilfewerk M\\u00f6lln-Hagenow, begr\\u00fc\\u00dft alle G\\u00e4ste auf dem 'Markt der Begegnungen'. Foto: Anders\"},{\"src\":\"https:\\\/\\\/herzogtum-direkt.de\\\/wp-content\\\/uploads\\\/2018\\\/09\\\/Altstadtfest-M\\u00f6lln-2018-Fass01.jpg\",\"w\":1000,\"h\":667,\"title\":\"Noch sieht alles gut aus: B\\u00fcrgermeister Jan Wiegels beim Fassanstich der 'M\\u00f6llner Lauke'. Foto: Anders\"},{\"src\":\"https:\\\/\\\/herzogtum-direkt.de\\\/wp-content\\\/uploads\\\/2018\\\/09\\\/Altstadtfest-M\\u00f6lln-2018-Fass02.jpg\",\"w\":1000,\"h\":667,\"title\":\"'Da kann man sich nur blamieren' unkte Wiegels noch zuvor. Foto: Anders\"},{\"src\":\"https:\\\/\\\/herzogtum-direkt.de\\\/wp-content\\\/uploads\\\/2018\\\/09\\\/Altstadtfest-M\\u00f6lln-2018-Fass03.jpg\",\"w\":1000,\"h\":667,\"title\":\"Der Zapfhahn wollte einfach nicht rein. Foto: Anders\"},{\"src\":\"https:\\\/\\\/herzogtum-direkt.de\\\/wp-content\\\/uploads\\\/2018\\\/09\\\/Altstadtfest-M\\u00f6lln-2018-Fass04.jpg\",\"w\":1000,\"h\":667,\"title\":\"Till rettet, was zu retten ist. Foto: Anders\"},{\"src\":\"https:\\\/\\\/herzogtum-direkt.de\\\/wp-content\\\/uploads\\\/2018\\\/09\\\/Altstadtfest-M\\u00f6lln-2018-Fass05.jpg\",\"w\":1000,\"h\":667,\"title\":\"Von der Hand in den Mund: 'M\\u00f6llner Lauke' schmeckt zur Not auch ohne Glas. Foto: Anders\"},{\"src\":\"https:\\\/\\\/herzogtum-direkt.de\\\/wp-content\\\/uploads\\\/2018\\\/09\\\/Altstadtfest-M\\u00f6lln-2018-Prost.jpg\",\"w\":1000,\"h\":667,\"title\":\"Am Ende blieb aber f\\u00fcr jeden noch ein Schluck zum Ansto\\u00dfen \\u00fcbrig: (v.li.) Ratzeburgs B\\u00fcrgermeister Rainer Vo\\u00df, LHW-Gesch\\u00e4ftsf\\u00fchrerin Ines Mahnke, B\\u00fcrgermeister Jan Wiegels, CDU-Landtagsabgeordnete Andrea Tschacher, Kreispr\\u00e4sident Meinhard F\\u00fcllner, Till Eulenspiegel, Hagenows B\\u00fcrgermeisterThomas M\\u00f6ller und M\\u00f6llns B\\u00fcrgervorsteher Jan Frederik Schlie. Foto: Anders\"}]\n                            };\n                        <\/script>\n                    <\/div>\n","protected":false},"excerpt":{"rendered":"<p>M\u00f6lln (aa). Das M\u00f6llner Altstadtfest 2018 ist er\u00f6ffnet. Am Freitagabend (31. August) gab B\u00fcrgermeister Jan Wiegels den offiziellen Startschuss f\u00fcr die dreit\u00e4gigen Feierlichkeiten. Nach dem Aufmarsch der M\u00f6llner Sch\u00fctzengilde und bevor der B\u00fcrgermeister das Mikrofon zur Hand nahm, war es erst noch an Till Eulenspiegel das Wort an alle Anwesenden zu richten. M\u00f6llns hauptamtlicher Narr [&hellip;]<\/p>\n","protected":false},"author":6,"featured_media":6646,"comment_status":"open","ping_status":"closed","sticky":false,"template":"","format":"standard","meta":{"jnews-multi-image_gallery":[],"jnews_single_post":[],"jnews_primary_category":[],"jnews_social_meta":[],"jnews_override_counter":[],"jnews_post_split":[],"footnotes":""},"categories":[63,66,2],"tags":[1326],"class_list":["post-6640","post","type-post","status-publish","format-standard","has-post-thumbnail","hentry","category-herzogtum-lauenburg","category-moelln","category-startseite","tag-altstadtfest-moelln"],"_links":{"self":[{"href":"https:\/\/herzogtum-direkt.de\/index.php\/wp-json\/wp\/v2\/posts\/6640","targetHints":{"allow":["GET"]}}],"collection":[{"href":"https:\/\/herzogtum-direkt.de\/index.php\/wp-json\/wp\/v2\/posts"}],"about":[{"href":"https:\/\/herzogtum-direkt.de\/index.php\/wp-json\/wp\/v2\/types\/post"}],"author":[{"embeddable":true,"href":"https:\/\/herzogtum-direkt.de\/index.php\/wp-json\/wp\/v2\/users\/6"}],"replies":[{"embeddable":true,"href":"https:\/\/herzogtum-direkt.de\/index.php\/wp-json\/wp\/v2\/comments?post=6640"}],"version-history":[{"count":3,"href":"https:\/\/herzogtum-direkt.de\/index.php\/wp-json\/wp\/v2\/posts\/6640\/revisions"}],"predecessor-version":[{"id":6658,"href":"https:\/\/herzogtum-direkt.de\/index.php\/wp-json\/wp\/v2\/posts\/6640\/revisions\/6658"}],"wp:featuredmedia":[{"embeddable":true,"href":"https:\/\/herzogtum-direkt.de\/index.php\/wp-json\/wp\/v2\/media\/6646"}],"wp:attachment":[{"href":"https:\/\/herzogtum-direkt.de\/index.php\/wp-json\/wp\/v2\/media?parent=6640"}],"wp:term":[{"taxonomy":"category","embeddable":true,"href":"https:\/\/herzogtum-direkt.de\/index.php\/wp-json\/wp\/v2\/categories?post=6640"},{"taxonomy":"post_tag","embeddable":true,"href":"https:\/\/herzogtum-direkt.de\/index.php\/wp-json\/wp\/v2\/tags?post=6640"}],"curies":[{"name":"wp","href":"https:\/\/api.w.org\/{rel}","templated":true}]}}