{"id":65926,"date":"2024-10-26T06:20:00","date_gmt":"2024-10-26T04:20:00","guid":{"rendered":"https:\/\/herzogtum-direkt.de\/?p=65926"},"modified":"2024-10-24T08:24:47","modified_gmt":"2024-10-24T06:24:47","slug":"stadtverwaltung-geesthacht-beteiligt-sich-mit-einem-stand-an-der-berufsmesse","status":"publish","type":"post","link":"https:\/\/herzogtum-direkt.de\/index.php\/2024\/10\/26\/stadtverwaltung-geesthacht-beteiligt-sich-mit-einem-stand-an-der-berufsmesse\/","title":{"rendered":"Stadtverwaltung Geesthacht beteiligt sich mit einem Stand an der Berufsmesse"},"content":{"rendered":"\n<p><strong>Geesthacht (pm).<\/strong> Die Stadtverwaltung Geesthacht sucht weiterhin eigenen Nachwuchs und beteiligte sich aus diesem Grund mit einem Stand an der Berufsmesse \u201e\u00dcberflieger\u201c in der Alfred-Nobel-Schule. Dort gab es am Donnerstag f\u00fcr die zahlreichen jungen Besucherinnen und Besucher reichlich Informationen \u00fcber Ausbildungsberufe in der Region \u2013 auch \u00fcber die bei der Stadt Geesthacht.<\/p>\n\n\n\n<p>Bei der Geesthachter Stadtverwaltung werden regelm\u00e4\u00dfig Ausbildungspl\u00e4tze f\u00fcr Verwaltungsfachangestellte, Umwelttechnologen f\u00fcr Abwasserbewirtschaftung, Stra\u00dfenw\u00e4rter und Fachangestellte f\u00fcr Medien- und Informationsdienste sowie Fachinformatiker in der Fachrichtung Systemintegration angeboten. Dar\u00fcber hinaus ist ein Duales Bachelor-Studium im Bereich \u201ePublic Administration\u201c oder aber auch im Bereich \u201cSoziale Arbeit\u201d sowie eine Praxisintegrierte Ausbildung f\u00fcr Erzieher m\u00f6glich. Fragen zum Ausbildungsangebot der Stadt beantworteten am Messestand neben der Fachdienstleitung Personal Alexandra Gro\u00df und Ausbildungsleiterin Stefanie Petersen auch die aktuellen Auszubildenden sowie Kolleginnen und Kollegen, die k\u00fcrzlich ihre Ausbildung beendet hatten.<\/p>\n\n\n\n<p>\u201eAktuell sind wir gerade wieder in der Ausschreibungsphase f\u00fcr das kommende Ausbildungsjahr. Aus diesem Grund war es uns besonders wichtig, bei der Berufsmesse hier in Geesthacht mit einem eigenen Stand pr\u00e4sent zu sein\u201c, erkl\u00e4rt Stefanie Petersen, die eigenverantwortlich die Messevorbereitungen organisiert hat. \u201eWir hoffen, dass wir so vielleicht wieder zahlreiche Bewerbungen auf die Stellen bekommen und so alle Ausbildungsstellen gut besetzen k\u00f6nnen. In den Gespr\u00e4chen, die wir an diesem Tag gef\u00fchrt haben, gab es viele interessierte Jugendliche\u201c, freut sich die Ausbildungsleiterin nun auf zahlreiche Interessenten.<\/p>\n\n\n\n<p>Wer die Ausbildung erfolgreich absolviert, hat vielf\u00e4ltige M\u00f6glichkeiten, sich weiterzuentwickeln. Zudem gibt es gute Aufstiegsm\u00f6glichkeiten. \u201eDie Stadt bildet selber aus und bietet ihren Nachwuchskr\u00e4ften einen Einblick und Weiterbildungsm\u00f6glichkeiten. Die Stadt Geesthacht als Arbeitgeber bietet gute M\u00f6glichkeiten zur Vereinbarung von Familie und Beruf\u201c, betont Alexandra Gro\u00df mit Hinweis darauf, dass die Arbeitszeit flexibel und familienfreundlich, auch unter Einbeziehung von Homeoffice, gestaltet werden kann. \u201eEin gutes Personalentwicklungskonzept verbunden mit individueller F\u00f6rderung, Gesundheitsmanagement, betrieblicher Altersvorsorge und die M\u00f6glichkeit der Inanspruchnahme zum Beispiel des Jobtickets runden das Bild der Stadt Geesthacht als attraktiver Arbeitgeber ab\u201c, sagt die Leiterin des Fachdienstes Personal.<\/p>\n\n\n\n<p>Wer mehr \u00fcber die verschiedenen Ausbildungsberufe und die aktuellen Ausschreibungen erfahren m\u00f6chte, findet weitere Informationen unter&nbsp;<a href=\"https:\/\/www.geesthacht.de\/Rathaus-\/Ausbildung-bei-der-Stadt\/%20\" target=\"_blank\" rel=\"noreferrer noopener\">https:\/\/www.geesthacht.de\/Rathaus-\/Ausbildung-bei-der-Stadt\/<\/a><\/p>\n","protected":false},"excerpt":{"rendered":"<p>Geesthacht (pm). Die Stadtverwaltung Geesthacht sucht weiterhin eigenen Nachwuchs und beteiligte sich aus diesem Grund mit einem Stand an der Berufsmesse \u201e\u00dcberflieger\u201c in der Alfred-Nobel-Schule. Dort gab es am Donnerstag f\u00fcr die zahlreichen jungen Besucherinnen und Besucher reichlich Informationen \u00fcber Ausbildungsberufe in der Region \u2013 auch \u00fcber die bei der Stadt Geesthacht. Bei der Geesthachter [&hellip;]<\/p>\n","protected":false},"author":49,"featured_media":65927,"comment_status":"closed","ping_status":"closed","sticky":false,"template":"","format":"standard","meta":{"jnews-multi-image_gallery":[],"jnews_single_post":[],"jnews_primary_category":[],"jnews_social_meta":[],"jnews_override_counter":[],"jnews_post_split":[],"footnotes":""},"categories":[2625,63,74],"tags":[697,249],"class_list":["post-65926","post","type-post","status-publish","format-standard","has-post-thumbnail","hentry","category-geesthacht","category-herzogtum-lauenburg","category-jugend-direkt","tag-ausbildung","tag-geesthacht"],"_links":{"self":[{"href":"https:\/\/herzogtum-direkt.de\/index.php\/wp-json\/wp\/v2\/posts\/65926","targetHints":{"allow":["GET"]}}],"collection":[{"href":"https:\/\/herzogtum-direkt.de\/index.php\/wp-json\/wp\/v2\/posts"}],"about":[{"href":"https:\/\/herzogtum-direkt.de\/index.php\/wp-json\/wp\/v2\/types\/post"}],"author":[{"embeddable":true,"href":"https:\/\/herzogtum-direkt.de\/index.php\/wp-json\/wp\/v2\/users\/49"}],"replies":[{"embeddable":true,"href":"https:\/\/herzogtum-direkt.de\/index.php\/wp-json\/wp\/v2\/comments?post=65926"}],"version-history":[{"count":1,"href":"https:\/\/herzogtum-direkt.de\/index.php\/wp-json\/wp\/v2\/posts\/65926\/revisions"}],"predecessor-version":[{"id":65928,"href":"https:\/\/herzogtum-direkt.de\/index.php\/wp-json\/wp\/v2\/posts\/65926\/revisions\/65928"}],"wp:featuredmedia":[{"embeddable":true,"href":"https:\/\/herzogtum-direkt.de\/index.php\/wp-json\/wp\/v2\/media\/65927"}],"wp:attachment":[{"href":"https:\/\/herzogtum-direkt.de\/index.php\/wp-json\/wp\/v2\/media?parent=65926"}],"wp:term":[{"taxonomy":"category","embeddable":true,"href":"https:\/\/herzogtum-direkt.de\/index.php\/wp-json\/wp\/v2\/categories?post=65926"},{"taxonomy":"post_tag","embeddable":true,"href":"https:\/\/herzogtum-direkt.de\/index.php\/wp-json\/wp\/v2\/tags?post=65926"}],"curies":[{"name":"wp","href":"https:\/\/api.w.org\/{rel}","templated":true}]}}