{"id":65789,"date":"2024-10-22T06:17:00","date_gmt":"2024-10-22T04:17:00","guid":{"rendered":"https:\/\/herzogtum-direkt.de\/?p=65789"},"modified":"2024-10-21T12:23:06","modified_gmt":"2024-10-21T10:23:06","slug":"gefahren-und-chancen-fuer-unsere-demokratie","status":"publish","type":"post","link":"https:\/\/herzogtum-direkt.de\/index.php\/2024\/10\/22\/gefahren-und-chancen-fuer-unsere-demokratie\/","title":{"rendered":"\u201aGefahren und Chancen f\u00fcr unsere Demokratie\u2018"},"content":{"rendered":"\n<p><strong>Lauenburg (pm). <\/strong>Im Rahmen der Veranstaltung \u201eTag und Nacht der Demokratie\u201c am Sonnabend, 9. November in Lauenburg veranstaltetet der Lauenburger Ortsverband der Gr\u00fcnen eine Podiumsdiskussion. Die Veranstaltung findet statt am 9. November im K\u00fcnstlerhaus, Elbstrasse 54 von 14-16 Uhr.<\/p>\n\n\n<div class=\"wp-block-image is-style-rounded\">\n<figure class=\"aligncenter size-full is-resized\"><img fetchpriority=\"high\" decoding=\"async\" width=\"1000\" height=\"879\" src=\"https:\/\/herzogtum-direkt.de\/wp-content\/uploads\/2024\/10\/Jan-Kuerschner-Diskussion-Lauenburg-2024-hfr.jpg\" alt=\"\" class=\"wp-image-65790\" style=\"width:472px;height:auto\" srcset=\"https:\/\/herzogtum-direkt.de\/wp-content\/uploads\/2024\/10\/Jan-Kuerschner-Diskussion-Lauenburg-2024-hfr.jpg 1000w, https:\/\/herzogtum-direkt.de\/wp-content\/uploads\/2024\/10\/Jan-Kuerschner-Diskussion-Lauenburg-2024-hfr-300x264.jpg 300w, https:\/\/herzogtum-direkt.de\/wp-content\/uploads\/2024\/10\/Jan-Kuerschner-Diskussion-Lauenburg-2024-hfr-768x675.jpg 768w, https:\/\/herzogtum-direkt.de\/wp-content\/uploads\/2024\/10\/Jan-Kuerschner-Diskussion-Lauenburg-2024-hfr-750x659.jpg 750w\" sizes=\"(max-width: 1000px) 100vw, 1000px\" \/><figcaption class=\"wp-element-caption\">Jan K\u00fcrschner, innen- und rechtspolitischer Sprecher der Gr\u00fcnen Landtagsfraktion. Foto: hfr<\/figcaption><\/figure>\n<\/div>\n\n\n<p>Unter dem Titel Gefahren und Chancen f\u00fcr unsere Demokratie, diskutieren und informieren Professor Dr. Eva Gro\u00df, Professorin f\u00fcr Kriminologie an der Fachhochschule der Akademie der Polizei Hamburg und Jan K\u00fcrschner, innen- und rechtspolitischer Sprecher der Gr\u00fcnen Landtagsfraktion. Moderiert wird die Diskussion von der gr\u00fcnen Landtagsabgeordneten Uta R\u00f6pcke.<\/p>\n","protected":false},"excerpt":{"rendered":"<p>Lauenburg (pm). Im Rahmen der Veranstaltung \u201eTag und Nacht der Demokratie\u201c am Sonnabend, 9. November in Lauenburg veranstaltetet der Lauenburger Ortsverband der Gr\u00fcnen eine Podiumsdiskussion. Die Veranstaltung findet statt am 9. November im K\u00fcnstlerhaus, Elbstrasse 54 von 14-16 Uhr. Unter dem Titel Gefahren und Chancen f\u00fcr unsere Demokratie, diskutieren und informieren Professor Dr. Eva Gro\u00df, [&hellip;]<\/p>\n","protected":false},"author":2,"featured_media":59837,"comment_status":"closed","ping_status":"closed","sticky":false,"template":"","format":"standard","meta":{"jnews-multi-image_gallery":[],"jnews_single_post":{"format":"standard","override":[{"template":"1","parallax":"1","fullscreen":"1","layout":"right-sidebar","sidebar":"default-sidebar","second_sidebar":"default-sidebar","sticky_sidebar":"1","share_position":"top","share_float_style":"share-monocrhome","show_view_counter":"1","show_featured":"1","show_post_meta":"1","show_post_author":"1","show_post_author_image":"1","show_post_date":"1","post_date_format":"default","post_date_format_custom":"Y\/m\/d","post_reading_time_wpm":"300","post_calculate_word_method":"str_word_count","show_zoom_button":"0","zoom_button_out_step":"2","zoom_button_in_step":"3","show_post_tag":"1","show_popup_post":"1","number_popup_post":"1","show_author_box":"1","show_post_related":"1","show_inline_post_related":"0"}],"image_override":[{"single_post_thumbnail_size":"crop-500","single_post_gallery_size":"crop-500"}],"trending_post_position":"meta","trending_post_label":"Trending","sponsored_post_label":"Sponsored by","disable_ad":"0","subtitle":"Podiumsdiskussion und Information"},"jnews_primary_category":[],"jnews_social_meta":[],"jnews_override_counter":{"view_counter_number":"0","share_counter_number":"0","like_counter_number":"0","dislike_counter_number":"0"},"jnews_post_split":{"post_split":[{"template":"1","tag":"h2","numbering":"asc","mode":"normal","first":"0","enable_toc":"0","toc_type":"normal"}]},"footnotes":""},"categories":[94,63,2626],"tags":[144,3921,3825],"class_list":["post-65789","post","type-post","status-publish","format-standard","has-post-thumbnail","hentry","category-deutschland","category-herzogtum-lauenburg","category-lauenburg","tag-buendnis-90-die-gruene","tag-podiumsdiskussion","tag-stadt-lauenburg"],"_links":{"self":[{"href":"https:\/\/herzogtum-direkt.de\/index.php\/wp-json\/wp\/v2\/posts\/65789","targetHints":{"allow":["GET"]}}],"collection":[{"href":"https:\/\/herzogtum-direkt.de\/index.php\/wp-json\/wp\/v2\/posts"}],"about":[{"href":"https:\/\/herzogtum-direkt.de\/index.php\/wp-json\/wp\/v2\/types\/post"}],"author":[{"embeddable":true,"href":"https:\/\/herzogtum-direkt.de\/index.php\/wp-json\/wp\/v2\/users\/2"}],"replies":[{"embeddable":true,"href":"https:\/\/herzogtum-direkt.de\/index.php\/wp-json\/wp\/v2\/comments?post=65789"}],"version-history":[{"count":1,"href":"https:\/\/herzogtum-direkt.de\/index.php\/wp-json\/wp\/v2\/posts\/65789\/revisions"}],"predecessor-version":[{"id":65791,"href":"https:\/\/herzogtum-direkt.de\/index.php\/wp-json\/wp\/v2\/posts\/65789\/revisions\/65791"}],"wp:featuredmedia":[{"embeddable":true,"href":"https:\/\/herzogtum-direkt.de\/index.php\/wp-json\/wp\/v2\/media\/59837"}],"wp:attachment":[{"href":"https:\/\/herzogtum-direkt.de\/index.php\/wp-json\/wp\/v2\/media?parent=65789"}],"wp:term":[{"taxonomy":"category","embeddable":true,"href":"https:\/\/herzogtum-direkt.de\/index.php\/wp-json\/wp\/v2\/categories?post=65789"},{"taxonomy":"post_tag","embeddable":true,"href":"https:\/\/herzogtum-direkt.de\/index.php\/wp-json\/wp\/v2\/tags?post=65789"}],"curies":[{"name":"wp","href":"https:\/\/api.w.org\/{rel}","templated":true}]}}