{"id":65731,"date":"2024-10-18T13:07:22","date_gmt":"2024-10-18T11:07:22","guid":{"rendered":"https:\/\/herzogtum-direkt.de\/?p=65731"},"modified":"2024-10-18T13:07:22","modified_gmt":"2024-10-18T11:07:22","slug":"sondersitzung-zum-krankenhaus-geesthacht","status":"publish","type":"post","link":"https:\/\/herzogtum-direkt.de\/index.php\/2024\/10\/18\/sondersitzung-zum-krankenhaus-geesthacht\/","title":{"rendered":"Sondersitzung zum Krankenhaus Geesthacht"},"content":{"rendered":"\n<p><strong>Geesthacht (pm).<\/strong> Zur Sondersitzung des Sozialausschuss am Donnerstag, 17. Oktober 2024 zum Krankenhaus Geesthacht sagen der gesundheitspolitische Sprecher der Landtagsfraktion von B\u00fcndnis 90\/Die Gr\u00fcnen,\u00a0Jasper Balke, und\u00a0Oliver Brandt, regionaler Landtagsabgeordneter und zust\u00e4ndig f\u00fcr den Kreis Herzogtum Lauenburg:<\/p>\n\n\n\n<p>&#8222;Die heutige Anh\u00f6rung hat gezeigt, wie wichtig es war, die Sondersitzung zu beantragen und die betroffenen Akteure im Sozialausschuss des Landtages zu h\u00f6ren. Herr Denkhaus und Herr Vaasen standen den Abgeordneten als Insolvenzverwalter beziehungsweise Gesch\u00e4ftsf\u00fchrer Rede und Antwort, um \u00fcber die aktuelle Situation zur Insolvenz der ehemaligen Johanniter-Einrichtungen in Geesthacht berichten zu k\u00f6nnen.<\/p>\n\n\n\n<p>Die Johanniter sind als Eigent\u00fcmer raus, wollen sich aus Schleswig-Holstein zur\u00fcckziehen und die Insolvenzverwalter sind mittendrin im Prozess. Bis Ende Oktober k\u00f6nnen indikative Angebote von interessierten Tr\u00e4gern eingereicht werden. Dann pr\u00fcft der Gl\u00e4ubigerausschuss und die verbleibenden Bieter erhalten detaillierte Informationen, um bis Ende November ein konkretes Angebot zur \u00dcbernahme abgeben zu k\u00f6nnen.<\/p>\n\n\n\n<p>Nach M\u00f6glichkeit soll es bis Weihnachten &#8211; oder zumindest Jahresende \u2013 Klarheit geben und ein Vertragsabschluss stattfinden. Sehr erfreulich ist, dass die interne Kommunikation gut zu laufen scheint und die Mitarbeitenden dem Krankenhaus solidarisch die Stange halten. Auch die Geh\u00e4lter der Besch\u00e4ftigten sind nach Aussage der Insolvenzverwalter gesichert.<\/p>\n\n\n\n<p>Wir freuen uns \u00fcber die Aussagen, dass Psychiatrie und Geriatrie wirtschaftlich arbeiten und deren Weiterbetrieb auf dieser Grundlage auch f\u00fcr die Zukunft gesichert erscheint. Bedenkenswert ist, dass auch das Ministerium und B\u00fcrgermeister Schulze erst im Rahmen dieser \u00f6ffentlichen Sitzung wertvolle Informationen erhalten haben. Es scheint so, als m\u00fcssten viele kommunikative und Management-Vers\u00e4umnisse aus der Vergangenheit noch intensiv aufgearbeitet werden. Wir hoffen sehr, dass dies nun strukturiert und in guter Zusammenarbeit zwischen Ministerium und regionalen Akteuren stattfindet. Insbesondere die Besch\u00e4ftigten und Menschen vor Ort brauchen nun eine klare Perspektive f\u00fcr die Gesundheitsversorgung in der Region.&#8220;<\/p>\n","protected":false},"excerpt":{"rendered":"<p>Geesthacht (pm). Zur Sondersitzung des Sozialausschuss am Donnerstag, 17. Oktober 2024 zum Krankenhaus Geesthacht sagen der gesundheitspolitische Sprecher der Landtagsfraktion von B\u00fcndnis 90\/Die Gr\u00fcnen,\u00a0Jasper Balke, und\u00a0Oliver Brandt, regionaler Landtagsabgeordneter und zust\u00e4ndig f\u00fcr den Kreis Herzogtum Lauenburg: &#8222;Die heutige Anh\u00f6rung hat gezeigt, wie wichtig es war, die Sondersitzung zu beantragen und die betroffenen Akteure im Sozialausschuss [&hellip;]<\/p>\n","protected":false},"author":2,"featured_media":34504,"comment_status":"closed","ping_status":"closed","sticky":false,"template":"","format":"standard","meta":{"jnews-multi-image_gallery":[],"jnews_single_post":{"format":"standard","override":[{"template":"1","parallax":"1","fullscreen":"1","layout":"right-sidebar","sidebar":"default-sidebar","second_sidebar":"default-sidebar","sticky_sidebar":"1","share_position":"top","share_float_style":"share-monocrhome","show_view_counter":"1","show_featured":"1","show_post_meta":"1","show_post_author":"1","show_post_author_image":"1","show_post_date":"1","post_date_format":"default","post_date_format_custom":"Y\/m\/d","post_reading_time_wpm":"300","post_calculate_word_method":"str_word_count","show_zoom_button":"0","zoom_button_out_step":"2","zoom_button_in_step":"3","show_post_tag":"1","show_popup_post":"1","number_popup_post":"1","show_author_box":"1","show_post_related":"1","show_inline_post_related":"0"}],"image_override":[{"single_post_thumbnail_size":"crop-500","single_post_gallery_size":"crop-500"}],"trending_post_position":"meta","trending_post_label":"Trending","sponsored_post_label":"Sponsored by","disable_ad":"0","subtitle":"'Die Menschen vor Ort brauchen eine klare Perspektive f\u00fcr die Gesundheitsversorgung in der Region'"},"jnews_primary_category":[],"jnews_social_meta":[],"jnews_override_counter":{"view_counter_number":"0","share_counter_number":"0","like_counter_number":"0","dislike_counter_number":"0"},"jnews_post_split":{"post_split":[{"template":"1","tag":"h2","numbering":"asc","mode":"normal","first":"0","enable_toc":"0","toc_type":"normal"}]},"footnotes":""},"categories":[2625,75,63],"tags":[249,2859,2981],"class_list":["post-65731","post","type-post","status-publish","format-standard","has-post-thumbnail","hentry","category-geesthacht","category-gesundheit","category-herzogtum-lauenburg","tag-geesthacht","tag-insolvenz","tag-johanniter-krankenhaus-geesthacht"],"_links":{"self":[{"href":"https:\/\/herzogtum-direkt.de\/index.php\/wp-json\/wp\/v2\/posts\/65731","targetHints":{"allow":["GET"]}}],"collection":[{"href":"https:\/\/herzogtum-direkt.de\/index.php\/wp-json\/wp\/v2\/posts"}],"about":[{"href":"https:\/\/herzogtum-direkt.de\/index.php\/wp-json\/wp\/v2\/types\/post"}],"author":[{"embeddable":true,"href":"https:\/\/herzogtum-direkt.de\/index.php\/wp-json\/wp\/v2\/users\/2"}],"replies":[{"embeddable":true,"href":"https:\/\/herzogtum-direkt.de\/index.php\/wp-json\/wp\/v2\/comments?post=65731"}],"version-history":[{"count":3,"href":"https:\/\/herzogtum-direkt.de\/index.php\/wp-json\/wp\/v2\/posts\/65731\/revisions"}],"predecessor-version":[{"id":65734,"href":"https:\/\/herzogtum-direkt.de\/index.php\/wp-json\/wp\/v2\/posts\/65731\/revisions\/65734"}],"wp:featuredmedia":[{"embeddable":true,"href":"https:\/\/herzogtum-direkt.de\/index.php\/wp-json\/wp\/v2\/media\/34504"}],"wp:attachment":[{"href":"https:\/\/herzogtum-direkt.de\/index.php\/wp-json\/wp\/v2\/media?parent=65731"}],"wp:term":[{"taxonomy":"category","embeddable":true,"href":"https:\/\/herzogtum-direkt.de\/index.php\/wp-json\/wp\/v2\/categories?post=65731"},{"taxonomy":"post_tag","embeddable":true,"href":"https:\/\/herzogtum-direkt.de\/index.php\/wp-json\/wp\/v2\/tags?post=65731"}],"curies":[{"name":"wp","href":"https:\/\/api.w.org\/{rel}","templated":true}]}}