{"id":65416,"date":"2024-10-11T06:18:00","date_gmt":"2024-10-11T04:18:00","guid":{"rendered":"https:\/\/herzogtum-direkt.de\/?p=65416"},"modified":"2024-10-09T09:20:07","modified_gmt":"2024-10-09T07:20:07","slug":"allen-grund-zum-feiern-am-schulzentrum-buechen","status":"publish","type":"post","link":"https:\/\/herzogtum-direkt.de\/index.php\/2024\/10\/11\/allen-grund-zum-feiern-am-schulzentrum-buechen\/","title":{"rendered":"Allen Grund zum Feiern am Schulzentrum B\u00fcchen"},"content":{"rendered":"\n<p><strong>B\u00fcchen (pm).<\/strong> Zu einem \u201eTag der offenen T\u00fcr&#8220; hatte das Schulzentrum B\u00fcchen eingeladen und zahlreiche G\u00e4ste waren der Einladung gefolgt. Gr\u00fcnde zum Feiern gab es gleich mehrere: Erweiterung der Grund- und Gemeinschaftsschule, die Erweiterung der Mensa und 20 Jahre Offene Ganztagsschule B\u00fcchen. Neben den Schulleitungen und der Kreispr\u00e4sidentin Anja Harloff, waren auch Schulr\u00e4tin Gesine Weinhold und Schulrat Michael Harder zu Gast, ebenso wie viele Vertreterinnen und Vertreter der am Bau beteiligten Gewerke, der heimischen Politik, Vereine und nat\u00fcrlich die Kinder mit ihren Eltern und Gro\u00dfeltern. B\u00fcchens Schulverbandsvorsteher Holger-Peter Reimer erkl\u00e4rte in seiner Ansprache, dass die Erweiterung des Schulzentrums im Jahr 2020 beschlossen wurde. \u201eDie damals 12 und nunmehr 14 Gemeinden des Schulverbandes B\u00fcchen, stemmten das ehrgeizige Projekt der Erweiterung, der Grund- und Gemeinschaftsschule! Grund f\u00fcr das Mammutprojekt war die Prognose des Schulentwicklungsplans, wonach die Sch\u00fclerzahlen in der Grundschule und auch in der Gemeinschaftsschule in den kommenden Jahren kontinuierlich steigen werden.<\/p>\n\n\n\n<p>Der Schulverband B\u00fcchen als Tr\u00e4ger der Schule am Steinautal (Grundschule) sowie der Friedegart-Belusa-Gemeinschaftsschule mit gymnasialer Oberstufe, hatte im Jahr 2020 die Erweiterung des Schulzentrums beschlossen. Obwohl diese Investitionen finanziell schwierig f\u00fcr einzelne Schulverbandsgemeinden sind, war man sich gemeinsam einig, dass den Kindern und Jugendlichen ein Optimum an schulischer Ausbildung geboten werden m\u00fcsse. Somit legte man am 25. Oktober 2022 den Grundstein f\u00fcr den Erweiterungsbau. Mit dem heutigen Abschluss der baulichen Investitionen, insbesondere f\u00fcr eine gr\u00f6\u00dfere Mensa, sowie neuen Klassen-, Gruppen- und Fachr\u00e4umen im Schulzentrum, sind wir hoffentlich zukunftssicher aufgestellt. Die Bildungslandschaft in der Gemeinde und im Amt B\u00fcchen wird zuk\u00fcnftig \u00fcber den schulischen Betrieb hinaus bereichert durch das Angebot der Offenen Ganztagsschule B\u00fcchen. Zur Mittagszeit k\u00f6nnen die Sch\u00fclerinnen und Sch\u00fcler aller Altersklassen die schuleigene Mensa nutzen. Das sind derzeit \u00fcber 200 Essen t\u00e4glich&#8220;, so Reimer. Der Schulverbandsvorsteher dankte allen am Baubeteiligten bevor er mit Architekt Halgurd Awat Ahmad eine Platte mit der Jahreszahl in dem Neubau einmauerte. Im Anschluss konnten sich alle G\u00e4ste ein Bild von dem modernen Schulzentrum in B\u00fcchen machen und genossen ein buntes Programm, das bis in den fr\u00fchen Abend andauerte.<\/p>\n\n\n\n<p><\/p>\n","protected":false},"excerpt":{"rendered":"<p>B\u00fcchen (pm). Zu einem \u201eTag der offenen T\u00fcr&#8220; hatte das Schulzentrum B\u00fcchen eingeladen und zahlreiche G\u00e4ste waren der Einladung gefolgt. Gr\u00fcnde zum Feiern gab es gleich mehrere: Erweiterung der Grund- und Gemeinschaftsschule, die Erweiterung der Mensa und 20 Jahre Offene Ganztagsschule B\u00fcchen. Neben den Schulleitungen und der Kreispr\u00e4sidentin Anja Harloff, waren auch Schulr\u00e4tin Gesine Weinhold [&hellip;]<\/p>\n","protected":false},"author":2,"featured_media":65417,"comment_status":"closed","ping_status":"closed","sticky":false,"template":"","format":"standard","meta":{"jnews-multi-image_gallery":[],"jnews_single_post":[],"jnews_primary_category":[],"jnews_social_meta":[],"jnews_override_counter":[],"jnews_post_split":[],"footnotes":""},"categories":[2650,63],"tags":[141],"class_list":["post-65416","post","type-post","status-publish","format-standard","has-post-thumbnail","hentry","category-buechen","category-herzogtum-lauenburg","tag-buechen"],"_links":{"self":[{"href":"https:\/\/herzogtum-direkt.de\/index.php\/wp-json\/wp\/v2\/posts\/65416","targetHints":{"allow":["GET"]}}],"collection":[{"href":"https:\/\/herzogtum-direkt.de\/index.php\/wp-json\/wp\/v2\/posts"}],"about":[{"href":"https:\/\/herzogtum-direkt.de\/index.php\/wp-json\/wp\/v2\/types\/post"}],"author":[{"embeddable":true,"href":"https:\/\/herzogtum-direkt.de\/index.php\/wp-json\/wp\/v2\/users\/2"}],"replies":[{"embeddable":true,"href":"https:\/\/herzogtum-direkt.de\/index.php\/wp-json\/wp\/v2\/comments?post=65416"}],"version-history":[{"count":1,"href":"https:\/\/herzogtum-direkt.de\/index.php\/wp-json\/wp\/v2\/posts\/65416\/revisions"}],"predecessor-version":[{"id":65418,"href":"https:\/\/herzogtum-direkt.de\/index.php\/wp-json\/wp\/v2\/posts\/65416\/revisions\/65418"}],"wp:featuredmedia":[{"embeddable":true,"href":"https:\/\/herzogtum-direkt.de\/index.php\/wp-json\/wp\/v2\/media\/65417"}],"wp:attachment":[{"href":"https:\/\/herzogtum-direkt.de\/index.php\/wp-json\/wp\/v2\/media?parent=65416"}],"wp:term":[{"taxonomy":"category","embeddable":true,"href":"https:\/\/herzogtum-direkt.de\/index.php\/wp-json\/wp\/v2\/categories?post=65416"},{"taxonomy":"post_tag","embeddable":true,"href":"https:\/\/herzogtum-direkt.de\/index.php\/wp-json\/wp\/v2\/tags?post=65416"}],"curies":[{"name":"wp","href":"https:\/\/api.w.org\/{rel}","templated":true}]}}